{"id":15598,"date":"2026-04-09T06:29:00","date_gmt":"2026-04-09T10:29:00","guid":{"rendered":"https:\/\/ermdigital.com\/index.php\/2026\/04\/09\/sofia-vergara-en-anuncio-de-omerta-nuevo-disco-de-j-balvin\/"},"modified":"2026-04-09T06:29:00","modified_gmt":"2026-04-09T10:29:00","slug":"sofia-vergara-en-anuncio-de-omerta-nuevo-disco-de-j-balvin","status":"publish","type":"post","link":"https:\/\/ermdigital.com\/?p=15598","title":{"rendered":"Sof\u00eda Vergara en anuncio de \"Omerta\", nuevo disco de J Balvin"},"content":{"rendered":"<p>El colombiano <strong>J Balvin<\/strong> anunci\u00f3 este jueves el <strong>lanzamiento<\/strong> de <em><strong>Omerta<\/strong><\/em>, su primer \u00e1lbum colaborativo con <strong>Ryan Castro<\/strong>, previsto para el pr\u00f3ximo 7 de mayo, con un adelanto audiovisual de est\u00e9tica cinematogr\u00e1fica protagonizado por la actriz <strong>Sof\u00eda Vergara<\/strong>.<\/p>\n<p>El anuncio llega acompa\u00f1ado de un <strong>video<\/strong> publicado en redes sociales que funciona como anticipo del sencillo <em><strong>Omerta<\/strong><\/em>, en el que tambi\u00e9n participan el rapero estadounidense <strong>Eladio Carri\u00f3n<\/strong> y la esposa de Balvin, la modelo argentina <strong>Valentina Ferrer<\/strong>.<\/p>\n<p>La pieza, construida con c\u00f3digos visuales del <strong>cine de mafia<\/strong> como <strong>trajes elegantes<\/strong>, tensi\u00f3n narrativa y simbolismo, es como un relato \"de culebr\u00f3n\" tradicional de la televisi\u00f3n colombiana por su tono dram\u00e1tico y su <strong>estructura por cap\u00edtulos<\/strong>, seg\u00fan un comunicado de su equipo de prensa.<\/p>\n<div class=\"social-embed mb-4\">\n<blockquote class=\"instagram-media\" data-instgrm-permalink=\"https:\/\/www.instagram.com\/reel\/DW48ID3RdQp\/?utm_source=ig_embed&amp;utm_campaign=loading\" data-instgrm-version=\"14\">\n<div> <a href=\"https:\/\/www.instagram.com\/reel\/DW48ID3RdQp\/?utm_source=ig_embed&amp;utm_campaign=loading\" target=\"_blank\" title=\"       Ver esta publicaci\u00f3n en Instagram            \" rel=\"nofollow noopener noreferrer\"> <\/p>\n<div>\n<div><\/div>\n<div>\n<div><\/div>\n<div><\/div>\n<\/div>\n<\/div>\n<div><\/div>\n<div><\/div>\n<div>\n<div>Ver esta publicaci\u00f3n en Instagram<\/div>\n<\/div>\n<div><\/div>\n<div>\n<div>\n<div><\/div>\n<div><\/div>\n<div><\/div>\n<\/div>\n<div>\n<div><\/div>\n<div><\/div>\n<\/div>\n<div>\n<div><\/div>\n<div><\/div>\n<div><\/div>\n<\/div>\n<\/div>\n<div>\n<div><\/div>\n<div><\/div>\n<\/div>\n<p><\/a><\/p>\n<p><a href=\"https:\/\/www.instagram.com\/reel\/DW48ID3RdQp\/?utm_source=ig_embed&amp;utm_campaign=loading\" target=\"_blank\" title=\"Una publicaci\u00f3n compartida de RYAN CASTRO (@ryancastrro)\" rel=\"nofollow noopener noreferrer\">Una publicaci\u00f3n compartida de RYAN CASTRO (@ryancastrro)<\/a><\/p>\n<\/div>\n<\/blockquote>\n<div class=\"lazyload\" data-script=\"https:\/\/www.instagram.com\/embed.js\"><\/div>\n<\/div>\n<p><em><strong>Omert\u00e1<\/strong><\/em> es una palabra que significa <strong>silencio<\/strong> en el c\u00f3digo de honor siciliano y es el t\u00edtulo de una novela del escritor <strong>Mario Puzo<\/strong>, autor del cl\u00e1sico <em>El padrino<\/em>.<\/p>\n<p>El videoclip tambi\u00e9n cuenta con la participaci\u00f3n del actor colombiano <strong>Marlon Moreno<\/strong>, conocido por su papel de narcotraficante en <em><strong>El Capo<\/strong><\/em> (2009), en una propuesta que refuerza el car\u00e1cter narrativo del proyecto y su inspiraci\u00f3n en universos audiovisuales asociados al crimen y el poder.<\/p>\n<p>Seg\u00fan el material promocional del \u00e1lbum, <em><strong>Omerta<\/strong><\/em> contar\u00e1 con diez temas y colaboraciones con artistas como <strong>DJ Snake<\/strong> y el propio Carri\u00f3n, y lo presentan como un proyecto inspirado en valores como la <strong>lealtad<\/strong>, el respeto y la familia.<\/p>\n<p>El trabajo, concebido como una <strong>obra conceptual<\/strong>, se ha desarrollado durante <strong>meses<\/strong> a trav\u00e9s de una serie de lanzamientos y <strong>pistas visuales<\/strong> en redes sociales, con s\u00edmbolos y mensajes que anticipaban la llegada del proyecto.<\/p>\n<p>Publicaciones anteriores como <em><strong>Tonto<\/strong><\/em> y <em><strong>Pal agua<\/strong><\/em> han sido algunos de los sencillos lanzados en los \u00faltimos <strong>meses<\/strong> como adelanto del \u00e1lbum, con una <strong>narrativa interconectada<\/strong> en la que cada pieza audiovisual funciona como un cap\u00edtulo de una historia mayor.<\/p>\n<p>Para Balvin, el \u00e1lbum marca su <strong>regreso<\/strong> a un formato conceptual tras un periodo de \"<strong>exploraci\u00f3n personal<\/strong> y musical\", mientras avanza con su <strong>gira de estadios<\/strong> en Colombia, con espect\u00e1culos de larga duraci\u00f3n en los que invita a figuras del g\u00e9nero urbano.<\/p>\n<h2>M\u00e1s<\/h2>\n<ul>\n<li>Hasta ahora, el artista ha presentado su <em><strong>Ciudad Primavera<\/strong> <\/em>en <strong>Medell\u00edn<\/strong>, Bogot\u00e1, Cali y Pereira, y tiene previstas <strong>fechas en C\u00facuta<\/strong>, Bucaramanga, Barranquilla y Cartagena durante los pr\u00f3ximos dos <strong>meses<\/strong>.<\/li>\n<\/ul>\n<article class=\"border-t border-b py-5 mb-5 component nota-incrustada\">    <span class=\"block mb-2\"><strong>Te puede interesar<\/strong><\/span>                <\/p>\n<h2><a href=\"https:\/\/www.diariolibre.com\/revista\/musica\/2026\/01\/01\/j-balvin-y-residente-cierran-2025-con-un-gesto-de-reconciliacion\/3391445?utm_source=relacionadas&amp;utm_medium=nota&amp;utm_campaign=relacionadas\" title=\"J Balvin y Residente cierran el a\u00f1o con un gesto de reconciliaci\u00f3n\">J Balvin y Residente cierran el a\u00f1o con un gesto de reconciliaci\u00f3n<\/a><\/h2>\n<\/article>\n<p><\/p>\n<p>\u200bEl colombiano J Balvin anunci\u00f3 este jueves el lanzamiento de Omerta, su primer \u00e1lbum colaborativo con Ryan Castro, previsto para el pr\u00f3ximo 7 de mayo, con un adelanto audiovisual de est\u00e9tica cinematogr\u00e1fica protagonizado por la actriz Sof\u00eda Vergara.El anuncio llega acompa\u00f1ado de un video publicado en redes sociales que funciona como anticipo del sencillo Omerta, en el que tambi\u00e9n participan el rapero estadounidense Eladio Carri\u00f3n y la esposa de Balvin, la modelo argentina Valentina Ferrer.La pieza, construida con c\u00f3digos visuales del cine de mafia como trajes elegantes, tensi\u00f3n narrativa y simbolismo, es como un relato \"de culebr\u00f3n\" tradicional de la televisi\u00f3n colombiana por su tono dram\u00e1tico y su estructura por cap\u00edtulos, seg\u00fan un comunicado de su equipo de prensa.        Ver esta publicaci\u00f3n en Instagram            Una publicaci\u00f3n compartida de RYAN CASTRO (@ryancastrro) Omert\u00e1 es una palabra que significa silencio en el c\u00f3digo de honor siciliano y es el t\u00edtulo de una novela del escritor Mario Puzo, autor del cl\u00e1sico El padrino.El videoclip tambi\u00e9n cuenta con la participaci\u00f3n del actor colombiano Marlon Moreno, conocido por su papel de narcotraficante en El Capo (2009), en una propuesta que refuerza el car\u00e1cter narrativo del proyecto y su inspiraci\u00f3n en universos audiovisuales asociados al crimen y el poder.Seg\u00fan el material promocional del \u00e1lbum, Omerta contar\u00e1 con diez temas y colaboraciones con artistas como DJ Snake y el propio Carri\u00f3n, y lo presentan como un proyecto inspirado en valores como la lealtad, el respeto y la familia.El trabajo, concebido como una obra conceptual, se ha desarrollado durante meses a trav\u00e9s de una serie de lanzamientos y pistas visuales en redes sociales, con s\u00edmbolos y mensajes que anticipaban la llegada del proyecto.Publicaciones anteriores como Tonto y Pal agua han sido algunos de los sencillos lanzados en los \u00faltimos meses como adelanto del \u00e1lbum, con una narrativa interconectada en la que cada pieza audiovisual funciona como un cap\u00edtulo de una historia mayor.Para Balvin, el \u00e1lbum marca su regreso a un formato conceptual tras un periodo de \"exploraci\u00f3n personal y musical\", mientras avanza con su gira de estadios en Colombia, con espect\u00e1culos de larga duraci\u00f3n en los que invita a figuras del g\u00e9nero urbano.M\u00e1s    Hasta ahora, el artista ha presentado su Ciudad Primavera en Medell\u00edn, Bogot\u00e1, Cali y Pereira, y tiene previstas fechas en C\u00facuta, Bucaramanga, Barranquilla y Cartagena durante los pr\u00f3ximos dos meses.    Te puede interesar                J Balvin y Residente cierran el a\u00f1o con un gesto de reconciliaci\u00f3n\u00a0\u00a0Revista, M\u00fasica, EFE, Bogot\u00e1, J Balvin, Sof\u00eda Vergara, nuevo \u00e1lbum, Ryan Castro, Omerta\u00a0<\/p>\n","protected":false},"excerpt":{"rendered":"<p>El colombiano J Balvin anunci\u00f3 este jueves el lanzamiento de Omerta, su primer \u00e1lbum colaborativo con Ryan Castro, previsto para el pr\u00f3ximo 7 de mayo, con un adelanto audiovisual de est\u00e9tica cinematogr\u00e1fica protagonizado por la actriz Sof\u00eda Vergara. El anuncio llega acompa\u00f1ado de un video publicado en redes sociales que funciona como anticipo del sencillo [&hellip;]<\/p>\n","protected":false},"author":1,"featured_media":15442,"comment_status":"open","ping_status":"open","sticky":false,"template":"","format":"standard","meta":{"amp_status":"","footnotes":""},"categories":[9],"tags":[],"class_list":["post-15598","post","type-post","status-publish","format-standard","has-post-thumbnail","hentry","category-espectaculo"],"_links":{"self":[{"href":"https:\/\/ermdigital.com\/index.php?rest_route=\/wp\/v2\/posts\/15598","targetHints":{"allow":["GET"]}}],"collection":[{"href":"https:\/\/ermdigital.com\/index.php?rest_route=\/wp\/v2\/posts"}],"about":[{"href":"https:\/\/ermdigital.com\/index.php?rest_route=\/wp\/v2\/types\/post"}],"author":[{"embeddable":true,"href":"https:\/\/ermdigital.com\/index.php?rest_route=\/wp\/v2\/users\/1"}],"replies":[{"embeddable":true,"href":"https:\/\/ermdigital.com\/index.php?rest_route=%2Fwp%2Fv2%2Fcomments&post=15598"}],"version-history":[{"count":0,"href":"https:\/\/ermdigital.com\/index.php?rest_route=\/wp\/v2\/posts\/15598\/revisions"}],"wp:featuredmedia":[{"embeddable":true,"href":"https:\/\/ermdigital.com\/index.php?rest_route=\/wp\/v2\/media\/15442"}],"wp:attachment":[{"href":"https:\/\/ermdigital.com\/index.php?rest_route=%2Fwp%2Fv2%2Fmedia&parent=15598"}],"wp:term":[{"taxonomy":"category","embeddable":true,"href":"https:\/\/ermdigital.com\/index.php?rest_route=%2Fwp%2Fv2%2Fcategories&post=15598"},{"taxonomy":"post_tag","embeddable":true,"href":"https:\/\/ermdigital.com\/index.php?rest_route=%2Fwp%2Fv2%2Ftags&post=15598"}],"curies":[{"name":"wp","href":"https:\/\/api.w.org\/{rel}","templated":true}]}}