{"id":15597,"date":"2026-04-09T06:37:00","date_gmt":"2026-04-09T10:37:00","guid":{"rendered":"https:\/\/ermdigital.com\/index.php\/2026\/04\/09\/guillermo-francella-recibira-el-premio-platino-de-honor\/"},"modified":"2026-04-09T06:37:00","modified_gmt":"2026-04-09T10:37:00","slug":"guillermo-francella-recibira-el-premio-platino-de-honor","status":"publish","type":"post","link":"https:\/\/ermdigital.com\/?p=15597","title":{"rendered":"Guillermo Francella recibir\u00e1 el Premio Platino de Honor"},"content":{"rendered":"<p>El actor argentino <strong>Guillermo Francella<\/strong> ser\u00e1 distinguido con el <strong>Premio Platino<\/strong>\u00a0de Honor durante la <strong>XIII edici\u00f3n<\/strong> de los Premios Platino, que se celebrar\u00e1 el pr\u00f3ximo 9 de mayo en el Teatro Gran Tlachco, ubicado en la Riviera Maya.<\/p>\n<p>El reconocimiento destaca su trayectoria en el audiovisual <strong>iberoamericano<\/strong> y su participaci\u00f3n en producciones de <strong>cine<\/strong>, <strong>televisi\u00f3n<\/strong> y teatro a lo largo de <strong>m\u00e1s de cuatro d\u00e9cadas<\/strong>.<\/p>\n<p>En <strong>televisi\u00f3n<\/strong>, Francella form\u00f3 parte de populares comedias argentinas como <strong>Casados con hijos<\/strong>, Pon\u00e9 a Francella y El hombre de tu vida. Su trabajo en este \u00e1mbito le ha valido m\u00faltiples premios Mart\u00edn Fierro, incluido el <strong>Mart\u00edn Fierro de Oro<\/strong> en 2024.<\/p>\n<p>En <strong>cine<\/strong>, particip\u00f3 en t\u00edtulos como <strong>Rudo y Cursi<\/strong>, dirigida por Carlos Cuar\u00f3n, y consolid\u00f3 su reconocimiento internacional con <strong>El secreto de sus ojos<\/strong>, dirigida por Juan Jos\u00e9 Campanella, ganadora del \u00d3scar a mejor pel\u00edcula internacional.<\/p>\n<div class=\"social-embed mb-4\">\n<div class=\"placeholderYoutube\"><\/div>\n<\/div>\n<p>Tambi\u00e9n destac\u00f3 por su papel en <strong>El clan<\/strong>, de <strong>Pablo Trapero<\/strong>, por el que obtuvo el <strong>Premio Platino<\/strong> a Mejor Interpretaci\u00f3n Masculina.<\/p>\n<figure class=\"inline-block\">\n<div class=\"expand-img-placeholder\"><img loading=\"lazy\" decoding=\"async\" src=\"https:\/\/resources.diariolibre.com\/images\/expand.svg\" alt=\"Expandir imagen\" width=\"20\" height=\"20\"><span class=\"rutaimagenoriginal-placeholder\">https:\/\/resources.diariolibre.com\/images\/2026\/04\/09\/guillermo-francella-fa8ddd46.jpg<\/span><\/div>\n<p><img decoding=\"async\" loading=\"lazy\" src=\"https:\/\/resources.diariolibre.com\/images\/2026\/04\/09\/guillermo-francella-fa8ddd46.jpg\" width=\"auto\" height=\"350\" alt=\"Infograf\u00eda\" class=\"mx-auto\"><figcaption><span>Guillermo Francella.<\/span><\/figcaption><\/figure>\n<p>Su filmograf\u00eda reciente incluye <strong>El robo del siglo<\/strong>, Granizo y <strong>La extorsi\u00f3n<\/strong>, adem\u00e1s de la serie El encargado, por la que recibi\u00f3 el <strong>Premio Platino<\/strong> a Mejor Interpretaci\u00f3n Masculina en 2023.<\/p>\n<div class=\"w-full pt-2 float-left inside-related\">    <span class=\"border-b border-black pb-3 mb-4 block\"><strong>RELACIONADAS<\/strong><\/span>                <\/p>\n<article class=\"flex flex-wrap border-b pb-4 mb-3 inline-block\">\n<div class=\"xl:w-2\/12 w-4\/12\">\n<figure class=\"mb-0\">                                                    <a href=\"https:\/\/www.diariolibre.com\/revista\/cultura\/2026\/03\/20\/la-lista-completa-de-nominados-de-los-premios-platino-xcaret-2026\/3476282?utm_source=relacionadas&amp;utm_medium=nota&amp;utm_campaign=relacionadas\" title=\"                                                                                                                            \">                                                                <img decoding=\"async\" loading=\"lazy\" src=\"https:\/\/resources.diariolibre.com\/images\/2026\/03\/20\/la-lista-completa-de-nominados-de-los-premios-platino-xcaret-2026-b790a47b-focus-0-0.34-149-99.jpg\" width=\"149\" height=\"99\" title=\"Premios Platino Xcaret 2026: esta es la lista completa de nominados; \u00bfhay pel\u00edculas dominicanas?\" alt=\"Premios Platino Xcaret 2026: esta es la lista completa de nominados; \u00bfhay pel\u00edculas dominicanas?\" class=\"object-cover\">                                                            <\/a>                                            <\/figure>\n<\/p><\/div>\n<div class=\"xl:w-10\/12 w-8\/12 pl-3\">\n<div class=\"text-md mb-2 meta\">                        <a href=\"https:\/\/www.diariolibre.com\/revista\/cultura\" title=\"Cultura\">Cultura<\/a>                    <\/div>\n<h2><a href=\"https:\/\/www.diariolibre.com\/revista\/cultura\/2026\/03\/20\/la-lista-completa-de-nominados-de-los-premios-platino-xcaret-2026\/3476282?utm_source=relacionadas&amp;utm_medium=nota&amp;utm_campaign=relacionadas\" title=\"Premios Platino Xcaret 2026: esta es la lista completa de nominados; \u00bfhay pel\u00edculas dominicanas?\">Premios Platino Xcaret 2026: esta es la lista completa de nominados; \u00bfhay pel\u00edculas dominicanas?<\/a><\/h2>\n<\/p><\/div>\n<\/article><\/div>\n<h2>M\u00e1s<\/h2>\n<ul>\n<li>Francella sucede en este reconocimiento a figuras como Eva Longoria, Cecilia Roth y Benicio del Toro, entre otros.<\/li>\n<li>La ceremonia forma parte de los Premios Platino, organizados por Egeda y Fipca, con el objetivo de promover la industria audiovisual iberoamericana.<\/li>\n<\/ul>\n<p><\/p>\n<p><\/p>\n<p><\/p>\n<p>\u200bEl actor argentino Guillermo Francella ser\u00e1 distinguido con el Premio Platino\u00a0de Honor durante la XIII edici\u00f3n de los Premios Platino, que se celebrar\u00e1 el pr\u00f3ximo 9 de mayo en el Teatro Gran Tlachco, ubicado en la Riviera Maya.El reconocimiento destaca su trayectoria en el audiovisual iberoamericano y su participaci\u00f3n en producciones de cine, televisi\u00f3n y teatro a lo largo de m\u00e1s de cuatro d\u00e9cadas.En televisi\u00f3n, Francella form\u00f3 parte de populares comedias argentinas como Casados con hijos, Pon\u00e9 a Francella y El hombre de tu vida. Su trabajo en este \u00e1mbito le ha valido m\u00faltiples premios Mart\u00edn Fierro, incluido el Mart\u00edn Fierro de Oro en 2024.En cine, particip\u00f3 en t\u00edtulos como Rudo y Cursi, dirigida por Carlos Cuar\u00f3n, y consolid\u00f3 su reconocimiento internacional con El secreto de sus ojos, dirigida por Juan Jos\u00e9 Campanella, ganadora del \u00d3scar a mejor pel\u00edcula internacional.Tambi\u00e9n destac\u00f3 por su papel en El clan, de Pablo Trapero, por el que obtuvo el Premio Platino a Mejor Interpretaci\u00f3n Masculina.https:\/\/resources.diariolibre.com\/images\/2026\/04\/09\/guillermo-francella-fa8ddd46.jpgGuillermo Francella.Su filmograf\u00eda reciente incluye El robo del siglo, Granizo y La extorsi\u00f3n, adem\u00e1s de la serie El encargado, por la que recibi\u00f3 el Premio Platino a Mejor Interpretaci\u00f3n Masculina en 2023.    RELACIONADAS                                                                                                                                                                                                                                                                                                                                                            Cultura                                        Premios Platino Xcaret 2026: esta es la lista completa de nominados; \u00bfhay pel\u00edculas dominicanas?                                    M\u00e1s    Francella sucede en este reconocimiento a figuras como Eva Longoria, Cecilia Roth y Benicio del Toro, entre otros.    La ceremonia forma parte de los Premios Platino, organizados por Egeda y Fipca, con el objetivo de promover la industria audiovisual iberoamericana.\u00a0\u00a0Revista, Cultura, Diario Libre, Santo Domingo, Cine, Cine iberoamericano, Guillermo Francella recibir\u00e1 el Premio Platino de Honor, Guillermo Francella, Premio Platino de Honor\u00a0<\/p>\n","protected":false},"excerpt":{"rendered":"<p>El actor argentino Guillermo Francella ser\u00e1 distinguido con el Premio Platino\u00a0de Honor durante la XIII edici\u00f3n de los Premios Platino, que se celebrar\u00e1 el pr\u00f3ximo 9 de mayo en el Teatro Gran Tlachco, ubicado en la Riviera Maya. El reconocimiento destaca su trayectoria en el audiovisual iberoamericano y su participaci\u00f3n en producciones de cine, televisi\u00f3n [&hellip;]<\/p>\n","protected":false},"author":1,"featured_media":15440,"comment_status":"open","ping_status":"open","sticky":false,"template":"","format":"standard","meta":{"amp_status":"","footnotes":""},"categories":[9],"tags":[],"class_list":["post-15597","post","type-post","status-publish","format-standard","has-post-thumbnail","hentry","category-espectaculo"],"_links":{"self":[{"href":"https:\/\/ermdigital.com\/index.php?rest_route=\/wp\/v2\/posts\/15597","targetHints":{"allow":["GET"]}}],"collection":[{"href":"https:\/\/ermdigital.com\/index.php?rest_route=\/wp\/v2\/posts"}],"about":[{"href":"https:\/\/ermdigital.com\/index.php?rest_route=\/wp\/v2\/types\/post"}],"author":[{"embeddable":true,"href":"https:\/\/ermdigital.com\/index.php?rest_route=\/wp\/v2\/users\/1"}],"replies":[{"embeddable":true,"href":"https:\/\/ermdigital.com\/index.php?rest_route=%2Fwp%2Fv2%2Fcomments&post=15597"}],"version-history":[{"count":0,"href":"https:\/\/ermdigital.com\/index.php?rest_route=\/wp\/v2\/posts\/15597\/revisions"}],"wp:featuredmedia":[{"embeddable":true,"href":"https:\/\/ermdigital.com\/index.php?rest_route=\/wp\/v2\/media\/15440"}],"wp:attachment":[{"href":"https:\/\/ermdigital.com\/index.php?rest_route=%2Fwp%2Fv2%2Fmedia&parent=15597"}],"wp:term":[{"taxonomy":"category","embeddable":true,"href":"https:\/\/ermdigital.com\/index.php?rest_route=%2Fwp%2Fv2%2Fcategories&post=15597"},{"taxonomy":"post_tag","embeddable":true,"href":"https:\/\/ermdigital.com\/index.php?rest_route=%2Fwp%2Fv2%2Ftags&post=15597"}],"curies":[{"name":"wp","href":"https:\/\/api.w.org\/{rel}","templated":true}]}}