{"id":15576,"date":"2026-04-08T20:01:00","date_gmt":"2026-04-09T00:01:00","guid":{"rendered":"https:\/\/ermdigital.com\/index.php\/2026\/04\/08\/kany-garcia-la-gente-no-se-come-los-cuentos\/"},"modified":"2026-04-08T20:01:00","modified_gmt":"2026-04-09T00:01:00","slug":"kany-garcia-la-gente-no-se-come-los-cuentos","status":"publish","type":"post","link":"https:\/\/ermdigital.com\/?p=15576","title":{"rendered":"Kany Garc\u00eda: \"La gente no se come los cuentos\""},"content":{"rendered":"<p>En tiempos donde la m\u00fasica parece regirse por m\u00e9tricas, tendencias y estrategias calculadas, <strong>Kany Garc\u00eda<\/strong> propone una mirada radicalmente distinta: <strong>crear sin esperar<\/strong>, sin imponerle al arte la carga de un resultado. <\/p>\n<p>Su m\u00e1s reciente producci\u00f3n, \u201c<strong>Puerta abierta<\/strong>\u201d, es testimonio de esa filosof\u00eda, pero tambi\u00e9n de un <strong>momento de plenitud<\/strong> donde la artista se permite habitar su obra con <strong>honestidad absoluta<\/strong>.<\/p>\n<p>\u201cYo disfruto tanto lo que hago que ya para m\u00ed ya estoy recibiendo\u201d, afirma a <em><strong>Diario Libre<\/strong><\/em> con serenidad, desmarc\u00e1ndose de cualquier ansiedad por la recepci\u00f3n del <strong>p\u00fablico<\/strong>. Para Kany, el <strong>proceso creativo<\/strong> no es un medio para alcanzar algo, sino un <strong>fin en s\u00ed mismo<\/strong>. Una <strong>forma de vivir<\/strong>.<\/p>\n<h2>\u00a0\u201c<strong>Crear expectativas<\/strong> es <strong>conflictivo<\/strong>\"<\/h2>\n<figure class=\"my-12 component infografia\">\n<div class=\"expand-img-placeholder\"><img loading=\"lazy\" decoding=\"async\" src=\"https:\/\/resources.diariolibre.com\/images\/expand.svg\" alt=\"Expandir imagen\" width=\"20\" height=\"20\"><span class=\"rutaimagenoriginal-placeholder\">https:\/\/resources.diariolibre.com\/images\/2026\/04\/08\/still-2025-11-12-1149271141-copy-be22919d.jpg<\/span><\/div>\n<p><img decoding=\"async\" loading=\"lazy\" src=\"https:\/\/resources.diariolibre.com\/images\/2026\/04\/08\/still-2025-11-12-1149271141-copy-be22919d.jpg\" width=\"auto\" height=\"350\" alt=\"Infograf\u00eda\" class=\"mx-auto\"><\/figure>\n<p>La artista es enf\u00e1tica al hablar del lugar que ocupan las <strong>expectativas<\/strong> en su <strong>carrera<\/strong>: un espacio cada vez m\u00e1s reducido.<\/p>\n<p>\u201cHe aprendido que en el camino de la m\u00fasica, a veces <strong>crear expectativas<\/strong> es <strong>conflictivo<\/strong>\u201d, reflexiona. \u201cPorque la canci\u00f3n que crees que te va a cambiar la vida, no es esa\u2026 y es otra\u201d.<\/p>\n<p>Lejos de la frustraci\u00f3n, en esa incertidumbre encuentra belleza. La imposibilidad de predecir el destino de una canci\u00f3n le permite abrazar lo <strong>espont\u00e1neo y lo org\u00e1nico<\/strong>. Por eso, al pensar en la recepci\u00f3n del disco, su deseo es tan simple como profundo.<\/p>\n<p>\u201cCon que la gente conecte de la manera en que yo estoy conectando con estas canciones, yo <strong>estoy<\/strong> <strong>contenta<\/strong>\u201d.<\/p>\n<article class=\"border-t border-b py-5 mb-5 component nota-incrustada\">    <span class=\"block mb-2\"><strong>Te puede interesar<\/strong><\/span>                <\/p>\n<h2><a href=\"https:\/\/www.diariolibre.com\/revista\/musica\/2025\/12\/09\/kany-garcia-se-presentara-en-rd-en-2026\/3371998?utm_source=relacionadas&amp;utm_medium=nota&amp;utm_campaign=relacionadas\" title=\"Kany Garc\u00eda se presentar\u00e1 en Rep\u00fablica Dominicana como parte de su gira mundial 2026\">Kany Garc\u00eda se presentar\u00e1 en Rep\u00fablica Dominicana como parte de su gira mundial 2026<\/a><\/h2>\n<h2><a href=\"https:\/\/www.diariolibre.com\/revista\/musica\/2026\/04\/02\/el-esperado-cruce-musical-entre-kany-garcia-y-juan-luis-guerra\/3490132?utm_source=relacionadas&amp;utm_medium=nota&amp;utm_campaign=relacionadas\" title=\"\u201cAmor bonito\u201d: el esperado cruce musical entre Kany Garc\u00eda y Juan Luis Guerra\">\u201cAmor bonito\u201d: el esperado cruce musical entre Kany Garc\u00eda y Juan Luis Guerra<\/a><\/h2>\n<\/article>\n<h2>\u00a0\u201cAqu\u00ed pasa el que quiera\u201d: la met\u00e1fora de una vida sin cerrojos<\/h2>\n<p>El t\u00edtulo \u201c<strong>Puerta abierta<\/strong>\u201d no es casual. Es, en palabras de la propia artista, una <strong>declaraci\u00f3n de principios<\/strong>.<\/p>\n<p>\u201cHoy en d\u00eda es raro tener la <strong>puerta abierta<\/strong>\u2026 siempre hay <strong>desconfianza<\/strong>. Para m\u00ed era una connotaci\u00f3n de: aqu\u00ed pasa el que quiera, aqu\u00ed todo est\u00e1 dicho, aqu\u00ed hay <strong>confianza<\/strong>\u201d.<\/p>\n<p>El \u00e1lbum se convierte as\u00ed en un espacio \u00edntimo donde confluyen su <strong>historia personal<\/strong>, sus influencias musicales y su presente creativo. Un lugar donde el oyente no es un espectador distante, sino un invitado cercano.<\/p>\n<p>\u201cEs un disco que no se hizo desde la estrategia, sino desde un lugar donde ya te sientes <strong>c\u00f3moda<\/strong> con lo que haces y con tu <strong>p\u00fablico<\/strong>\u201d, explica.<\/p>\n<h2>\u00a0El sue\u00f1o cumplido: \u201cLlor\u00e9 cuando escuch\u00e9 su voz\u201d<\/h2>\n<p>Uno de los momentos m\u00e1s conmovedores del \u00e1lbum es la <strong>colaboraci\u00f3n<\/strong> con <strong>Juan Luis Guerra<\/strong> en <a href=\"https:\/\/www.youtube.com\/watch?v=MSFGno4v7_Y\" title=\"\u201cAmor bonito\u201d\" target=\"_blank\" rel=\"nofollow noopener noreferrer\">\u201cAmor bonito\u201d<\/a>. M\u00e1s que un logro profesional, se trata de la materializaci\u00f3n de una <strong>admiraci\u00f3n<\/strong> que ha acompa\u00f1ado a Kany desde su infancia.<\/p>\n<figure class=\"my-12 component infografia\">\n<div class=\"expand-img-placeholder\"><img loading=\"lazy\" decoding=\"async\" src=\"https:\/\/resources.diariolibre.com\/images\/expand.svg\" alt=\"Expandir imagen\" width=\"20\" height=\"20\"><span class=\"rutaimagenoriginal-placeholder\">https:\/\/resources.diariolibre.com\/images\/2026\/04\/08\/66921942217883818125346628321503199530181610n-4b7a8c79.jpg<\/span><\/div>\n<p><img decoding=\"async\" loading=\"lazy\" src=\"https:\/\/resources.diariolibre.com\/images\/2026\/04\/08\/66921942217883818125346628321503199530181610n-4b7a8c79.jpg\" width=\"auto\" height=\"350\" alt=\"Infograf\u00eda\" class=\"mx-auto\"><\/figure>\n<p>\u201c<strong>Juan Luis<\/strong> es un <strong>poeta<\/strong>\u2026 alguien que marc\u00f3 mi manera de escribir, de sentir la m\u00fasica\u201d, confiesa.<\/p>\n<p>Sin embargo, la invitaci\u00f3n no fue inmediata. La <strong>admiraci\u00f3n<\/strong> tambi\u00e9n impon\u00eda distancia. \u201cYo me tard\u00e9 mucho en invitarlo\u2026 uno siente que puede <strong>incomodar<\/strong>\u201d.<\/p>\n<p>Cuando finalmente recibi\u00f3 la canci\u00f3n con la voz del maestro, la <strong>emoci\u00f3n<\/strong> fue inevitable. \u201cLlor\u00e9 tanto\u2026 porque una cosa es imaginarlo y otra es escucharlo. Es impresionante cuando se <strong>materializa<\/strong>\u201d.<\/p>\n<h2>\u201cSoy bien <strong>joseadora<\/strong>\u201d: <strong>disciplina<\/strong> y deseo<\/h2>\n<p>En el terreno profesional, Kany se define con una palabra que aprendi\u00f3 del intercambio cultural caribe\u00f1o: \u201c<strong>joseadora<\/strong>\u201d, en el sentido dominicano de <strong>ir tras lo que se quiere.<\/strong><\/p>\n<p>\u201cSoy bien <strong>disciplinada<\/strong>, muy <strong>persistente<\/strong>. Hay cosas que no se dan al momento, pero hay que seguir ah\u00ed\u201d, afirma.<\/p>\n<p>No obstante, reconoce una dualidad interesante: esa <strong>determinaci\u00f3n<\/strong> convive con cierta <strong>timidez<\/strong> cuando se trata de figuras que admira profundamente. \u201cCon las <strong>colaboraciones<\/strong> soy m\u00e1s t\u00edmida\u2026 quiero que haya respeto, pero tambi\u00e9n espacio para que me digan que no\u201d.<\/p>\n<h2>\u201cLa gente no se come los cuentos\u201d<\/h2>\n<p>En una <strong>industria vol\u00e1til<\/strong>, Kany defiende la <strong>honestidad<\/strong> como eje irrenunciable. \u201cEs bien raro que la <strong>honestidad<\/strong> vaya de la mano con lo que est\u00e1 pasando en la <strong>radio<\/strong>\u201d, admite. Sin embargo, su postura es firme.<\/p>\n<p>\u201cLa gente no se come los cuentos. Sabe cuando algo es <strong>de coraz\u00f3n<\/strong> y cuando es <strong>por tendencia<\/strong>\u201d.<\/p>\n<p>Su <strong>m\u00e9todo creativo<\/strong>, lejos de las f\u00f3rmulas, responde a la <strong>intuici\u00f3n<\/strong>. \u201cYo voy por lo que siento, por cuidar mis letras y por tener <strong>coherencia<\/strong> en lo que digo\u201d.<\/p>\n<h2>\u00a0\u201cHablarle a mi ni\u00f1a fue de lo m\u00e1s dif\u00edcil\u201d<\/h2>\n<figure class=\"my-12 component infografia\">\n<div class=\"expand-img-placeholder\"><img loading=\"lazy\" decoding=\"async\" src=\"https:\/\/resources.diariolibre.com\/images\/expand.svg\" alt=\"Expandir imagen\" width=\"20\" height=\"20\"><span class=\"rutaimagenoriginal-placeholder\">https:\/\/resources.diariolibre.com\/images\/2026\/04\/08\/screen-shot-2026-04-08-at-41340-pm-e9601102.png<\/span><\/div>\n<p><img decoding=\"async\" loading=\"lazy\" src=\"https:\/\/resources.diariolibre.com\/images\/2026\/04\/08\/screen-shot-2026-04-08-at-41340-pm-e9601102.png\" width=\"auto\" height=\"350\" alt=\"Infograf\u00eda\" class=\"mx-auto\"><\/figure>\n<p>Entre las canciones del \u00e1lbum, \u201c<strong>La ni\u00f1a que fui<\/strong>\u201d ocupa un lugar especialmente <strong>vulnerable<\/strong>. \u201c<strong>Escribirle<\/strong> a esa ni\u00f1a\u2026 a esa chamaquita que no sab\u00eda lo que iba a pasar, es fuerte\u201d, reconoce.<\/p>\n<p>El tema se enriquece con un <strong>coro de mujeres<\/strong> no profesionales, una decisi\u00f3n cargada de <strong>simbolismo<\/strong>. \u201cSon mujeres que han vivido cosas duras, que le cantan a su propia ni\u00f1a\u2026 y eso tiene una fuerza bien poderosa\u201d.<\/p>\n<h2>Crear desde la felicidad: un <strong>nuevo desaf\u00edo<\/strong><\/h2>\n<p>Rompiendo con el estereotipo del artista atormentado, Kany se enfrenta a un reto distinto: componer desde la <strong>plenitud<\/strong>. \u201cAntes dec\u00eda que escrib\u00eda mejor triste\u2026 pero llevo mucho tiempo <strong>feliz<\/strong> y tengo que seguir escribiendo\u201d, comenta con <strong>honestidad<\/strong>.<\/p>\n<p>La soluci\u00f3n ha sido ampliar su mirada. \u201cLa <strong>empat\u00eda<\/strong>, <strong>escuchar a otros<\/strong>, ir a los <strong>recuerdos<\/strong>\u2026 eso tambi\u00e9n te da canciones\u201d.<\/p>\n<h2>La <strong>fragilidad<\/strong> detr\u00e1s del <strong>escenario<\/strong><\/h2>\n<p>Pero detr\u00e1s de la serenidad con la que habla de su m\u00fasica, tambi\u00e9n existe una artista que reconoce la <strong>vulnerabilidad<\/strong> de su <strong>oficio<\/strong>. Subirse a un <strong>escenario<\/strong> no siempre significa estar bien, y Kany no lo oculta.<\/p>\n<p>\u201cA veces tienes que subirte triste y dar la cara\u2026 pero lo hablo con mis <strong>m\u00fasicos<\/strong>, les digo que necesito <strong>apoyo<\/strong>\u201d. Esa <strong>fragilidad<\/strong> convive con una conciencia clara del <strong>privilegio<\/strong> que implica su <strong>carrera<\/strong>.<\/p>\n<p>\u201cHay gente que vive cosas mucho m\u00e1s duras y no tiene a nadie que la abrace\u2026 yo s\u00ed lo tengo cuando me subo a un <strong>escenario<\/strong>\u201d. \u201cCuando no siento nada, hay que <strong>parar<\/strong>\u201d<\/p>\n<p>Sobre los l\u00edmites de la <strong>nostalgia<\/strong> y la experimentaci\u00f3n, su criterio es contundente. \u201cCuando escucho algo y est\u00e1 muy bien hecho pero no siento nada\u2026 ese es el <strong>momento de parar<\/strong>\u201d.<\/p>\n<p>Para Kany, la <strong>esencia<\/strong> sigue siendo la misma. \u201cSi una canci\u00f3n con una <strong>guitarra<\/strong> nada m\u00e1s no te mueve, no hay con qu\u00e9\u201d.<\/p>\n<h2>La certeza de lo aut\u00e9ntico<\/h2>\n<figure class=\"my-12 component infografia\">\n<div class=\"expand-img-placeholder\"><img loading=\"lazy\" decoding=\"async\" src=\"https:\/\/resources.diariolibre.com\/images\/expand.svg\" alt=\"Expandir imagen\" width=\"20\" height=\"20\"><span class=\"rutaimagenoriginal-placeholder\">https:\/\/resources.diariolibre.com\/images\/2026\/04\/08\/still-2025-11-12-1149271171-copy-1c9902b4.jpg<\/span><\/div>\n<p><img decoding=\"async\" loading=\"lazy\" src=\"https:\/\/resources.diariolibre.com\/images\/2026\/04\/08\/still-2025-11-12-1149271171-copy-1c9902b4.jpg\" width=\"auto\" height=\"350\" alt=\"Infograf\u00eda\" class=\"mx-auto\"><\/figure>\n<p>En \u201c<strong>Puerta abierta<\/strong>\u201d, <strong>Kany Garc\u00eda<\/strong> <strong>no busca validaci\u00f3n<\/strong> externa ni f\u00f3rmulas de \u00e9xito. Su apuesta es m\u00e1s \u00edntima, pero tambi\u00e9n m\u00e1s arriesgada: <strong>confiar<\/strong> en la <strong>emoci\u00f3n<\/strong> como br\u00fajula. \u201cNo s\u00e9 qu\u00e9 va a pasar\u2026 y eso es lo lindo\u201d, dice.<\/p>\n<p>Porque en un tiempo dominado por <strong>algoritmos<\/strong>, tendencias fugaces y estrategias calculadas, <strong>Kany Garc\u00eda<\/strong> apuesta por algo m\u00e1s dif\u00edcil de sostener: la <strong>honestidad<\/strong>. <\/p>\n<p><strong>Crear sin expectativas<\/strong>, escribir desde la <strong>emoci\u00f3n<\/strong> y <strong>confiar<\/strong> en que, cuando una canci\u00f3n nace desde la <strong>verdad<\/strong>, siempre encuentra su destino.<\/p>\n<div class=\"my-12 component web-insert relative border bg-component\">    <span class=\"text-xl block my-3 component-title glosa\"><strong><b>Regreso a RD en concierto<\/b><\/strong><\/span>    <\/p>\n<p class=\"insert-subtitle\">\n<p>Durante el encuentro, la cantautora puertorrique\u00f1a se mostr\u00f3 emocionada por el concierto que ofrecer\u00e1 el 30 de mayo en el Estadio Quisqueya, como parte de su \u201cKany Garc\u00eda Tour 2026\u201d.<\/p>\n<p>El espect\u00e1culo, producido por el empresario art\u00edstico Gamal Hach\u00e9, marcar\u00e1 el regreso de la multipremiada artista a la Rep\u00fablica Dominicana, tras su \u00faltima presentaci\u00f3n en Altos de Chav\u00f3n. La fecha, adem\u00e1s, coincide con la v\u00edspera del D\u00eda de las Madres, convirtiendo la velada en una opci\u00f3n ideal para celebrar en familia.<\/p>\n<p>El concierto forma parte de una gira mundial que recorrer\u00e1 m\u00e1s de 15 pa\u00edses de Am\u00e9rica Latina y Europa durante 2026, consolid\u00e1ndose como uno de los tours m\u00e1s importantes en su trayectoria art\u00edstica.<\/p>\n<\/div>\n<div class=\"read-more mb-7\">    <span class=\"block mb-2\">Leer m\u00e1s<\/span>    <\/p>\n<ul class=\"glosa\">\n<li>\n<h3><a href=\"https:\/\/www.diariolibre.com\/revista\/musica\/2026\/02\/13\/tierra-mia-de-kany-garcia-destaca-la-cultura-y-sostenibilidad\/3436124?utm_source=relacionadas&amp;utm_medium=nota&amp;utm_campaign=relacionadas\" title=\"Kany Garc\u00eda honra la tierra y destaca a Rep\u00fablica Dominicana\">Kany Garc\u00eda honra la tierra y destaca a Rep\u00fablica Dominicana<\/a><\/h3>\n<\/li>\n<li>\n<h3><a href=\"https:\/\/www.diariolibre.com\/revista\/musica\/2025\/02\/16\/sueno-de-kany-garcia-concierto-en-altos-de-chavon-a-casa-llena\/3000896?utm_source=relacionadas&amp;utm_medium=nota&amp;utm_campaign=relacionadas\" title=\"Kany Garc\u00eda cumple su sue\u00f1o de presentarse en Altos de Chav\u00f3n y lo logra a casa llena\">Kany Garc\u00eda cumple su sue\u00f1o de presentarse en Altos de Chav\u00f3n y lo logra a casa llena<\/a><\/h3>\n<\/li>\n<\/ul>\n<\/div>\n<p><\/p>\n<p><\/p>\n<p>\u200bEn tiempos donde la m\u00fasica parece regirse por m\u00e9tricas, tendencias y estrategias calculadas, Kany Garc\u00eda propone una mirada radicalmente distinta: crear sin esperar, sin imponerle al arte la carga de un resultado. Su m\u00e1s reciente producci\u00f3n, \u201cPuerta abierta\u201d, es testimonio de esa filosof\u00eda, pero tambi\u00e9n de un momento de plenitud donde la artista se permite habitar su obra con honestidad absoluta.\u201cYo disfruto tanto lo que hago que ya para m\u00ed ya estoy recibiendo\u201d, afirma a Diario Libre con serenidad, desmarc\u00e1ndose de cualquier ansiedad por la recepci\u00f3n del p\u00fablico. Para Kany, el proceso creativo no es un medio para alcanzar algo, sino un fin en s\u00ed mismo. Una forma de vivir.\u00a0\u201cCrear expectativas es conflictivo\"https:\/\/resources.diariolibre.com\/images\/2026\/04\/08\/still-2025-11-12-1149271141-copy-be22919d.jpgLa artista es enf\u00e1tica al hablar del lugar que ocupan las expectativas en su carrera: un espacio cada vez m\u00e1s reducido.\u201cHe aprendido que en el camino de la m\u00fasica, a veces crear expectativas es conflictivo\u201d, reflexiona. \u201cPorque la canci\u00f3n que crees que te va a cambiar la vida, no es esa\u2026 y es otra\u201d.Lejos de la frustraci\u00f3n, en esa incertidumbre encuentra belleza. La imposibilidad de predecir el destino de una canci\u00f3n le permite abrazar lo espont\u00e1neo y lo org\u00e1nico. Por eso, al pensar en la recepci\u00f3n del disco, su deseo es tan simple como profundo.\u201cCon que la gente conecte de la manera en que yo estoy conectando con estas canciones, yo estoy contenta\u201d.    Te puede interesar                Kany Garc\u00eda se presentar\u00e1 en Rep\u00fablica Dominicana como parte de su gira mundial 2026                    \u201cAmor bonito\u201d: el esperado cruce musical entre Kany Garc\u00eda y Juan Luis Guerra            \u00a0\u201cAqu\u00ed pasa el que quiera\u201d: la met\u00e1fora de una vida sin cerrojosEl t\u00edtulo \u201cPuerta abierta\u201d no es casual. Es, en palabras de la propia artista, una declaraci\u00f3n de principios.\u201cHoy en d\u00eda es raro tener la puerta abierta\u2026 siempre hay desconfianza. Para m\u00ed era una connotaci\u00f3n de: aqu\u00ed pasa el que quiera, aqu\u00ed todo est\u00e1 dicho, aqu\u00ed hay confianza\u201d.El \u00e1lbum se convierte as\u00ed en un espacio \u00edntimo donde confluyen su historia personal, sus influencias musicales y su presente creativo. Un lugar donde el oyente no es un espectador distante, sino un invitado cercano.\u201cEs un disco que no se hizo desde la estrategia, sino desde un lugar donde ya te sientes c\u00f3moda con lo que haces y con tu p\u00fablico\u201d, explica.\u00a0El sue\u00f1o cumplido: \u201cLlor\u00e9 cuando escuch\u00e9 su voz\u201dUno de los momentos m\u00e1s conmovedores del \u00e1lbum es la colaboraci\u00f3n con Juan Luis Guerra en \u201cAmor bonito\u201d. M\u00e1s que un logro profesional, se trata de la materializaci\u00f3n de una admiraci\u00f3n que ha acompa\u00f1ado a Kany desde su infancia.https:\/\/resources.diariolibre.com\/images\/2026\/04\/08\/66921942217883818125346628321503199530181610n-4b7a8c79.jpg\u201cJuan Luis es un poeta\u2026 alguien que marc\u00f3 mi manera de escribir, de sentir la m\u00fasica\u201d, confiesa.Sin embargo, la invitaci\u00f3n no fue inmediata. La admiraci\u00f3n tambi\u00e9n impon\u00eda distancia. \u201cYo me tard\u00e9 mucho en invitarlo\u2026 uno siente que puede incomodar\u201d.Cuando finalmente recibi\u00f3 la canci\u00f3n con la voz del maestro, la emoci\u00f3n fue inevitable. \u201cLlor\u00e9 tanto\u2026 porque una cosa es imaginarlo y otra es escucharlo. Es impresionante cuando se materializa\u201d.\u201cSoy bien joseadora\u201d: disciplina y deseoEn el terreno profesional, Kany se define con una palabra que aprendi\u00f3 del intercambio cultural caribe\u00f1o: \u201cjoseadora\u201d, en el sentido dominicano de ir tras lo que se quiere.\u201cSoy bien disciplinada, muy persistente. Hay cosas que no se dan al momento, pero hay que seguir ah\u00ed\u201d, afirma.No obstante, reconoce una dualidad interesante: esa determinaci\u00f3n convive con cierta timidez cuando se trata de figuras que admira profundamente. \u201cCon las colaboraciones soy m\u00e1s t\u00edmida\u2026 quiero que haya respeto, pero tambi\u00e9n espacio para que me digan que no\u201d.\u201cLa gente no se come los cuentos\u201dEn una industria vol\u00e1til, Kany defiende la honestidad como eje irrenunciable. \u201cEs bien raro que la honestidad vaya de la mano con lo que est\u00e1 pasando en la radio\u201d, admite. Sin embargo, su postura es firme.\u201cLa gente no se come los cuentos. Sabe cuando algo es de coraz\u00f3n y cuando es por tendencia\u201d.Su m\u00e9todo creativo, lejos de las f\u00f3rmulas, responde a la intuici\u00f3n. \u201cYo voy por lo que siento, por cuidar mis letras y por tener coherencia en lo que digo\u201d.\u00a0\u201cHablarle a mi ni\u00f1a fue de lo m\u00e1s dif\u00edcil\u201dhttps:\/\/resources.diariolibre.com\/images\/2026\/04\/08\/screen-shot-2026-04-08-at-41340-pm-e9601102.pngEntre las canciones del \u00e1lbum, \u201cLa ni\u00f1a que fui\u201d ocupa un lugar especialmente vulnerable. \u201cEscribirle a esa ni\u00f1a\u2026 a esa chamaquita que no sab\u00eda lo que iba a pasar, es fuerte\u201d, reconoce.El tema se enriquece con un coro de mujeres no profesionales, una decisi\u00f3n cargada de simbolismo. \u201cSon mujeres que han vivido cosas duras, que le cantan a su propia ni\u00f1a\u2026 y eso tiene una fuerza bien poderosa\u201d.Crear desde la felicidad: un nuevo desaf\u00edoRompiendo con el estereotipo del artista atormentado, Kany se enfrenta a un reto distinto: componer desde la plenitud. \u201cAntes dec\u00eda que escrib\u00eda mejor triste\u2026 pero llevo mucho tiempo feliz y tengo que seguir escribiendo\u201d, comenta con honestidad.La soluci\u00f3n ha sido ampliar su mirada. \u201cLa empat\u00eda, escuchar a otros, ir a los recuerdos\u2026 eso tambi\u00e9n te da canciones\u201d.La fragilidad detr\u00e1s del escenarioPero detr\u00e1s de la serenidad con la que habla de su m\u00fasica, tambi\u00e9n existe una artista que reconoce la vulnerabilidad de su oficio. Subirse a un escenario no siempre significa estar bien, y Kany no lo oculta.\u201cA veces tienes que subirte triste y dar la cara\u2026 pero lo hablo con mis m\u00fasicos, les digo que necesito apoyo\u201d. Esa fragilidad convive con una conciencia clara del privilegio que implica su carrera.\u201cHay gente que vive cosas mucho m\u00e1s duras y no tiene a nadie que la abrace\u2026 yo s\u00ed lo tengo cuando me subo a un escenario\u201d. \u201cCuando no siento nada, hay que parar\u201dSobre los l\u00edmites de la nostalgia y la experimentaci\u00f3n, su criterio es contundente. \u201cCuando escucho algo y est\u00e1 muy bien hecho pero no siento nada\u2026 ese es el momento de parar\u201d.Para Kany, la esencia sigue siendo la misma. \u201cSi una canci\u00f3n con una guitarra nada m\u00e1s no te mueve, no hay con qu\u00e9\u201d.La certeza de lo aut\u00e9nticohttps:\/\/resources.diariolibre.com\/images\/2026\/04\/08\/still-2025-11-12-1149271171-copy-1c9902b4.jpgEn \u201cPuerta abierta\u201d, Kany Garc\u00eda no busca validaci\u00f3n externa ni f\u00f3rmulas de \u00e9xito. Su apuesta es m\u00e1s \u00edntima, pero tambi\u00e9n m\u00e1s arriesgada: confiar en la emoci\u00f3n como br\u00fajula. \u201cNo s\u00e9 qu\u00e9 va a pasar\u2026 y eso es lo lindo\u201d, dice.Porque en un tiempo dominado por algoritmos, tendencias fugaces y estrategias calculadas, Kany Garc\u00eda apuesta por algo m\u00e1s dif\u00edcil de sostener: la honestidad. Crear sin expectativas, escribir desde la emoci\u00f3n y confiar en que, cuando una canci\u00f3n nace desde la verdad, siempre encuentra su destino.    Regreso a RD en concierto        Durante el encuentro, la cantautora puertorrique\u00f1a se mostr\u00f3 emocionada por el concierto que ofrecer\u00e1 el 30 de mayo en el Estadio Quisqueya, como parte de su \u201cKany Garc\u00eda Tour 2026\u201d.El espect\u00e1culo, producido por el empresario art\u00edstico Gamal Hach\u00e9, marcar\u00e1 el regreso de la multipremiada artista a la Rep\u00fablica Dominicana, tras su \u00faltima presentaci\u00f3n en Altos de Chav\u00f3n. La fecha, adem\u00e1s, coincide con la v\u00edspera del D\u00eda de las Madres, convirtiendo la velada en una opci\u00f3n ideal para celebrar en familia.El concierto forma parte de una gira mundial que recorrer\u00e1 m\u00e1s de 15 pa\u00edses de Am\u00e9rica Latina y Europa durante 2026, consolid\u00e1ndose como uno de los tours m\u00e1s importantes en su trayectoria art\u00edstica.    Leer m\u00e1s                            Kany Garc\u00eda honra la tierra y destaca a Rep\u00fablica Dominicana                            Kany Garc\u00eda cumple su sue\u00f1o de presentarse en Altos de Chav\u00f3n y lo logra a casa llena\u00a0\u00a0Revista, M\u00fasica, Diario Libre, San Juan, Puerto Rico, Nuevo Disco, cantautora, Kany Garc\u00eda, Puerta abierta\u00a0<\/p>\n","protected":false},"excerpt":{"rendered":"<p>En tiempos donde la m\u00fasica parece regirse por m\u00e9tricas, tendencias y estrategias calculadas, Kany Garc\u00eda propone una mirada radicalmente distinta: crear sin esperar, sin imponerle al arte la carga de un resultado. Su m\u00e1s reciente producci\u00f3n, \u201cPuerta abierta\u201d, es testimonio de esa filosof\u00eda, pero tambi\u00e9n de un momento de plenitud donde la artista se permite [&hellip;]<\/p>\n","protected":false},"author":1,"featured_media":15146,"comment_status":"open","ping_status":"open","sticky":false,"template":"","format":"standard","meta":{"amp_status":"","footnotes":""},"categories":[9],"tags":[],"class_list":["post-15576","post","type-post","status-publish","format-standard","has-post-thumbnail","hentry","category-espectaculo"],"_links":{"self":[{"href":"https:\/\/ermdigital.com\/index.php?rest_route=\/wp\/v2\/posts\/15576","targetHints":{"allow":["GET"]}}],"collection":[{"href":"https:\/\/ermdigital.com\/index.php?rest_route=\/wp\/v2\/posts"}],"about":[{"href":"https:\/\/ermdigital.com\/index.php?rest_route=\/wp\/v2\/types\/post"}],"author":[{"embeddable":true,"href":"https:\/\/ermdigital.com\/index.php?rest_route=\/wp\/v2\/users\/1"}],"replies":[{"embeddable":true,"href":"https:\/\/ermdigital.com\/index.php?rest_route=%2Fwp%2Fv2%2Fcomments&post=15576"}],"version-history":[{"count":0,"href":"https:\/\/ermdigital.com\/index.php?rest_route=\/wp\/v2\/posts\/15576\/revisions"}],"wp:featuredmedia":[{"embeddable":true,"href":"https:\/\/ermdigital.com\/index.php?rest_route=\/wp\/v2\/media\/15146"}],"wp:attachment":[{"href":"https:\/\/ermdigital.com\/index.php?rest_route=%2Fwp%2Fv2%2Fmedia&parent=15576"}],"wp:term":[{"taxonomy":"category","embeddable":true,"href":"https:\/\/ermdigital.com\/index.php?rest_route=%2Fwp%2Fv2%2Fcategories&post=15576"},{"taxonomy":"post_tag","embeddable":true,"href":"https:\/\/ermdigital.com\/index.php?rest_route=%2Fwp%2Fv2%2Ftags&post=15576"}],"curies":[{"name":"wp","href":"https:\/\/api.w.org\/{rel}","templated":true}]}}