{"id":15387,"date":"2026-04-08T11:59:00","date_gmt":"2026-04-08T15:59:00","guid":{"rendered":"https:\/\/ermdigital.com\/index.php\/2026\/04\/08\/karol-g-habla-de-ruptura-con-feid\/"},"modified":"2026-04-08T11:59:00","modified_gmt":"2026-04-08T15:59:00","slug":"karol-g-habla-de-ruptura-con-feid","status":"publish","type":"post","link":"https:\/\/ermdigital.com\/?p=15387","title":{"rendered":"Karol G habla de ruptura con Feid"},"content":{"rendered":"<p>Tras meses de rumores, <strong>Karol G<\/strong> confirm\u00f3 su ruptura con <strong>Feid<\/strong> y revel\u00f3 que la relaci\u00f3n termin\u00f3 hace varios meses, despu\u00e9s de <strong>m\u00e1s de tres a\u00f1os<\/strong> juntos.<\/p>\n<p>En su m\u00e1s reciente <strong>entrevista<\/strong> para la <strong>revista Playboy<\/strong>, la cantante colombiana explic\u00f3 que fue ella quien tom\u00f3 la decisi\u00f3n. Describi\u00f3 el \u00faltimo a\u00f1o como un periodo dif\u00edcil, pero tambi\u00e9n necesario para replantearse su vida personal.<\/p>\n<p>Tras la separaci\u00f3n, <strong>Karol G<\/strong> cont\u00f3 que decidi\u00f3 hacer <strong>cambios importantes<\/strong>: se cort\u00f3 el cabello y <strong>viaj\u00f3 a Haw\u00e1i<\/strong> para desconectarse y enfocarse en s\u00ed misma. \u201c<strong>Estoy soltera<\/strong> y siento que mis momentos m\u00e1s importantes son cuando estoy sola\u201d, afirm\u00f3.<\/p>\n<figure class=\"inline-block\">\n<div class=\"expand-img-placeholder\"><img loading=\"lazy\" decoding=\"async\" src=\"https:\/\/resources.diariolibre.com\/images\/expand.svg\" alt=\"Expandir imagen\" width=\"20\" height=\"20\"><span class=\"rutaimagenoriginal-placeholder\">https:\/\/resources.diariolibre.com\/images\/2026\/04\/08\/karol-y-feid-9a1819a6.jpg<\/span><\/div>\n<p><img decoding=\"async\" loading=\"lazy\" src=\"https:\/\/resources.diariolibre.com\/images\/2026\/04\/08\/karol-y-feid-9a1819a6.jpg\" width=\"auto\" height=\"350\" alt=\"Infograf\u00eda\" class=\"mx-auto\"><figcaption><span>Feid y Karol G llegan a una funci\u00f3n de Karol G: Ma\u00f1ana Fue Muy Bonito de Netflix en el Whitby Hotel en Nueva York, el 6 de mayo de 2025.<\/span><span> (<strong>FUENTE EXTERNA<\/strong>)<\/span><\/figcaption><\/figure>\n<p>La artista tambi\u00e9n <strong>reflexion\u00f3<\/strong> sobre las relaciones y la <strong>presi\u00f3n cultural<\/strong>, se\u00f1alando que muchas veces se ense\u00f1a a entregarse completamente, incluso a costa de perder la identidad. En ese sentido, asegur\u00f3 que terminar la relaci\u00f3n fue un <strong>acto de valent\u00eda<\/strong>: \u201cTuve el coraje de decir que ya no quer\u00eda estar ah\u00ed\u201d.<\/p>\n<p><strong>Feid<\/strong> hab\u00eda insinuado la ruptura en su m\u00fasica reciente, incluyendo una <strong>colaboraci\u00f3n con Arc\u00e1ngel<\/strong> en 2026.<\/p>\n<p>En su conversaci\u00f3n con <strong>Playboy<\/strong>, <strong>Karol G<\/strong> tambi\u00e9n habl\u00f3 sobre la <strong>maternidad<\/strong> y dej\u00f3 claro que a sus <strong>35 a\u00f1os<\/strong> no se siente presionada y que est\u00e1 enfocada en su <strong>crecimiento personal<\/strong>.<\/p>\n<p>\"Seg\u00fan mi <strong>cultura<\/strong>, ya deber\u00eda tener hijos. \u00bfPero sabes qu\u00e9? Este a\u00f1o ha sido literalmente como, \u201cJo****. No me siento <strong>atrasada<\/strong>\", refiri\u00f3.<\/p>\n<h2>M\u00e1s<\/h2>\n<ul>\n<li><strong>Karol G<\/strong> y <strong>Feid<\/strong> habr\u00edan comenzado su <strong>relaci\u00f3n sentimental<\/strong> a mediados de 2021, intensific\u00e1ndose tras colaborar en la canci\u00f3n \"Friki\" y durante el Bichota Tour. Aunque mantuvieron su romance en privado al principio, hicieron su <strong>primera aparici\u00f3n p\u00fablica<\/strong> oficial juntos a mediados de 2023 en Miami. <\/li>\n<\/ul>\n<article class=\"border-t border-b py-5 mb-5 component nota-incrustada\">    <span class=\"block mb-2\"><strong>Te puede interesar<\/strong><\/span>                <\/p>\n<h2><a href=\"https:\/\/www.diariolibre.com\/revista\/musica\/2026\/04\/07\/karol-g-portada-en-playboy-y-debut-en-coachella\/3494276?utm_source=relacionadas&amp;utm_medium=nota&amp;utm_campaign=relacionadas\" title=\"Karol G protagoniza la portada de Playboy y se prepara para Coachella\">Karol G protagoniza la portada de Playboy y se prepara para Coachella<\/a><\/h2>\n<\/article>\n<p><\/p>\n<p>\u200bTras meses de rumores, Karol G confirm\u00f3 su ruptura con Feid y revel\u00f3 que la relaci\u00f3n termin\u00f3 hace varios meses, despu\u00e9s de m\u00e1s de tres a\u00f1os juntos.En su m\u00e1s reciente entrevista para la revista Playboy, la cantante colombiana explic\u00f3 que fue ella quien tom\u00f3 la decisi\u00f3n. Describi\u00f3 el \u00faltimo a\u00f1o como un periodo dif\u00edcil, pero tambi\u00e9n necesario para replantearse su vida personal.Tras la separaci\u00f3n, Karol G cont\u00f3 que decidi\u00f3 hacer cambios importantes: se cort\u00f3 el cabello y viaj\u00f3 a Haw\u00e1i para desconectarse y enfocarse en s\u00ed misma. \u201cEstoy soltera y siento que mis momentos m\u00e1s importantes son cuando estoy sola\u201d, afirm\u00f3.https:\/\/resources.diariolibre.com\/images\/2026\/04\/08\/karol-y-feid-9a1819a6.jpgFeid y Karol G llegan a una funci\u00f3n de Karol G: Ma\u00f1ana Fue Muy Bonito de Netflix en el Whitby Hotel en Nueva York, el 6 de mayo de 2025. (FUENTE EXTERNA)La artista tambi\u00e9n reflexion\u00f3 sobre las relaciones y la presi\u00f3n cultural, se\u00f1alando que muchas veces se ense\u00f1a a entregarse completamente, incluso a costa de perder la identidad. En ese sentido, asegur\u00f3 que terminar la relaci\u00f3n fue un acto de valent\u00eda: \u201cTuve el coraje de decir que ya no quer\u00eda estar ah\u00ed\u201d.Feid hab\u00eda insinuado la ruptura en su m\u00fasica reciente, incluyendo una colaboraci\u00f3n con Arc\u00e1ngel en 2026.En su conversaci\u00f3n con Playboy, Karol G tambi\u00e9n habl\u00f3 sobre la maternidad y dej\u00f3 claro que a sus 35 a\u00f1os no se siente presionada y que est\u00e1 enfocada en su crecimiento personal.\"Seg\u00fan mi cultura, ya deber\u00eda tener hijos. \u00bfPero sabes qu\u00e9? Este a\u00f1o ha sido literalmente como, \u201cJo****. No me siento atrasada\", refiri\u00f3.M\u00e1s    Karol G y Feid habr\u00edan comenzado su relaci\u00f3n sentimental a mediados de 2021, intensific\u00e1ndose tras colaborar en la canci\u00f3n \"Friki\" y durante el Bichota Tour. Aunque mantuvieron su romance en privado al principio, hicieron su primera aparici\u00f3n p\u00fablica oficial juntos a mediados de 2023 en Miami.     Te puede interesar                Karol G protagoniza la portada de Playboy y se prepara para Coachella\u00a0\u00a0Revista, Far\u00e1ndula, Diario Libre, Santo Domingo, Karol G, Playboy, ruptura amorosa, Feid\u00a0<\/p>\n","protected":false},"excerpt":{"rendered":"<p>Tras meses de rumores, Karol G confirm\u00f3 su ruptura con Feid y revel\u00f3 que la relaci\u00f3n termin\u00f3 hace varios meses, despu\u00e9s de m\u00e1s de tres a\u00f1os juntos. En su m\u00e1s reciente entrevista para la revista Playboy, la cantante colombiana explic\u00f3 que fue ella quien tom\u00f3 la decisi\u00f3n. Describi\u00f3 el \u00faltimo a\u00f1o como un periodo dif\u00edcil, [&hellip;]<\/p>\n","protected":false},"author":1,"featured_media":14881,"comment_status":"open","ping_status":"open","sticky":false,"template":"","format":"standard","meta":{"amp_status":"","footnotes":""},"categories":[9],"tags":[],"class_list":["post-15387","post","type-post","status-publish","format-standard","has-post-thumbnail","hentry","category-espectaculo"],"_links":{"self":[{"href":"https:\/\/ermdigital.com\/index.php?rest_route=\/wp\/v2\/posts\/15387","targetHints":{"allow":["GET"]}}],"collection":[{"href":"https:\/\/ermdigital.com\/index.php?rest_route=\/wp\/v2\/posts"}],"about":[{"href":"https:\/\/ermdigital.com\/index.php?rest_route=\/wp\/v2\/types\/post"}],"author":[{"embeddable":true,"href":"https:\/\/ermdigital.com\/index.php?rest_route=\/wp\/v2\/users\/1"}],"replies":[{"embeddable":true,"href":"https:\/\/ermdigital.com\/index.php?rest_route=%2Fwp%2Fv2%2Fcomments&post=15387"}],"version-history":[{"count":0,"href":"https:\/\/ermdigital.com\/index.php?rest_route=\/wp\/v2\/posts\/15387\/revisions"}],"wp:featuredmedia":[{"embeddable":true,"href":"https:\/\/ermdigital.com\/index.php?rest_route=\/wp\/v2\/media\/14881"}],"wp:attachment":[{"href":"https:\/\/ermdigital.com\/index.php?rest_route=%2Fwp%2Fv2%2Fmedia&parent=15387"}],"wp:term":[{"taxonomy":"category","embeddable":true,"href":"https:\/\/ermdigital.com\/index.php?rest_route=%2Fwp%2Fv2%2Fcategories&post=15387"},{"taxonomy":"post_tag","embeddable":true,"href":"https:\/\/ermdigital.com\/index.php?rest_route=%2Fwp%2Fv2%2Ftags&post=15387"}],"curies":[{"name":"wp","href":"https:\/\/api.w.org\/{rel}","templated":true}]}}