{"id":15386,"date":"2026-04-08T14:21:00","date_gmt":"2026-04-08T18:21:00","guid":{"rendered":"https:\/\/ermdigital.com\/index.php\/2026\/04\/08\/moca-se-prepara-para-celebrar-su-primera-feria-del-libro-y-la-cultura\/"},"modified":"2026-04-08T14:21:00","modified_gmt":"2026-04-08T18:21:00","slug":"moca-se-prepara-para-celebrar-su-primera-feria-del-libro-y-la-cultura","status":"publish","type":"post","link":"https:\/\/ermdigital.com\/?p=15386","title":{"rendered":"Moca se prepara para celebrar su Primera Feria del Libro y la Cultura"},"content":{"rendered":"<p>El <strong>municipio de Moca<\/strong> ser\u00e1 escenario de la <strong>Primera Feria del Libro<\/strong> y la Cultura de <strong>Moca<\/strong>, una iniciativa <strong>sin fines de lucro<\/strong> desarrollada por la agencia de turismo cultural y ecol\u00f3gica\u00a0<strong>Quieroloma\u00a0<\/strong>que busca impulsar la cultura, visibilizar el talento local y fortalecer la identidad cultural de la Villa Heroica a trav\u00e9s de la literatura, las artes pl\u00e1sticas, la artesan\u00eda y la m\u00fasica.<\/p>\n<p>Bajo el lema \u201c<strong>Abre un libro<\/strong> y cultiva tu mente\u201d, esta iniciativa nace con el prop\u00f3sito de crear un <strong>espacio de encuentro<\/strong> para el conocimiento, el arte y la expresi\u00f3n cultural, integrando a ni\u00f1os, j\u00f3venes y adultos en una experiencia enriquecedora en <strong>Moca<\/strong>, <strong>capital de la provincia Espaillat<\/strong>.<\/p>\n<p>Esta primera edici\u00f3n estar\u00e1 dedicada al <strong>docente y escritor<\/strong> mocano <strong>Pedro Ovalles<\/strong>, quien por <strong>m\u00e1s de 40 a\u00f1os<\/strong> ha contribuido al desarrollo de la literatura y la educaci\u00f3n en la regi\u00f3n, detalla una nota de prensa.<\/p>\n<p>Del <strong>16 al 18 de abril<\/strong>, recibiremos familias, estudiantes, docentes y p\u00fablico general podr\u00e1 disfrutar de diversas actividades a realizarse en distintos espacios del pueblo de <strong>Moca<\/strong>.<\/p>\n<div class=\"w-full pt-2 float-left inside-related\">    <span class=\"border-b border-black pb-3 mb-4 block\"><strong>RELACIONADAS<\/strong><\/span>                <\/p>\n<article class=\"flex flex-wrap border-b pb-4 mb-3 inline-block\">\n<div class=\"xl:w-2\/12 w-4\/12\">\n<figure class=\"mb-0\">                                                    <a href=\"https:\/\/www.diariolibre.com\/actualidad\/ciudad\/2026\/02\/05\/reconocen-a-adriano-miguel-tejada-con-nueva-calle-en-moca\/3427336?utm_source=relacionadas&amp;utm_medium=nota&amp;utm_campaign=relacionadas\" title=\"                                                                                                                            \">                                                                <img decoding=\"async\" loading=\"lazy\" src=\"https:\/\/resources.diariolibre.com\/images\/2023\/04\/17\/imagen-am1-4bc580e9-focus-0-0-149-99.jpg\" width=\"149\" height=\"99\" title=\"Calle de Moca llevar\u00e1 el nombre del fallecido historiador y periodista Adriano Miguel Tejada\" alt=\"Calle de Moca llevar\u00e1 el nombre del fallecido historiador y periodista Adriano Miguel Tejada\" class=\"object-cover\">                                                            <\/a>                                            <\/figure>\n<\/p><\/div>\n<div class=\"xl:w-10\/12 w-8\/12 pl-3\">\n<div class=\"text-md mb-2 meta\">                        <a href=\"https:\/\/www.diariolibre.com\/actualidad\/ciudad\" title=\"Ciudad\">Ciudad<\/a>                    <\/div>\n<h2><a href=\"https:\/\/www.diariolibre.com\/actualidad\/ciudad\/2026\/02\/05\/reconocen-a-adriano-miguel-tejada-con-nueva-calle-en-moca\/3427336?utm_source=relacionadas&amp;utm_medium=nota&amp;utm_campaign=relacionadas\" title=\"Calle de Moca llevar\u00e1 el nombre del fallecido historiador y periodista Adriano Miguel Tejada\">Calle de Moca llevar\u00e1 el nombre del fallecido historiador y periodista Adriano Miguel Tejada<\/a><\/h2>\n<\/p><\/div>\n<\/article><\/div>\n<h2>Programa de actividades<\/h2>\n<figure class=\"my-12 component infografia\">\n<div class=\"expand-img-placeholder\"><img loading=\"lazy\" decoding=\"async\" src=\"https:\/\/resources.diariolibre.com\/images\/expand.svg\" alt=\"Expandir imagen\" width=\"20\" height=\"20\"><span class=\"rutaimagenoriginal-placeholder\">https:\/\/resources.diariolibre.com\/images\/2026\/04\/08\/logotipo-de-feria-de-moca-jpg-19350339.jpeg<\/span><\/div>\n<p><img decoding=\"async\" loading=\"lazy\" src=\"https:\/\/resources.diariolibre.com\/images\/2026\/04\/08\/logotipo-de-feria-de-moca-jpg-19350339.jpeg\" width=\"auto\" height=\"350\" alt=\"Infograf\u00eda\" class=\"mx-auto\"><\/figure>\n<p> El programa es sustancial y variado; incluye varios <strong>coloquios literarios<\/strong>, charlas educativas, conferencias, m\u00e1s de seis puestas en circulaci\u00f3n de libros (un hito), una <strong>exposici\u00f3n de artes pl\u00e1sticas<\/strong> a cargo de Stanley P\u00e9rez, una obra de teatro, un taller de pintura para ni\u00f1os y exposici\u00f3n de artesan\u00eda en el Parque C\u00e1ceres. Tambi\u00e9n habr\u00e1 m\u00fasica en vivo, degustaci\u00f3n de mofongo y otras actividades l\u00fadicas.<\/p>\n<p>Para el <strong>acto de apertura<\/strong> hay confirmados varios escritores de Santo Domingo (<strong>Mateo Morrison<\/strong>, Basilio Belliard, Gustavo Olivo) y algunos <strong>embajadores<\/strong>.<\/p>\n<p>Algunas actividades se van a desarrollar de modo simult\u00e1neo en diversos lugares, tales como la <strong>Biblioteca Municipal Gabriel Morillo<\/strong>, el Centro Comunitario Juan Mar\u00eda Cont\u00edn, el Auditorio de Utesa y en centros educativos. La <strong>venta de libros<\/strong> ser\u00e1 en el <strong>Parque Ram\u00f3n C\u00e1ceres<\/strong>, lo que permitir\u00e1 una mayor integraci\u00f3n de la comunidad.<\/p>\n<p>La feria es una iniciativa <strong>sin fines de lucro<\/strong>, organizada con el esfuerzo de <strong>diversos actores culturales<\/strong>, con el objetivo de proyectar a <strong>Moca<\/strong> como un municipio din\u00e1mico, creativo y comprometido con el <strong>desarrollo cultural<\/strong>.<\/p>\n<p><strong>Quieroloma<\/strong> extiende una <strong>invitaci\u00f3n abierta<\/strong> a toda la ciudadan\u00eda a participar y a <strong>vivir esta experiencia<\/strong> que celebra lo mejor de la cultura y el pensamiento.<\/p>\n<p>\u201cEsta feria es una oportunidad para reencontrarnos con los libros, con nuestras ra\u00edces y con el <strong>talento de nuestra gente<\/strong>\u201d, <strong>Moca<\/strong> no solo produce buena yuca, sino tambi\u00e9n arte y literatura, expres\u00f3 <strong>Fari Rosario<\/strong>, <strong>coordinador general<\/strong> del evento y gerente de <strong>Quieroloma<\/strong>.<\/p>\n<p>\u200bEl municipio de Moca ser\u00e1 escenario de la Primera Feria del Libro y la Cultura de Moca, una iniciativa sin fines de lucro desarrollada por la agencia de turismo cultural y ecol\u00f3gica\u00a0Quieroloma\u00a0que busca impulsar la cultura, visibilizar el talento local y fortalecer la identidad cultural de la Villa Heroica a trav\u00e9s de la literatura, las artes pl\u00e1sticas, la artesan\u00eda y la m\u00fasica.Bajo el lema \u201cAbre un libro y cultiva tu mente\u201d, esta iniciativa nace con el prop\u00f3sito de crear un espacio de encuentro para el conocimiento, el arte y la expresi\u00f3n cultural, integrando a ni\u00f1os, j\u00f3venes y adultos en una experiencia enriquecedora en Moca, capital de la provincia Espaillat.Esta primera edici\u00f3n estar\u00e1 dedicada al docente y escritor mocano Pedro Ovalles, quien por m\u00e1s de 40 a\u00f1os ha contribuido al desarrollo de la literatura y la educaci\u00f3n en la regi\u00f3n, detalla una nota de prensa.Del 16 al 18 de abril, recibiremos familias, estudiantes, docentes y p\u00fablico general podr\u00e1 disfrutar de diversas actividades a realizarse en distintos espacios del pueblo de Moca.    RELACIONADAS                                                                                                                                                                                                                                                                                                                                                            Ciudad                                        Calle de Moca llevar\u00e1 el nombre del fallecido historiador y periodista Adriano Miguel Tejada                                    Programa de actividadeshttps:\/\/resources.diariolibre.com\/images\/2026\/04\/08\/logotipo-de-feria-de-moca-jpg-19350339.jpeg El programa es sustancial y variado; incluye varios coloquios literarios, charlas educativas, conferencias, m\u00e1s de seis puestas en circulaci\u00f3n de libros (un hito), una exposici\u00f3n de artes pl\u00e1sticas a cargo de Stanley P\u00e9rez, una obra de teatro, un taller de pintura para ni\u00f1os y exposici\u00f3n de artesan\u00eda en el Parque C\u00e1ceres. Tambi\u00e9n habr\u00e1 m\u00fasica en vivo, degustaci\u00f3n de mofongo y otras actividades l\u00fadicas.Para el acto de apertura hay confirmados varios escritores de Santo Domingo (Mateo Morrison, Basilio Belliard, Gustavo Olivo) y algunos embajadores.Algunas actividades se van a desarrollar de modo simult\u00e1neo en diversos lugares, tales como la Biblioteca Municipal Gabriel Morillo, el Centro Comunitario Juan Mar\u00eda Cont\u00edn, el Auditorio de Utesa y en centros educativos. La venta de libros ser\u00e1 en el Parque Ram\u00f3n C\u00e1ceres, lo que permitir\u00e1 una mayor integraci\u00f3n de la comunidad.La feria es una iniciativa sin fines de lucro, organizada con el esfuerzo de diversos actores culturales, con el objetivo de proyectar a Moca como un municipio din\u00e1mico, creativo y comprometido con el desarrollo cultural.Quieroloma extiende una invitaci\u00f3n abierta a toda la ciudadan\u00eda a participar y a vivir esta experiencia que celebra lo mejor de la cultura y el pensamiento.\u201cEsta feria es una oportunidad para reencontrarnos con los libros, con nuestras ra\u00edces y con el talento de nuestra gente\u201d, Moca no solo produce buena yuca, sino tambi\u00e9n arte y literatura, expres\u00f3 Fari Rosario, coordinador general del evento y gerente de Quieroloma.\u00a0\u00a0Revista, Cultura, Diario Libre, Santo Domingo, Moca, Primera Feria del Libro, Pedro Ovalles, Quieroloma, Fari Rosario\u00a0<\/p>\n","protected":false},"excerpt":{"rendered":"<p>El municipio de Moca ser\u00e1 escenario de la Primera Feria del Libro y la Cultura de Moca, una iniciativa sin fines de lucro desarrollada por la agencia de turismo cultural y ecol\u00f3gica\u00a0Quieroloma\u00a0que busca impulsar la cultura, visibilizar el talento local y fortalecer la identidad cultural de la Villa Heroica a trav\u00e9s de la literatura, las [&hellip;]<\/p>\n","protected":false},"author":1,"featured_media":14966,"comment_status":"open","ping_status":"open","sticky":false,"template":"","format":"standard","meta":{"amp_status":"","footnotes":""},"categories":[9],"tags":[],"class_list":["post-15386","post","type-post","status-publish","format-standard","has-post-thumbnail","hentry","category-espectaculo"],"_links":{"self":[{"href":"https:\/\/ermdigital.com\/index.php?rest_route=\/wp\/v2\/posts\/15386","targetHints":{"allow":["GET"]}}],"collection":[{"href":"https:\/\/ermdigital.com\/index.php?rest_route=\/wp\/v2\/posts"}],"about":[{"href":"https:\/\/ermdigital.com\/index.php?rest_route=\/wp\/v2\/types\/post"}],"author":[{"embeddable":true,"href":"https:\/\/ermdigital.com\/index.php?rest_route=\/wp\/v2\/users\/1"}],"replies":[{"embeddable":true,"href":"https:\/\/ermdigital.com\/index.php?rest_route=%2Fwp%2Fv2%2Fcomments&post=15386"}],"version-history":[{"count":0,"href":"https:\/\/ermdigital.com\/index.php?rest_route=\/wp\/v2\/posts\/15386\/revisions"}],"wp:featuredmedia":[{"embeddable":true,"href":"https:\/\/ermdigital.com\/index.php?rest_route=\/wp\/v2\/media\/14966"}],"wp:attachment":[{"href":"https:\/\/ermdigital.com\/index.php?rest_route=%2Fwp%2Fv2%2Fmedia&parent=15386"}],"wp:term":[{"taxonomy":"category","embeddable":true,"href":"https:\/\/ermdigital.com\/index.php?rest_route=%2Fwp%2Fv2%2Fcategories&post=15386"},{"taxonomy":"post_tag","embeddable":true,"href":"https:\/\/ermdigital.com\/index.php?rest_route=%2Fwp%2Fv2%2Ftags&post=15386"}],"curies":[{"name":"wp","href":"https:\/\/api.w.org\/{rel}","templated":true}]}}