{"id":15385,"date":"2026-04-08T18:12:00","date_gmt":"2026-04-08T22:12:00","guid":{"rendered":"https:\/\/ermdigital.com\/index.php\/2026\/04\/08\/cantautor-chico-buarque-graba-con-silvio-rodriguez-en-la-habana\/"},"modified":"2026-04-08T18:12:00","modified_gmt":"2026-04-08T22:12:00","slug":"cantautor-chico-buarque-graba-con-silvio-rodriguez-en-la-habana","status":"publish","type":"post","link":"https:\/\/ermdigital.com\/?p=15385","title":{"rendered":"Cantautor Chico Buarque graba con Silvio Rodr\u00edguez en La Habana"},"content":{"rendered":"<p>El reconocido cantautor brasile\u00f1o <strong>Chico Buarque<\/strong> se encuentra este mi\u00e9rcoles en <strong>La Habana<\/strong>, 34 a\u00f1os despu\u00e9s de su anterior visita, invitado por su colega <strong>Silvio Rodr\u00edguez<\/strong>, uno de los fundadores del movimiento de la <strong>Nueva Trova Cubana<\/strong>, con quien grabar\u00e1 una canci\u00f3n.<\/p>\n<p>\"Vino a <strong>grabar una canci\u00f3n<\/strong> con nosotros\", refiere el blog <strong>Segunda Cita<\/strong> de Rodr\u00edguez sobre la <strong>visita de Buarque<\/strong>.<\/p>\n<p>A\u00f1ade que ambos artistas, amigos desde hace m\u00e1s de <strong>cinco d\u00e9cadas<\/strong>, grabar\u00e1n una <strong>nueva versi\u00f3n<\/strong> de la canci\u00f3n <strong>Sue\u00f1o con serpientes<\/strong>, considerada un cl\u00e1sico del cantautor cubano, del cual el artista brasile\u00f1o ya hab\u00eda vertido en portugu\u00e9s y grabado otras canciones.<\/p>\n<div class=\"social-embed mb-4\">\n<div class=\"placeholderYoutube\"><\/div>\n<\/div>\n<p>Y avanza que la pista estar\u00e1 <strong>disponible pronto<\/strong> en todas las <strong>plataformas musicales<\/strong>.<\/p>\n<div class=\"w-full pt-2 float-left inside-related\">    <span class=\"border-b border-black pb-3 mb-4 block\"><strong>RELACIONADAS<\/strong><\/span>                <\/p>\n<article class=\"flex flex-wrap border-b pb-4 mb-3 inline-block\">\n<div class=\"xl:w-2\/12 w-4\/12\">\n<figure class=\"mb-0\">                                                    <a href=\"https:\/\/www.diariolibre.com\/revista\/musica\/2023\/04\/24\/chico-buarque-galardonado-con-el-premio-camoes\/2294778?utm_source=relacionadas&amp;utm_medium=nota&amp;utm_campaign=relacionadas\" title=\"                                                                                                                            \">                                                                <img decoding=\"async\" loading=\"lazy\" src=\"https:\/\/resources.diariolibre.com\/images\/2023\/04\/24\/chico-buarque-laureado-con-el-premio-camoes-por-el-regreso-de-lula-a-portugal-f5210f3e-focus-0.02-0.65-149-99.jpg\" width=\"149\" height=\"99\" title=\"Chico Buarque laureado con el Premio Camoes por el regreso de Lula a Portugal\" alt=\"Chico Buarque laureado con el Premio Camoes por el regreso de Lula a Portugal\" class=\"object-cover\">                                                            <\/a>                                            <\/figure>\n<\/p><\/div>\n<div class=\"xl:w-10\/12 w-8\/12 pl-3\">\n<div class=\"text-md mb-2 meta\">                        <a href=\"https:\/\/www.diariolibre.com\/revista\/musica\" title=\"M\u00fasica\">M\u00fasica<\/a>                    <\/div>\n<h2><a href=\"https:\/\/www.diariolibre.com\/revista\/musica\/2023\/04\/24\/chico-buarque-galardonado-con-el-premio-camoes\/2294778?utm_source=relacionadas&amp;utm_medium=nota&amp;utm_campaign=relacionadas\" title=\"Chico Buarque laureado con el Premio Camoes por el regreso de Lula a Portugal\">Chico Buarque laureado con el Premio Camoes por el regreso de Lula a Portugal<\/a><\/h2>\n<\/p><\/div>\n<\/article><\/div>\n<p>La nota se\u00f1ala que la <strong>visita de Buarque<\/strong> \"<strong>fortalece los lazos<\/strong> entre dos nombres centrales de la <strong>canci\u00f3n latinoamericana<\/strong>, hist\u00f3ricamente vinculados por afinidades est\u00e9ticas y <strong>compromiso pol\u00edtico<\/strong> en el continente\".<\/p>\n<p>La grabaci\u00f3n comenz\u00f3 en los <strong>estudios Ojal\u00e1<\/strong>, con la participaci\u00f3n de los m\u00fasicos <strong>Niurka Gonzales<\/strong> en la flauta, Jorge Reyes en el contrabajo, Malva Rodr\u00edguez al piano, Oliver Vald\u00e9s en la bater\u00eda y arreglos de <strong>Jorge Arag\u00f3n<\/strong>.\u00a0<\/p>\n<p>\u200bEl reconocido cantautor brasile\u00f1o Chico Buarque se encuentra este mi\u00e9rcoles en La Habana, 34 a\u00f1os despu\u00e9s de su anterior visita, invitado por su colega Silvio Rodr\u00edguez, uno de los fundadores del movimiento de la Nueva Trova Cubana, con quien grabar\u00e1 una canci\u00f3n.\"Vino a grabar una canci\u00f3n con nosotros\", refiere el blog Segunda Cita de Rodr\u00edguez sobre la visita de Buarque.A\u00f1ade que ambos artistas, amigos desde hace m\u00e1s de cinco d\u00e9cadas, grabar\u00e1n una nueva versi\u00f3n de la canci\u00f3n Sue\u00f1o con serpientes, considerada un cl\u00e1sico del cantautor cubano, del cual el artista brasile\u00f1o ya hab\u00eda vertido en portugu\u00e9s y grabado otras canciones.Y avanza que la pista estar\u00e1 disponible pronto en todas las plataformas musicales.    RELACIONADAS                                                                                                                                                                                                                                                                                                                                                            M\u00fasica                                        Chico Buarque laureado con el Premio Camoes por el regreso de Lula a Portugal                                    La nota se\u00f1ala que la visita de Buarque \"fortalece los lazos entre dos nombres centrales de la canci\u00f3n latinoamericana, hist\u00f3ricamente vinculados por afinidades est\u00e9ticas y compromiso pol\u00edtico en el continente\".La grabaci\u00f3n comenz\u00f3 en los estudios Ojal\u00e1, con la participaci\u00f3n de los m\u00fasicos Niurka Gonzales en la flauta, Jorge Reyes en el contrabajo, Malva Rodr\u00edguez al piano, Oliver Vald\u00e9s en la bater\u00eda y arreglos de Jorge Arag\u00f3n.\u00a0\u00a0\u00a0Revista, M\u00fasica, EFE, Brasil, Silvio Rodr\u00edguez, Chico Buarque, Nueva Trova Cubana\u00a0<\/p>\n","protected":false},"excerpt":{"rendered":"<p>El reconocido cantautor brasile\u00f1o Chico Buarque se encuentra este mi\u00e9rcoles en La Habana, 34 a\u00f1os despu\u00e9s de su anterior visita, invitado por su colega Silvio Rodr\u00edguez, uno de los fundadores del movimiento de la Nueva Trova Cubana, con quien grabar\u00e1 una canci\u00f3n. \"Vino a grabar una canci\u00f3n con nosotros\", refiere el blog Segunda Cita de [&hellip;]<\/p>\n","protected":false},"author":1,"featured_media":15121,"comment_status":"open","ping_status":"open","sticky":false,"template":"","format":"standard","meta":{"amp_status":"","footnotes":""},"categories":[9],"tags":[],"class_list":["post-15385","post","type-post","status-publish","format-standard","has-post-thumbnail","hentry","category-espectaculo"],"_links":{"self":[{"href":"https:\/\/ermdigital.com\/index.php?rest_route=\/wp\/v2\/posts\/15385","targetHints":{"allow":["GET"]}}],"collection":[{"href":"https:\/\/ermdigital.com\/index.php?rest_route=\/wp\/v2\/posts"}],"about":[{"href":"https:\/\/ermdigital.com\/index.php?rest_route=\/wp\/v2\/types\/post"}],"author":[{"embeddable":true,"href":"https:\/\/ermdigital.com\/index.php?rest_route=\/wp\/v2\/users\/1"}],"replies":[{"embeddable":true,"href":"https:\/\/ermdigital.com\/index.php?rest_route=%2Fwp%2Fv2%2Fcomments&post=15385"}],"version-history":[{"count":0,"href":"https:\/\/ermdigital.com\/index.php?rest_route=\/wp\/v2\/posts\/15385\/revisions"}],"wp:featuredmedia":[{"embeddable":true,"href":"https:\/\/ermdigital.com\/index.php?rest_route=\/wp\/v2\/media\/15121"}],"wp:attachment":[{"href":"https:\/\/ermdigital.com\/index.php?rest_route=%2Fwp%2Fv2%2Fmedia&parent=15385"}],"wp:term":[{"taxonomy":"category","embeddable":true,"href":"https:\/\/ermdigital.com\/index.php?rest_route=%2Fwp%2Fv2%2Fcategories&post=15385"},{"taxonomy":"post_tag","embeddable":true,"href":"https:\/\/ermdigital.com\/index.php?rest_route=%2Fwp%2Fv2%2Ftags&post=15385"}],"curies":[{"name":"wp","href":"https:\/\/api.w.org\/{rel}","templated":true}]}}