{"id":15384,"date":"2026-04-08T18:59:00","date_gmt":"2026-04-08T22:59:00","guid":{"rendered":"https:\/\/ermdigital.com\/index.php\/2026\/04\/08\/rosalia-canta-con-carminho-un-fado-en-lisboa\/"},"modified":"2026-04-08T18:59:00","modified_gmt":"2026-04-08T22:59:00","slug":"rosalia-canta-con-carminho-un-fado-en-lisboa","status":"publish","type":"post","link":"https:\/\/ermdigital.com\/?p=15384","title":{"rendered":"Rosal\u00eda canta con Carminho un fado en Lisboa"},"content":{"rendered":"<p>La fadista <strong>Carminho<\/strong> fue la <strong>invitada sorpresa<\/strong> de <strong>Rosal\u00eda<\/strong> en su <strong>primer concierto<\/strong> en Lisboa este mi\u00e9rcoles, donde sorprendi\u00f3 a todos pronunciando unas palabras en chino en el <strong>confesionario<\/strong> durante una conversaci\u00f3n con el creador de contenidos <strong>Marcelo Wang<\/strong>.<\/p>\n<p>La artista espa\u00f1ola actu\u00f3 este mi\u00e9rcoles en el primero de los dos conciertos que va a dar en la sala MEO Arena de la capital lusa -el siguiente ser\u00e1 ma\u00f1ana, jueves- dentro de su <strong>gira<\/strong> \"<strong>Lux Tour 2026&#8243;<\/strong>.<\/p>\n<p>Como <strong>invitada sorpresa<\/strong>, la catalana eligi\u00f3 a <strong>Carminho<\/strong>, una de las fadistas de Portugal m\u00e1s internacionales, con la que <strong>interpret\u00f3 'Mem\u00f3ria'<\/strong>, uno de los temas de su \u00faltimo <strong>\u00e1lbum 'Lux'<\/strong>, que ambas cantan en portugu\u00e9s.<\/p>\n<ul>\n<li><strong>\"Mem\u00f3ria\"\u00a0<\/strong>es un <strong>fado melanc\u00f3lico<\/strong> e intimista lleno de '<strong>saudade<\/strong>', la palabra portuguesa para la que el espa\u00f1ol no tiene traducci\u00f3n y que sirve para definir un sentimiento que mezcla tristeza, anhelo y morri\u00f1a.<\/li>\n<\/ul>\n<h2>Otro momento esperado<\/h2>\n<div class=\"social-embed mb-4\">\n<blockquote class=\"twitter-tweet\">\n<p lang=\"es\" dir=\"ltr\">ROSAL\u00cdA hablando Chino en el confesionario de hoy en el LUX TOUR en Lisboa, Portugal?<\/p>\n<p> <a href=\"https:\/\/t.co\/YQ86L8gO1p\" title=\"pic.twitter.com\/YQ86L8gO1p\" target=\"_blank\" rel=\"nofollow noopener noreferrer\">pic.twitter.com\/YQ86L8gO1p<\/a><\/p>\n<p>\u2014 ROSAL\u00cdA GLOBAL (@ROSALlAGLOBAL) <a href=\"https:\/\/twitter.com\/ROSALlAGLOBAL\/status\/2041983325259067630?ref_src=twsrc%5Etfw\" title=\"April 8, 2026\" target=\"_blank\" rel=\"nofollow noopener noreferrer\">April 8, 2026<\/a><\/p><\/blockquote>\n<div class=\"lazyload\" data-script=\"https:\/\/platform.twitter.com\/widgets.js\"><\/div>\n<\/div>\n<p>Para el <strong>confesionario<\/strong> en Lisboa, uno de los momentos m\u00e1s virales de los \u00faltimos conciertos de <strong>Rosal\u00eda<\/strong> despu\u00e9s de que subieran la semana pasada al escenario en Madrid la cantante Aitana y las influencers Shannis y Esty Quesada para contar sus intimidades, la artista espa\u00f1ola escogi\u00f3 al creador de contenidos chino <strong>Marcelo Wang<\/strong>.<\/p>\n<div class=\"social-embed mb-4\">\n<blockquote class=\"twitter-tweet\">\n<p lang=\"es\" dir=\"ltr\">Carminho apareci\u00f3 por sorpresa en la primera noche del LUX TOUR en Lisboa para cantar \u201cMem\u00f3ria\u201d con Rosal\u00eda. <a href=\"https:\/\/t.co\/jj66HKOWVY\" title=\"pic.twitter.com\/jj66HKOWVY\" target=\"_blank\" rel=\"nofollow noopener noreferrer\">pic.twitter.com\/jj66HKOWVY<\/a><\/p>\n<p>\u2014 ROSAL\u00cdA INFO (@RosaliaInfo_ES) <a href=\"https:\/\/twitter.com\/RosaliaInfo_ES\/status\/2041995067280253288?ref_src=twsrc%5Etfw\" title=\"April 8, 2026\" target=\"_blank\" rel=\"nofollow noopener noreferrer\">April 8, 2026<\/a><\/p><\/blockquote><\/div>\n<p>Wang le cont\u00f3 en ingl\u00e9s a <strong>Rosal\u00eda<\/strong> c\u00f3mo le robaron la cartera y el tel\u00e9fono m\u00f3vil en Barcelona, hasta que la cantante le pregunt\u00f3 c\u00f3mo se dice 'eres una perra en chino\" para referirse al autor del robo, a lo que <strong>Wang le respondi\u00f3 <\/strong>y la cantante repiti\u00f3 sus palabras, ante un p\u00fablico entusiasmado.<\/p>\n<div class=\"w-full pt-2 float-left inside-related\">    <span class=\"border-b border-black pb-3 mb-4 block\"><strong>RELACIONADAS<\/strong><\/span>                <\/p>\n<article class=\"flex flex-wrap border-b pb-4 mb-3 inline-block\">\n<div class=\"xl:w-2\/12 w-4\/12\">\n<figure class=\"mb-0\">                                                    <a href=\"https:\/\/www.diariolibre.com\/revista\/musica\/2026\/03\/20\/de-cantar-en-bares-a-conquistar-el-mundo-asi-se-construyo-rosalia\/3476476?utm_source=relacionadas&amp;utm_medium=nota&amp;utm_campaign=relacionadas\" title=\"                                                                                                                            \">                                                                <img decoding=\"async\" loading=\"lazy\" src=\"https:\/\/resources.diariolibre.com\/images\/2026\/03\/20\/de-cantar-en-bares-a-conquistar-el-mundo-asi-se-construyo-rosalia-5b9aa93e-focus-0.07-0.6-149-99.jpg\" width=\"149\" height=\"99\" title=\"Rosal\u00eda antes de la fama: la historia detr\u00e1s de su ascenso global\" alt=\"Rosal\u00eda antes de la fama: la historia detr\u00e1s de su ascenso global\" class=\"object-cover\">                                                            <\/a>                                            <\/figure>\n<\/p><\/div>\n<div class=\"xl:w-10\/12 w-8\/12 pl-3\">\n<div class=\"text-md mb-2 meta\">                        <a href=\"https:\/\/www.diariolibre.com\/revista\/musica\" title=\"M\u00fasica\">M\u00fasica<\/a>                    <\/div>\n<h2><a href=\"https:\/\/www.diariolibre.com\/revista\/musica\/2026\/03\/20\/de-cantar-en-bares-a-conquistar-el-mundo-asi-se-construyo-rosalia\/3476476?utm_source=relacionadas&amp;utm_medium=nota&amp;utm_campaign=relacionadas\" title=\"Rosal\u00eda antes de la fama: la historia detr\u00e1s de su ascenso global\">Rosal\u00eda antes de la fama: la historia detr\u00e1s de su ascenso global<\/a><\/h2>\n<\/p><\/div>\n<\/article>\n<article class=\"flex flex-wrap border-b pb-4 mb-3 inline-block\">\n<div class=\"xl:w-2\/12 w-4\/12\">\n<figure class=\"mb-0\">                                                    <a href=\"https:\/\/www.diariolibre.com\/revista\/musica\/2025\/11\/09\/rosalia-coloca-12-de15-canciones-de-lux-en-top50-global-de-spotify\/3304968?utm_source=relacionadas&amp;utm_medium=nota&amp;utm_campaign=relacionadas\" title=\"                                                                                                                            \">                                                                <img decoding=\"async\" loading=\"lazy\" src=\"https:\/\/resources.diariolibre.com\/images\/2025\/11\/09\/rosalia-coloca-12-de15-canciones-de-lux-en-top50-global-de-spotify-4f7968f6-focus-0.01-0.44-149-99.jpg\" width=\"149\" height=\"99\" title=\"Rosal\u00eda consigue colocar 12 de las 15 canciones de Lux en el Top50 Global de Spotify\" alt=\"Rosal\u00eda consigue colocar 12 de las 15 canciones de Lux en el Top50 Global de Spotify\" class=\"object-cover\">                                                            <\/a>                                            <\/figure>\n<\/p><\/div>\n<div class=\"xl:w-10\/12 w-8\/12 pl-3\">\n<div class=\"text-md mb-2 meta\">                        <a href=\"https:\/\/www.diariolibre.com\/revista\/musica\" title=\"M\u00fasica\">M\u00fasica<\/a>                    <\/div>\n<h2><a href=\"https:\/\/www.diariolibre.com\/revista\/musica\/2025\/11\/09\/rosalia-coloca-12-de15-canciones-de-lux-en-top50-global-de-spotify\/3304968?utm_source=relacionadas&amp;utm_medium=nota&amp;utm_campaign=relacionadas\" title=\"Rosal\u00eda consigue colocar 12 de las 15 canciones de Lux en el Top50 Global de Spotify\">Rosal\u00eda consigue colocar 12 de las 15 canciones de 'Lux' en el Top50 Global de Spotify<\/a><\/h2>\n<\/p><\/div>\n<\/article><\/div>\n<p>No es la primera vez que ambos aparecen juntos, ya que <strong>Rosal\u00eda<\/strong> ha participado en varios <strong>v\u00eddeos<\/strong> de <strong>Marcelo Wang<\/strong>, donde este le ense\u00f1a frases en chino.<\/p>\n<p>\u200bLa fadista Carminho fue la invitada sorpresa de Rosal\u00eda en su primer concierto en Lisboa este mi\u00e9rcoles, donde sorprendi\u00f3 a todos pronunciando unas palabras en chino en el confesionario durante una conversaci\u00f3n con el creador de contenidos Marcelo Wang.La artista espa\u00f1ola actu\u00f3 este mi\u00e9rcoles en el primero de los dos conciertos que va a dar en la sala MEO Arena de la capital lusa -el siguiente ser\u00e1 ma\u00f1ana, jueves- dentro de su gira \"Lux Tour 2026&#8243;.Como invitada sorpresa, la catalana eligi\u00f3 a Carminho, una de las fadistas de Portugal m\u00e1s internacionales, con la que interpret\u00f3 'Mem\u00f3ria', uno de los temas de su \u00faltimo \u00e1lbum 'Lux', que ambas cantan en portugu\u00e9s.    \"Mem\u00f3ria\"\u00a0es un fado melanc\u00f3lico e intimista lleno de 'saudade', la palabra portuguesa para la que el espa\u00f1ol no tiene traducci\u00f3n y que sirve para definir un sentimiento que mezcla tristeza, anhelo y morri\u00f1a.Otro momento esperadoROSAL\u00cdA hablando Chino en el confesionario de hoy en el LUX TOUR en Lisboa, Portugal? pic.twitter.com\/YQ86L8gO1p\u2014 ROSAL\u00cdA GLOBAL (@ROSALlAGLOBAL) April 8, 2026 Para el confesionario en Lisboa, uno de los momentos m\u00e1s virales de los \u00faltimos conciertos de Rosal\u00eda despu\u00e9s de que subieran la semana pasada al escenario en Madrid la cantante Aitana y las influencers Shannis y Esty Quesada para contar sus intimidades, la artista espa\u00f1ola escogi\u00f3 al creador de contenidos chino Marcelo Wang.Carminho apareci\u00f3 por sorpresa en la primera noche del LUX TOUR en Lisboa para cantar \u201cMem\u00f3ria\u201d con Rosal\u00eda. pic.twitter.com\/jj66HKOWVY\u2014 ROSAL\u00cdA INFO (@RosaliaInfo_ES) April 8, 2026 Wang le cont\u00f3 en ingl\u00e9s a Rosal\u00eda c\u00f3mo le robaron la cartera y el tel\u00e9fono m\u00f3vil en Barcelona, hasta que la cantante le pregunt\u00f3 c\u00f3mo se dice 'eres una perra en chino\" para referirse al autor del robo, a lo que Wang le respondi\u00f3 y la cantante repiti\u00f3 sus palabras, ante un p\u00fablico entusiasmado.    RELACIONADAS                                                                                                                                                                                                                                                                                                                                                            M\u00fasica                                        Rosal\u00eda antes de la fama: la historia detr\u00e1s de su ascenso global                                                                                                                                                                                                                                                                                                                                                                                            M\u00fasica                                        Rosal\u00eda consigue colocar 12 de las 15 canciones de 'Lux' en el Top50 Global de Spotify                                    No es la primera vez que ambos aparecen juntos, ya que Rosal\u00eda ha participado en varios v\u00eddeos de Marcelo Wang, donde este le ense\u00f1a frases en chino.\u00a0\u00a0Revista, M\u00fasica, EFE, Lisboa, Rosal\u00eda, Concierto, Gira, Carminho, confesionario, Lux Tour 2026\u00a0<\/p>\n","protected":false},"excerpt":{"rendered":"<p>La fadista Carminho fue la invitada sorpresa de Rosal\u00eda en su primer concierto en Lisboa este mi\u00e9rcoles, donde sorprendi\u00f3 a todos pronunciando unas palabras en chino en el confesionario durante una conversaci\u00f3n con el creador de contenidos Marcelo Wang. La artista espa\u00f1ola actu\u00f3 este mi\u00e9rcoles en el primero de los dos conciertos que va a [&hellip;]<\/p>\n","protected":false},"author":1,"featured_media":15150,"comment_status":"open","ping_status":"open","sticky":false,"template":"","format":"standard","meta":{"amp_status":"","footnotes":""},"categories":[9],"tags":[],"class_list":["post-15384","post","type-post","status-publish","format-standard","has-post-thumbnail","hentry","category-espectaculo"],"_links":{"self":[{"href":"https:\/\/ermdigital.com\/index.php?rest_route=\/wp\/v2\/posts\/15384","targetHints":{"allow":["GET"]}}],"collection":[{"href":"https:\/\/ermdigital.com\/index.php?rest_route=\/wp\/v2\/posts"}],"about":[{"href":"https:\/\/ermdigital.com\/index.php?rest_route=\/wp\/v2\/types\/post"}],"author":[{"embeddable":true,"href":"https:\/\/ermdigital.com\/index.php?rest_route=\/wp\/v2\/users\/1"}],"replies":[{"embeddable":true,"href":"https:\/\/ermdigital.com\/index.php?rest_route=%2Fwp%2Fv2%2Fcomments&post=15384"}],"version-history":[{"count":0,"href":"https:\/\/ermdigital.com\/index.php?rest_route=\/wp\/v2\/posts\/15384\/revisions"}],"wp:featuredmedia":[{"embeddable":true,"href":"https:\/\/ermdigital.com\/index.php?rest_route=\/wp\/v2\/media\/15150"}],"wp:attachment":[{"href":"https:\/\/ermdigital.com\/index.php?rest_route=%2Fwp%2Fv2%2Fmedia&parent=15384"}],"wp:term":[{"taxonomy":"category","embeddable":true,"href":"https:\/\/ermdigital.com\/index.php?rest_route=%2Fwp%2Fv2%2Fcategories&post=15384"},{"taxonomy":"post_tag","embeddable":true,"href":"https:\/\/ermdigital.com\/index.php?rest_route=%2Fwp%2Fv2%2Ftags&post=15384"}],"curies":[{"name":"wp","href":"https:\/\/api.w.org\/{rel}","templated":true}]}}