{"id":15176,"date":"2026-04-08T10:24:00","date_gmt":"2026-04-08T14:24:00","guid":{"rendered":"https:\/\/ermdigital.com\/index.php\/2026\/04\/08\/entre-el-ruido-y-el-valor-el-dilema-de-la-marca-personal\/"},"modified":"2026-04-08T10:24:00","modified_gmt":"2026-04-08T14:24:00","slug":"entre-el-ruido-y-el-valor-el-dilema-de-la-marca-personal","status":"publish","type":"post","link":"https:\/\/ermdigital.com\/?p=15176","title":{"rendered":"Entre el ruido y el valor: el dilema de la marca personal"},"content":{"rendered":"<p><strong>Todos los d\u00edas<\/strong> pasa algo. Y <strong>todos los d\u00edas<\/strong> <strong>alguien opina<\/strong>. No importa si es una tragedia, una noticia, una pol\u00e9mica o un tema delicado: siempre hay una <strong>ola de opiniones<\/strong> que llega con fuerza, se queda un rato y luego se va para darle paso a la siguiente. <\/p>\n<p>Y en cada ola pasa lo mismo: quienes <strong>m\u00e1s ruido<\/strong> hacen son quienes <strong>m\u00e1s visibilidad<\/strong> tienen. <strong>No necesariamente<\/strong> quienes m\u00e1s saben, ni quienes m\u00e1s han estudiado, ni quienes tienen algo valioso que <strong>aportar<\/strong>, <strong>sino<\/strong> l<strong>os que m\u00e1s ruido hacen<\/strong>. <\/p>\n<p>Ponen la cara seria frente al micr\u00f3fono y con una fuerza digna de estudio psicol\u00f3gico cantan sus cuatro verdades, y se insultan entre ellos, los \u201c<strong>comunicadores<\/strong>\u201d e \u201c<strong>influencers<\/strong>\u201d, con el poder de un micr\u00f3fono en la mano, como si esas palabras fueran la soluci\u00f3n a los problemas que tenemos como individuos y como sociedad. <\/p>\n<p>Y lo m\u00e1s interesante es que esa <strong>din\u00e1mica<\/strong> no parece cansar a nadie; al contrario, <strong>se alimenta sola<\/strong>, como si el <strong>ruido<\/strong> necesitara <strong>m\u00e1s ruido<\/strong> para sostenerse.<\/p>\n<p>La <strong>marca personal<\/strong> no naci\u00f3 en Instagram. Se populariz\u00f3 en <strong>1997<\/strong>, cuando <strong>Tom Peters<\/strong> escribi\u00f3 que cada persona deb\u00eda verse como una marca. Lo que no dijo es que esa marca ten\u00eda que gritar, opinar de todo o vivir reaccionando a lo que est\u00e9 pasando ese d\u00eda.<\/p>\n<article class=\"border-t border-b py-5 mb-5 component nota-incrustada\">    <span class=\"block mb-2\"><strong>Te puede interesar<\/strong><\/span>                <\/p>\n<h2><a href=\"https:\/\/www.diariolibre.com\/revista\/buena-vida\/2026\/03\/10\/por-amor-a-los-premios-oscar\/3464362?utm_source=relacionadas&amp;utm_medium=nota&amp;utm_campaign=relacionadas\" title=\"Por amor al \u00d3scar\">Por amor al \u00d3scar<\/a><\/h2>\n<\/article>\n<h2>\u00bfQu\u00e9 funciona en <strong>marca personal<\/strong>?<\/h2>\n<p>Llevo <strong>emprendiendo desde 2006<\/strong>, y en ese camino he tenido que aprender (a veces a la mala) sobre <strong>comunicaci\u00f3n<\/strong>, posicionamiento y, a pesar de la longevidad del t\u00e9rmino, empec\u00e9 a \u201cpreocuparme\u201d sobre ello alrededor de 2018, cuando estaba desarrollando mi proyecto de <em><strong>mindfulness<\/strong><\/em> en Rep\u00fablica Dominicana, y desde entonces hay algo que no termina de cuadrarme. <\/p>\n<p>Todo lo que se ense\u00f1a sobre <strong>marca personal<\/strong> parece ir en una direcci\u00f3n: <strong>claridad<\/strong>, <strong>consistencia<\/strong>, <strong>prop\u00f3sito<\/strong>, <strong>contenido con intenci\u00f3n<\/strong>. Se habla de construir una voz, de <strong>sostener<\/strong> un mensaje, de <strong>aportar<\/strong> valor real. Pero cuando uno mira lo que realmente se posiciona, lo que crece, lo que se comparte, muchas veces no es eso. <\/p>\n<p>Es lo <strong>r\u00e1pido<\/strong>, lo <strong>impulsivo<\/strong>, lo <strong>poco filtrado<\/strong>. Y eso genera una desconexi\u00f3n dif\u00edcil de ignorar entre lo que se predica y lo que se premia.<\/p>\n<p>Ah\u00ed es donde empieza el <strong>conflicto<\/strong>. Porque hay personas con <strong>formaci\u00f3n<\/strong>, con <strong>experiencia<\/strong>, con mensajes bien pensados, que no logran conectar con grandes audiencias. Publican, sostienen, se esfuerzan\u2026 y se cansan. <\/p>\n<p>Se cuestionan si lo est\u00e1n haciendo mal, si deber\u00edan simplificar su mensaje, si deber\u00edan \u201cbajarle dos\u201d a la <strong>profundidad<\/strong>. Mientras tanto, otras personas, sin necesariamente tener el mismo nivel de preparaci\u00f3n, opinan con una libertad total, muchas veces desde la ligereza o la desinformaci\u00f3n, y logran una <strong>visibilidad<\/strong> que resulta dif\u00edcil de ignorar.<\/p>\n<h2>\u00bfC\u00f3mo quieres jugar?<\/h2>\n<p>Entonces aparece la pregunta inc\u00f3moda: \u00bfde qu\u00e9 sirve todo lo que se estudia sobre <strong>marca personal<\/strong> si lo que funciona es otra cosa? Y m\u00e1s a\u00fan, \u00bfqu\u00e9 pasa con quienes s\u00ed quieren hacerlo bien, pero sienten que el sistema premia lo contrario?<\/p>\n<p>La respuesta f\u00e1cil ser\u00eda decir que la gente conecta con lo <strong>aut\u00e9ntico<\/strong>. Y es cierto, pero esa idea se ha simplificado tanto que se ha vuelto <strong>peligrosa<\/strong>. <\/p>\n<p>Porque una cosa es <strong>ser aut\u00e9ntico<\/strong> y otra muy distinta es <strong>ser descuidado<\/strong>; una cosa es <strong>hablar<\/strong> claro y otra es <strong>hablar<\/strong> sin responsabilidad; una cosa es conectar y otra es banalizar. <\/p>\n<p>El problema no es que alguien diga lo que piensa sin filtro, el problema es cuando eso se convierte en el est\u00e1ndar y todo lo dem\u00e1s empieza a parecer innecesario, como si <strong>pensar antes<\/strong> de <strong>hablar<\/strong> fuera una <strong>desventaja<\/strong>. <\/p>\n<p>Ah\u00ed es donde el <strong>conocimiento<\/strong> empieza a perder terreno frente al <strong>espect\u00e1culo<\/strong>, y donde la forma comienza a pesar m\u00e1s que el fondo. Y cuando eso pasa de manera constante, no solo afecta a quien comunica, sino tambi\u00e9n a quien consume.<\/p>\n<p>Esto no significa que haya que volverse <strong>r\u00edgido<\/strong>, <strong>acad\u00e9mico<\/strong> o distante para ser tomado en serio. Tampoco se trata de rechazar las redes o dejar de <strong>participar<\/strong> en la conversaci\u00f3n. <\/p>\n<p>Se trata de entender en qu\u00e9 juego se est\u00e1 participando y <strong>decidir<\/strong> c\u00f3mo se quiere <strong>jugar<\/strong>. <\/p>\n<p>Tal vez el verdadero reto no es elegir entre <strong>ser aut\u00e9ntico<\/strong> o ser <strong>responsable<\/strong>, sino <strong>sostener<\/strong> ambas cosas al mismo tiempo: <strong>decir lo que se piensa<\/strong>, pero <strong>hacerse cargo<\/strong> de lo que se dice; conectar, pero sin vaciar el contenido; <strong>ser cercano<\/strong>, pero sin perder criterio. <\/p>\n<p>No es el camino m\u00e1s <strong>r\u00e1pido<\/strong>, probablemente tampoco el m\u00e1s <strong>visible<\/strong> en el <strong>corto plazo<\/strong>, pero puede ser el m\u00e1s sostenible. <\/p>\n<p>Y en medio de tantas olas de opini\u00f3n, quiz\u00e1s vale la pena <strong>detenerse<\/strong> y preguntarse si lo que estamos diciendo aporta o simplemente suma al <strong>ruido<\/strong>, porque no todo lo que se ve funciona, y no todo lo que tarda en crecer est\u00e1 fallando.<\/p>\n<div class=\"read-more mb-7\">    <span class=\"block mb-2\">Leer m\u00e1s<\/span>    <\/p>\n<ul class=\"glosa\">\n<li>\n<h3><a href=\"https:\/\/www.diariolibre.com\/revista\/buena-vida\/2026\/01\/26\/espiritualidad-para-mujeres-cansadas-de-obedecer\/3416433?utm_source=relacionadas&amp;utm_medium=nota&amp;utm_campaign=relacionadas\" title=\"Creer sin permiso: espiritualidad para mujeres cansadas de obedecer\">Creer sin permiso: espiritualidad para mujeres cansadas de obedecer<\/a><\/h3>\n<\/li>\n<li>\n<h3><a href=\"https:\/\/www.diariolibre.com\/revista\/buena-vida\/2025\/12\/04\/el-arte-de-encontrarte-a-ti-misma-despues-del-amor\/3367551?utm_source=relacionadas&amp;utm_medium=nota&amp;utm_campaign=relacionadas\" title=\"El arte de volver a dibujarte despu\u00e9s de borrarte por amor\">El arte de volver a dibujarte despu\u00e9s de borrarte por amor<\/a><\/h3>\n<\/li>\n<li>\n<h3><a href=\"https:\/\/www.diariolibre.com\/revista\/buena-vida\/2025\/10\/31\/multitasking-un-invento-fallido-para-los-humanos\/3296714?utm_source=relacionadas&amp;utm_medium=nota&amp;utm_campaign=relacionadas\" title=\"Qu\u00edtale la corona al multitasking\">Qu\u00edtale la corona al multitasking<\/a><\/h3>\n<\/li>\n<\/ul>\n<\/div>\n<p><\/p>\n<p>\u200bTodos los d\u00edas pasa algo. Y todos los d\u00edas alguien opina. No importa si es una tragedia, una noticia, una pol\u00e9mica o un tema delicado: siempre hay una ola de opiniones que llega con fuerza, se queda un rato y luego se va para darle paso a la siguiente. Y en cada ola pasa lo mismo: quienes m\u00e1s ruido hacen son quienes m\u00e1s visibilidad tienen. No necesariamente quienes m\u00e1s saben, ni quienes m\u00e1s han estudiado, ni quienes tienen algo valioso que aportar, sino los que m\u00e1s ruido hacen. Ponen la cara seria frente al micr\u00f3fono y con una fuerza digna de estudio psicol\u00f3gico cantan sus cuatro verdades, y se insultan entre ellos, los \u201ccomunicadores\u201d e \u201cinfluencers\u201d, con el poder de un micr\u00f3fono en la mano, como si esas palabras fueran la soluci\u00f3n a los problemas que tenemos como individuos y como sociedad. Y lo m\u00e1s interesante es que esa din\u00e1mica no parece cansar a nadie; al contrario, se alimenta sola, como si el ruido necesitara m\u00e1s ruido para sostenerse.La marca personal no naci\u00f3 en Instagram. Se populariz\u00f3 en 1997, cuando Tom Peters escribi\u00f3 que cada persona deb\u00eda verse como una marca. Lo que no dijo es que esa marca ten\u00eda que gritar, opinar de todo o vivir reaccionando a lo que est\u00e9 pasando ese d\u00eda.    Te puede interesar                Por amor al \u00d3scar            \u00bfQu\u00e9 funciona en marca personal?Llevo emprendiendo desde 2006, y en ese camino he tenido que aprender (a veces a la mala) sobre comunicaci\u00f3n, posicionamiento y, a pesar de la longevidad del t\u00e9rmino, empec\u00e9 a \u201cpreocuparme\u201d sobre ello alrededor de 2018, cuando estaba desarrollando mi proyecto de mindfulness en Rep\u00fablica Dominicana, y desde entonces hay algo que no termina de cuadrarme. Todo lo que se ense\u00f1a sobre marca personal parece ir en una direcci\u00f3n: claridad, consistencia, prop\u00f3sito, contenido con intenci\u00f3n. Se habla de construir una voz, de sostener un mensaje, de aportar valor real. Pero cuando uno mira lo que realmente se posiciona, lo que crece, lo que se comparte, muchas veces no es eso. Es lo r\u00e1pido, lo impulsivo, lo poco filtrado. Y eso genera una desconexi\u00f3n dif\u00edcil de ignorar entre lo que se predica y lo que se premia.Ah\u00ed es donde empieza el conflicto. Porque hay personas con formaci\u00f3n, con experiencia, con mensajes bien pensados, que no logran conectar con grandes audiencias. Publican, sostienen, se esfuerzan\u2026 y se cansan. Se cuestionan si lo est\u00e1n haciendo mal, si deber\u00edan simplificar su mensaje, si deber\u00edan \u201cbajarle dos\u201d a la profundidad. Mientras tanto, otras personas, sin necesariamente tener el mismo nivel de preparaci\u00f3n, opinan con una libertad total, muchas veces desde la ligereza o la desinformaci\u00f3n, y logran una visibilidad que resulta dif\u00edcil de ignorar.\u00bfC\u00f3mo quieres jugar?Entonces aparece la pregunta inc\u00f3moda: \u00bfde qu\u00e9 sirve todo lo que se estudia sobre marca personal si lo que funciona es otra cosa? Y m\u00e1s a\u00fan, \u00bfqu\u00e9 pasa con quienes s\u00ed quieren hacerlo bien, pero sienten que el sistema premia lo contrario?La respuesta f\u00e1cil ser\u00eda decir que la gente conecta con lo aut\u00e9ntico. Y es cierto, pero esa idea se ha simplificado tanto que se ha vuelto peligrosa. Porque una cosa es ser aut\u00e9ntico y otra muy distinta es ser descuidado; una cosa es hablar claro y otra es hablar sin responsabilidad; una cosa es conectar y otra es banalizar. El problema no es que alguien diga lo que piensa sin filtro, el problema es cuando eso se convierte en el est\u00e1ndar y todo lo dem\u00e1s empieza a parecer innecesario, como si pensar antes de hablar fuera una desventaja. Ah\u00ed es donde el conocimiento empieza a perder terreno frente al espect\u00e1culo, y donde la forma comienza a pesar m\u00e1s que el fondo. Y cuando eso pasa de manera constante, no solo afecta a quien comunica, sino tambi\u00e9n a quien consume.Esto no significa que haya que volverse r\u00edgido, acad\u00e9mico o distante para ser tomado en serio. Tampoco se trata de rechazar las redes o dejar de participar en la conversaci\u00f3n. Se trata de entender en qu\u00e9 juego se est\u00e1 participando y decidir c\u00f3mo se quiere jugar. Tal vez el verdadero reto no es elegir entre ser aut\u00e9ntico o ser responsable, sino sostener ambas cosas al mismo tiempo: decir lo que se piensa, pero hacerse cargo de lo que se dice; conectar, pero sin vaciar el contenido; ser cercano, pero sin perder criterio. No es el camino m\u00e1s r\u00e1pido, probablemente tampoco el m\u00e1s visible en el corto plazo, pero puede ser el m\u00e1s sostenible. Y en medio de tantas olas de opini\u00f3n, quiz\u00e1s vale la pena detenerse y preguntarse si lo que estamos diciendo aporta o simplemente suma al ruido, porque no todo lo que se ve funciona, y no todo lo que tarda en crecer est\u00e1 fallando.    Leer m\u00e1s                            Creer sin permiso: espiritualidad para mujeres cansadas de obedecer                            El arte de volver a dibujarte despu\u00e9s de borrarte por amor                            Qu\u00edtale la corona al multitasking\u00a0\u00a0Revista, Buena vida, Ericarol Carlo, Santo Domingo, Comunicaci\u00f3n, Ruido, Marca personal\u00a0<\/p>\n","protected":false},"excerpt":{"rendered":"<p>Todos los d\u00edas pasa algo. Y todos los d\u00edas alguien opina. No importa si es una tragedia, una noticia, una pol\u00e9mica o un tema delicado: siempre hay una ola de opiniones que llega con fuerza, se queda un rato y luego se va para darle paso a la siguiente. Y en cada ola pasa lo [&hellip;]<\/p>\n","protected":false},"author":1,"featured_media":14849,"comment_status":"open","ping_status":"open","sticky":false,"template":"","format":"standard","meta":{"amp_status":"","footnotes":""},"categories":[9],"tags":[],"class_list":["post-15176","post","type-post","status-publish","format-standard","has-post-thumbnail","hentry","category-espectaculo"],"_links":{"self":[{"href":"https:\/\/ermdigital.com\/index.php?rest_route=\/wp\/v2\/posts\/15176","targetHints":{"allow":["GET"]}}],"collection":[{"href":"https:\/\/ermdigital.com\/index.php?rest_route=\/wp\/v2\/posts"}],"about":[{"href":"https:\/\/ermdigital.com\/index.php?rest_route=\/wp\/v2\/types\/post"}],"author":[{"embeddable":true,"href":"https:\/\/ermdigital.com\/index.php?rest_route=\/wp\/v2\/users\/1"}],"replies":[{"embeddable":true,"href":"https:\/\/ermdigital.com\/index.php?rest_route=%2Fwp%2Fv2%2Fcomments&post=15176"}],"version-history":[{"count":0,"href":"https:\/\/ermdigital.com\/index.php?rest_route=\/wp\/v2\/posts\/15176\/revisions"}],"wp:featuredmedia":[{"embeddable":true,"href":"https:\/\/ermdigital.com\/index.php?rest_route=\/wp\/v2\/media\/14849"}],"wp:attachment":[{"href":"https:\/\/ermdigital.com\/index.php?rest_route=%2Fwp%2Fv2%2Fmedia&parent=15176"}],"wp:term":[{"taxonomy":"category","embeddable":true,"href":"https:\/\/ermdigital.com\/index.php?rest_route=%2Fwp%2Fv2%2Fcategories&post=15176"},{"taxonomy":"post_tag","embeddable":true,"href":"https:\/\/ermdigital.com\/index.php?rest_route=%2Fwp%2Fv2%2Ftags&post=15176"}],"curies":[{"name":"wp","href":"https:\/\/api.w.org\/{rel}","templated":true}]}}