{"id":15130,"date":"2026-04-08T08:16:00","date_gmt":"2026-04-08T12:16:00","guid":{"rendered":"https:\/\/ermdigital.com\/index.php\/2026\/04\/08\/pompidou-dedica-una-retrospectiva-al-cine-de-almodovar\/"},"modified":"2026-04-08T08:16:00","modified_gmt":"2026-04-08T12:16:00","slug":"pompidou-dedica-una-retrospectiva-al-cine-de-almodovar","status":"publish","type":"post","link":"https:\/\/ermdigital.com\/?p=15130","title":{"rendered":"Pompidou dedica una retrospectiva al cine de Almod\u00f3var"},"content":{"rendered":"<p>El Centro <strong>Pompidou<\/strong> de Par\u00eds, actualmente cerrado por reformas, y la cadena de cines, distribuidora y productora francesa <strong>MK2<\/strong> repasar\u00e1n desde este mi\u00e9rcoles la <strong>filmograf\u00eda de Pedro Almod\u00f3var<\/strong>, con una <strong>retrospectiva<\/strong> que mostrar\u00e1 que la obra del <strong>cineasta<\/strong> espa\u00f1ol es un viaje por \"la complejidad del <strong>alma humana<\/strong>\".<\/p>\n<p>\"La <strong>obra de Pedro Almod\u00f3var<\/strong>, excepcional por su envergadura, <strong>atraviesa las \u00e9pocas<\/strong> y se transforma con el paso del tiempo, sin dejar de ser \u00fanica por su <strong>enfoque de la ficci\u00f3n<\/strong> y sus formas\", indic\u00f3 el <strong>Pompidou<\/strong> en un comunicado.<\/p>\n<p>El centro dedicado al arte contempor\u00e1neo considera al <strong>oscarizado director<\/strong> uno \"de los m\u00e1s grandes cineastas cin\u00e9filos\" de la historia, capaz de navegar por todos todo tipo g\u00e9neros, muchas veces a la vez, como el <strong>melodrama<\/strong>, la comedia o el '<strong>thriller<\/strong>'.<\/p>\n<p>\"A partir de esa <strong>pluralidad<\/strong> construye la voz que requiere cada uno de sus proyectos, todos ellos impulsados por el mismo formidable aliento novelesco, por el mismo genio de los entrelazamientos temporales, de la puesta en escena -y tambi\u00e9n de los colores-. Reunir sus pel\u00edculas para esta invitaci\u00f3n es viajar al <strong>Madrid alternativo<\/strong> y liberado de la <strong>Movida<\/strong>\", destac\u00f3 la organizaci\u00f3n.<\/p>\n<p>El ciclo, titulado '<strong>Attachements<\/strong>' (&#8217;Apegos') y desarrollado en el cine <strong>MK2<\/strong> Biblioth\u00e8que, ser\u00e1 inaugurado esta noche con la proyecci\u00f3n de '<strong>La flor de mi secreto<\/strong>', de 1995 y con un reparto encabezado por Marisa Paredes, Juan Echanove, Carmen El\u00edas y <strong>Rossy de Palma<\/strong>.<\/p>\n<p>Esta \u00faltima actriz estar\u00e1 adem\u00e1s presente en la inauguraci\u00f3n, mientras que el propio <strong>Almod\u00f3var<\/strong> (Calzada de Calatrava, 1949) participar\u00e1 en el ciclo el fin de semana, con una <strong>clase magistral<\/strong> abierta al p\u00fablico parisino este s\u00e1bado.<\/p>\n<p>Entre medias, ma\u00f1ana y el viernes, se exhibir\u00e1n '<strong>Matador<\/strong>' (1986) y '<strong>Volver<\/strong>' (2006). Las proyecciones se prolongar\u00e1n hasta el <strong>26 de mayo<\/strong> para dar cabida a todas las cintas del realizador manchego excepto la \u00faltima, 'Amarga Navidad' (2026), que aunque ya ha sido estrenada en Espa\u00f1a a\u00fan no ha llegado a las salas en Francia.<\/p>\n<h2>M\u00e1s<\/h2>\n<ul>\n<li>'<strong>Los abrazos rotos<\/strong>' (2009) ser\u00e1 la encargada de poner el broche final al evento, que adem\u00e1s de <strong>Rossy de Palma<\/strong> y el propio <strong>Almod\u00f3var<\/strong> contar\u00e1 con la participaci\u00f3n de otros nombres ilustres de su cine, como el compositor <strong>Alberto Iglesias<\/strong> o su hermano, el productor Agust\u00edn <strong>Almod\u00f3var<\/strong>.<\/li>\n<li>El ciclo pretende <strong>celebrar<\/strong> tambi\u00e9n a quienes han construido la filmograf\u00eda del <strong>Almod\u00f3var<\/strong> junto a \u00e9l, con un acento muy especial en las mujeres que han encarnado sus ic\u00f3nicos <strong>personajes femeninos<\/strong>.<\/li>\n<\/ul>\n<article class=\"border-t border-b py-5 mb-5 component nota-incrustada\">    <span class=\"block mb-2\"><strong>Te puede interesar<\/strong><\/span>                <\/p>\n<h2><a href=\"https:\/\/www.diariolibre.com\/revista\/cultura\/2025\/06\/18\/pedro-almodovar-los-javis-rinden-homenaje-en-serie-exclusiva\/3154113?utm_source=relacionadas&amp;utm_medium=nota&amp;utm_campaign=relacionadas\" title=\"El retrato que Pedro Almod\u00f3var s\u00ed quiso: confesiones de un director sin biograf\u00eda\">El retrato que Pedro Almod\u00f3var s\u00ed quiso: confesiones de un director sin biograf\u00eda<\/a><\/h2>\n<\/article>\n<p><\/p>\n<p>\u200bEl Centro Pompidou de Par\u00eds, actualmente cerrado por reformas, y la cadena de cines, distribuidora y productora francesa MK2 repasar\u00e1n desde este mi\u00e9rcoles la filmograf\u00eda de Pedro Almod\u00f3var, con una retrospectiva que mostrar\u00e1 que la obra del cineasta espa\u00f1ol es un viaje por \"la complejidad del alma humana\".\"La obra de Pedro Almod\u00f3var, excepcional por su envergadura, atraviesa las \u00e9pocas y se transforma con el paso del tiempo, sin dejar de ser \u00fanica por su enfoque de la ficci\u00f3n y sus formas\", indic\u00f3 el Pompidou en un comunicado.El centro dedicado al arte contempor\u00e1neo considera al oscarizado director uno \"de los m\u00e1s grandes cineastas cin\u00e9filos\" de la historia, capaz de navegar por todos todo tipo g\u00e9neros, muchas veces a la vez, como el melodrama, la comedia o el 'thriller'.\"A partir de esa pluralidad construye la voz que requiere cada uno de sus proyectos, todos ellos impulsados por el mismo formidable aliento novelesco, por el mismo genio de los entrelazamientos temporales, de la puesta en escena -y tambi\u00e9n de los colores-. Reunir sus pel\u00edculas para esta invitaci\u00f3n es viajar al Madrid alternativo y liberado de la Movida\", destac\u00f3 la organizaci\u00f3n.El ciclo, titulado 'Attachements' (&#8217;Apegos') y desarrollado en el cine MK2 Biblioth\u00e8que, ser\u00e1 inaugurado esta noche con la proyecci\u00f3n de 'La flor de mi secreto', de 1995 y con un reparto encabezado por Marisa Paredes, Juan Echanove, Carmen El\u00edas y Rossy de Palma.Esta \u00faltima actriz estar\u00e1 adem\u00e1s presente en la inauguraci\u00f3n, mientras que el propio Almod\u00f3var (Calzada de Calatrava, 1949) participar\u00e1 en el ciclo el fin de semana, con una clase magistral abierta al p\u00fablico parisino este s\u00e1bado.Entre medias, ma\u00f1ana y el viernes, se exhibir\u00e1n 'Matador' (1986) y 'Volver' (2006). Las proyecciones se prolongar\u00e1n hasta el 26 de mayo para dar cabida a todas las cintas del realizador manchego excepto la \u00faltima, 'Amarga Navidad' (2026), que aunque ya ha sido estrenada en Espa\u00f1a a\u00fan no ha llegado a las salas en Francia.M\u00e1s    'Los abrazos rotos' (2009) ser\u00e1 la encargada de poner el broche final al evento, que adem\u00e1s de Rossy de Palma y el propio Almod\u00f3var contar\u00e1 con la participaci\u00f3n de otros nombres ilustres de su cine, como el compositor Alberto Iglesias o su hermano, el productor Agust\u00edn Almod\u00f3var.    El ciclo pretende celebrar tambi\u00e9n a quienes han construido la filmograf\u00eda del Almod\u00f3var junto a \u00e9l, con un acento muy especial en las mujeres que han encarnado sus ic\u00f3nicos personajes femeninos.    Te puede interesar                El retrato que Pedro Almod\u00f3var s\u00ed quiso: confesiones de un director sin biograf\u00eda\u00a0\u00a0Revista, Cultura, EFE, Par\u00eds, cineasta, Almod\u00f3var, Pompidou\u00a0<\/p>\n","protected":false},"excerpt":{"rendered":"<p>El Centro Pompidou de Par\u00eds, actualmente cerrado por reformas, y la cadena de cines, distribuidora y productora francesa MK2 repasar\u00e1n desde este mi\u00e9rcoles la filmograf\u00eda de Pedro Almod\u00f3var, con una retrospectiva que mostrar\u00e1 que la obra del cineasta espa\u00f1ol es un viaje por \"la complejidad del alma humana\". \"La obra de Pedro Almod\u00f3var, excepcional por [&hellip;]<\/p>\n","protected":false},"author":1,"featured_media":14780,"comment_status":"open","ping_status":"open","sticky":false,"template":"","format":"standard","meta":{"amp_status":"","footnotes":""},"categories":[9],"tags":[],"class_list":["post-15130","post","type-post","status-publish","format-standard","has-post-thumbnail","hentry","category-espectaculo"],"_links":{"self":[{"href":"https:\/\/ermdigital.com\/index.php?rest_route=\/wp\/v2\/posts\/15130","targetHints":{"allow":["GET"]}}],"collection":[{"href":"https:\/\/ermdigital.com\/index.php?rest_route=\/wp\/v2\/posts"}],"about":[{"href":"https:\/\/ermdigital.com\/index.php?rest_route=\/wp\/v2\/types\/post"}],"author":[{"embeddable":true,"href":"https:\/\/ermdigital.com\/index.php?rest_route=\/wp\/v2\/users\/1"}],"replies":[{"embeddable":true,"href":"https:\/\/ermdigital.com\/index.php?rest_route=%2Fwp%2Fv2%2Fcomments&post=15130"}],"version-history":[{"count":0,"href":"https:\/\/ermdigital.com\/index.php?rest_route=\/wp\/v2\/posts\/15130\/revisions"}],"wp:featuredmedia":[{"embeddable":true,"href":"https:\/\/ermdigital.com\/index.php?rest_route=\/wp\/v2\/media\/14780"}],"wp:attachment":[{"href":"https:\/\/ermdigital.com\/index.php?rest_route=%2Fwp%2Fv2%2Fmedia&parent=15130"}],"wp:term":[{"taxonomy":"category","embeddable":true,"href":"https:\/\/ermdigital.com\/index.php?rest_route=%2Fwp%2Fv2%2Fcategories&post=15130"},{"taxonomy":"post_tag","embeddable":true,"href":"https:\/\/ermdigital.com\/index.php?rest_route=%2Fwp%2Fv2%2Ftags&post=15130"}],"curies":[{"name":"wp","href":"https:\/\/api.w.org\/{rel}","templated":true}]}}