{"id":15128,"date":"2026-04-08T09:52:00","date_gmt":"2026-04-08T13:52:00","guid":{"rendered":"https:\/\/ermdigital.com\/index.php\/2026\/04\/08\/denuncia-contra-tokischa-altagracia-por-grabacion-en-basilica\/"},"modified":"2026-04-08T09:52:00","modified_gmt":"2026-04-08T13:52:00","slug":"denuncia-contra-tokischa-altagracia-por-grabacion-en-basilica","status":"publish","type":"post","link":"https:\/\/ermdigital.com\/?p=15128","title":{"rendered":"Denuncia contra Tokischa Altagracia por grabaci\u00f3n en bas\u00edlica"},"content":{"rendered":"<p>El <strong>obispado de San Sebasti\u00e1n<\/strong> (norte de Espa\u00f1a) ha exigido que se retiren las im\u00e1genes difundidas en redes sociales de la <strong>rapera<\/strong> dominicana <strong>Tokischa Altagracia<\/strong>, que aparece semidesnuda dentro de la bas\u00edlica de Nuestra Se\u00f1ora del Coro.<\/p>\n<p>La <strong>di\u00f3cesis<\/strong>, que ya se ha dirigido a la <strong>productora<\/strong>, estudia si los hechos \"pudieran requerir de alg\u00fan tipo de acci\u00f3n<strong> jur\u00eddica o can\u00f3nica<\/strong>\", seg\u00fan inform\u00f3 este mi\u00e9rcoles en un comunicado.<\/p>\n<p>El <strong>obispado<\/strong> ha recordado a la <strong>productora<\/strong> que en su momento le transmiti\u00f3 la negativa para la <strong>grabaci\u00f3n<\/strong>.<\/p>\n<p>Tambi\u00e9n lamenta \"profundamente el <strong>uso indebido<\/strong> de un <strong>espacio sagrado<\/strong> para la realizaci\u00f3n de contenidos\" que \"resultan incompatibles con el respeto debido a un <strong>lugar sagrado<\/strong> y hieren la <strong>sensibilidad religiosa<\/strong> de los fieles\".<\/p>\n<h2>Un <strong>lugar sagrado<\/strong>, seg\u00fan el <strong>derecho can\u00f3nico<\/strong><\/h2>\n<p>Argumenta que, seg\u00fan el <strong>derecho can\u00f3nico<\/strong>, \"en un <strong>lugar sagrado<\/strong> s\u00f3lo puede admitirse aquello que favorece el ejercicio y el fomento del culto, de la piedad y de la religi\u00f3n, y se proh\u00edbe la realizaci\u00f3n de lo que no est\u00e9 en consonancia con la santidad del lugar\".<\/p>\n<figure class=\"inline-block\">\n<div class=\"expand-img-placeholder\"><img loading=\"lazy\" decoding=\"async\" src=\"https:\/\/resources.diariolibre.com\/images\/expand.svg\" alt=\"Expandir imagen\" width=\"20\" height=\"20\"><span class=\"rutaimagenoriginal-placeholder\">https:\/\/resources.diariolibre.com\/images\/2026\/04\/08\/whatsapp-image-2026-04-08-at-11327-pm-2e231916.jpeg<\/span><\/div>\n<p><img decoding=\"async\" loading=\"lazy\" src=\"https:\/\/resources.diariolibre.com\/images\/2026\/04\/08\/whatsapp-image-2026-04-08-at-11327-pm-2e231916.jpeg\" width=\"auto\" height=\"350\" alt=\"[object HTMLTextAreaElement]\" class=\"mx-auto\"><figcaption><span>El obispado de San Sebasti\u00e1n exigi\u00f3 retirar las im\u00e1genes de Tokischa Altagracia semidesnuda dentro de la bas\u00edlica de Nuestra Se\u00f1ora del Coro, difundidas en redes sociales.<\/span><span> (<strong>FUENTE EXTERNA<\/strong>)<\/span><\/figcaption><\/figure>\n<p>Ello no impide que, \"en casos concretos y particulares\", el <strong>obispo<\/strong> puede <strong>permitir otros usos<\/strong>, \"siempre que no sean contrarios a la santidad del lugar como conciertos o exposiciones\".<\/p>\n<div class=\"w-full pt-2 float-left inside-related\">    <span class=\"border-b border-black pb-3 mb-4 block\"><strong>RELACIONADAS<\/strong><\/span>                <\/p>\n<article class=\"flex flex-wrap border-b pb-4 mb-3 inline-block\">\n<div class=\"xl:w-2\/12 w-4\/12\">\n<figure class=\"mb-0\">                                                    <a href=\"https:\/\/www.diariolibre.com\/revista\/moda\/2026\/01\/24\/noventeros-y-con-personalidad-asi-son-los-bolsos-de-temporada\/3413889?utm_source=relacionadas&amp;utm_medium=nota&amp;utm_campaign=relacionadas\" title=\"                                                                                                                            \">                                                                <img decoding=\"async\" loading=\"lazy\" src=\"https:\/\/resources.diariolibre.com\/images\/2026\/01\/23\/noventeros-y-con-personalidad-asi-son-los-bolsos-de-temporada-4c1e2417-focus-0.01-0.52-353-227.png\" width=\"149\" height=\"99\" title=\"Los bolsos que triunfar\u00e1n esta temporada llegan con aire noventero y mucha personalidad\" alt=\"Los bolsos que triunfar\u00e1n esta temporada llegan con aire noventero y mucha personalidad\" class=\"object-cover\">                                                            <\/a>                                            <\/figure>\n<\/p><\/div>\n<div class=\"xl:w-10\/12 w-8\/12 pl-3\">\n<div class=\"text-md mb-2 meta\">                        <a href=\"https:\/\/www.diariolibre.com\/revista\/moda\" title=\"Moda\">Moda<\/a>                    <\/div>\n<h2><a href=\"https:\/\/www.diariolibre.com\/revista\/moda\/2026\/01\/24\/noventeros-y-con-personalidad-asi-son-los-bolsos-de-temporada\/3413889?utm_source=relacionadas&amp;utm_medium=nota&amp;utm_campaign=relacionadas\" title=\"Los bolsos que triunfar\u00e1n esta temporada llegan con aire noventero y mucha personalidad\">Los bolsos que triunfar\u00e1n esta temporada llegan con aire noventero y mucha personalidad<\/a><\/h2>\n<\/p><\/div>\n<\/article><\/div>\n<h2>Lo que dice el obispado<\/h2>\n<p>El <strong>obispado<\/strong> recuerda que, en <strong>julio del a\u00f1o pasado<\/strong>, la <strong>productora<\/strong> le <strong>pidi\u00f3 permiso<\/strong> \"para filmar una escena breve dentro de alg\u00fan templo\" de la <strong>di\u00f3cesis<\/strong> de San Sebasti\u00e1n. Ser\u00eda \"un momento contemplativo y respetuoso, sin di\u00e1logos ni actividad que interrumpiera la din\u00e1mica del lugar\".<\/p>\n<ul>\n<li>No obstante, tras analizar otros trabajos de la <strong>productora<\/strong> y de la artista, el <strong>obispado<\/strong> le comunic\u00f3 que \"no autorizaba la <strong>grabaci\u00f3n<\/strong> del proyecto en ninguno de los templos o ermitas\" de la <strong>di\u00f3cesis<\/strong>.<\/li>\n<li>A pesar de ello, la <strong>productora<\/strong> se puso en comunicaci\u00f3n con los <strong>responsables<\/strong> de la bas\u00edlica para este proyecto, \"silenciando su contenido aut\u00e9ntico y la negativa que ya hab\u00edan recibido del <strong>obispado<\/strong>\", detalla el comunicado.<\/li>\n<li>Al conocer los hechos, la <strong>Fundaci\u00f3n Espa\u00f1ola de Abogados Cristianos<\/strong> present\u00f3 una denuncia judicial contra la <strong>rapera<\/strong>. <\/li>\n<\/ul>\n<p>\u200bEl obispado de San Sebasti\u00e1n (norte de Espa\u00f1a) ha exigido que se retiren las im\u00e1genes difundidas en redes sociales de la rapera dominicana Tokischa Altagracia, que aparece semidesnuda dentro de la bas\u00edlica de Nuestra Se\u00f1ora del Coro.La di\u00f3cesis, que ya se ha dirigido a la productora, estudia si los hechos \"pudieran requerir de alg\u00fan tipo de acci\u00f3n jur\u00eddica o can\u00f3nica\", seg\u00fan inform\u00f3 este mi\u00e9rcoles en un comunicado.El obispado ha recordado a la productora que en su momento le transmiti\u00f3 la negativa para la grabaci\u00f3n.Tambi\u00e9n lamenta \"profundamente el uso indebido de un espacio sagrado para la realizaci\u00f3n de contenidos\" que \"resultan incompatibles con el respeto debido a un lugar sagrado y hieren la sensibilidad religiosa de los fieles\".Un lugar sagrado, seg\u00fan el derecho can\u00f3nicoArgumenta que, seg\u00fan el derecho can\u00f3nico, \"en un lugar sagrado s\u00f3lo puede admitirse aquello que favorece el ejercicio y el fomento del culto, de la piedad y de la religi\u00f3n, y se proh\u00edbe la realizaci\u00f3n de lo que no est\u00e9 en consonancia con la santidad del lugar\".https:\/\/resources.diariolibre.com\/images\/2026\/04\/08\/whatsapp-image-2026-04-08-at-11327-pm-2e231916.jpegEl obispado de San Sebasti\u00e1n exigi\u00f3 retirar las im\u00e1genes de Tokischa Altagracia semidesnuda dentro de la bas\u00edlica de Nuestra Se\u00f1ora del Coro, difundidas en redes sociales. (FUENTE EXTERNA)Ello no impide que, \"en casos concretos y particulares\", el obispo puede permitir otros usos, \"siempre que no sean contrarios a la santidad del lugar como conciertos o exposiciones\".    RELACIONADAS                                                                                                                                                                                                                                                                                                                                                            Moda                                        Los bolsos que triunfar\u00e1n esta temporada llegan con aire noventero y mucha personalidad                                    Lo que dice el obispadoEl obispado recuerda que, en julio del a\u00f1o pasado, la productora le pidi\u00f3 permiso \"para filmar una escena breve dentro de alg\u00fan templo\" de la di\u00f3cesis de San Sebasti\u00e1n. Ser\u00eda \"un momento contemplativo y respetuoso, sin di\u00e1logos ni actividad que interrumpiera la din\u00e1mica del lugar\".    No obstante, tras analizar otros trabajos de la productora y de la artista, el obispado le comunic\u00f3 que \"no autorizaba la grabaci\u00f3n del proyecto en ninguno de los templos o ermitas\" de la di\u00f3cesis.    A pesar de ello, la productora se puso en comunicaci\u00f3n con los responsables de la bas\u00edlica para este proyecto, \"silenciando su contenido aut\u00e9ntico y la negativa que ya hab\u00edan recibido del obispado\", detalla el comunicado.    Al conocer los hechos, la Fundaci\u00f3n Espa\u00f1ola de Abogados Cristianos present\u00f3 una denuncia judicial contra la rapera.\u00a0\u00a0Revista, Cultura, EFE, San Sebastian, Tokischa, obispado San Sebasti\u00e1n, denuncia rapera Tokischa, grabaci\u00f3n en lugar sagrado, Bas\u00edlica de San Sebasti\u00e1n\u00a0<\/p>\n","protected":false},"excerpt":{"rendered":"<p>El obispado de San Sebasti\u00e1n (norte de Espa\u00f1a) ha exigido que se retiren las im\u00e1genes difundidas en redes sociales de la rapera dominicana Tokischa Altagracia, que aparece semidesnuda dentro de la bas\u00edlica de Nuestra Se\u00f1ora del Coro. La di\u00f3cesis, que ya se ha dirigido a la productora, estudia si los hechos \"pudieran requerir de alg\u00fan [&hellip;]<\/p>\n","protected":false},"author":1,"featured_media":14852,"comment_status":"open","ping_status":"open","sticky":false,"template":"","format":"standard","meta":{"amp_status":"","footnotes":""},"categories":[9],"tags":[],"class_list":["post-15128","post","type-post","status-publish","format-standard","has-post-thumbnail","hentry","category-espectaculo"],"_links":{"self":[{"href":"https:\/\/ermdigital.com\/index.php?rest_route=\/wp\/v2\/posts\/15128","targetHints":{"allow":["GET"]}}],"collection":[{"href":"https:\/\/ermdigital.com\/index.php?rest_route=\/wp\/v2\/posts"}],"about":[{"href":"https:\/\/ermdigital.com\/index.php?rest_route=\/wp\/v2\/types\/post"}],"author":[{"embeddable":true,"href":"https:\/\/ermdigital.com\/index.php?rest_route=\/wp\/v2\/users\/1"}],"replies":[{"embeddable":true,"href":"https:\/\/ermdigital.com\/index.php?rest_route=%2Fwp%2Fv2%2Fcomments&post=15128"}],"version-history":[{"count":0,"href":"https:\/\/ermdigital.com\/index.php?rest_route=\/wp\/v2\/posts\/15128\/revisions"}],"wp:featuredmedia":[{"embeddable":true,"href":"https:\/\/ermdigital.com\/index.php?rest_route=\/wp\/v2\/media\/14852"}],"wp:attachment":[{"href":"https:\/\/ermdigital.com\/index.php?rest_route=%2Fwp%2Fv2%2Fmedia&parent=15128"}],"wp:term":[{"taxonomy":"category","embeddable":true,"href":"https:\/\/ermdigital.com\/index.php?rest_route=%2Fwp%2Fv2%2Fcategories&post=15128"},{"taxonomy":"post_tag","embeddable":true,"href":"https:\/\/ermdigital.com\/index.php?rest_route=%2Fwp%2Fv2%2Ftags&post=15128"}],"curies":[{"name":"wp","href":"https:\/\/api.w.org\/{rel}","templated":true}]}}