{"id":15096,"date":"2026-04-08T07:52:00","date_gmt":"2026-04-08T11:52:00","guid":{"rendered":"https:\/\/ermdigital.com\/index.php\/2026\/04\/08\/nuevo-encuentro-literario-del-ateneo-insular-en-marzo\/"},"modified":"2026-04-08T07:52:00","modified_gmt":"2026-04-08T11:52:00","slug":"nuevo-encuentro-literario-del-ateneo-insular-en-marzo","status":"publish","type":"post","link":"https:\/\/ermdigital.com\/?p=15096","title":{"rendered":"Nuevo encuentro literario del Ateneo Insular en marzo"},"content":{"rendered":"<p>El <strong>Ateneo Insular<\/strong> celebr\u00f3 un <strong>encuentro literario<\/strong> el <strong>D\u00eda Mundial de la Poes\u00eda<\/strong>, donde \u00a0fueron estudiadas obras de los poetas Elidenia Vel\u00e1squez, Martina Soriano, Rafael Concepci\u00f3n Brito, Zuly Taveras y Miguel \u00c1ngel Lugo.<\/p>\n<p>El <strong>Centro de Espiritualidad San Juan de la Cruz<\/strong> se visti\u00f3 de gala doblemente pues los patronos del <strong>Movimiento Interiorista<\/strong>, o <strong>Interiorismo<\/strong>, son <strong>San Juan De la Cruz<\/strong> y Santa Teresa de Jes\u00fas, adem\u00e1s de que algunos han sugerido que tambi\u00e9n se incluya al gran San Agust\u00edn.<\/p>\n<h2><strong>Los \u201cpoetas de la sensibilidad\u201d \u00a0<\/strong><\/h2>\n<figure class=\"inline-block\">\n<div class=\"expand-img-placeholder\"><img loading=\"lazy\" decoding=\"async\" src=\"https:\/\/resources.diariolibre.com\/images\/expand.svg\" alt=\"Expandir imagen\" width=\"20\" height=\"20\"><span class=\"rutaimagenoriginal-placeholder\">https:\/\/resources.diariolibre.com\/images\/2026\/04\/08\/interioristas-durante-las-jornadas-foto-ateneo-insular-d7dd70f5.jpg<\/span><\/div>\n<p><img decoding=\"async\" loading=\"lazy\" src=\"https:\/\/resources.diariolibre.com\/images\/2026\/04\/08\/interioristas-durante-las-jornadas-foto-ateneo-insular-d7dd70f5.jpg\" width=\"auto\" height=\"350\" alt=\"[object HTMLTextAreaElement]\" class=\"mx-auto\"><figcaption><span>Interioristas durante las jornadas.<\/span><span> (<strong>ATENEO INSULAR<\/strong>)<\/span><\/figcaption><\/figure>\n<p>El maestro y l\u00edder del <strong>Interiorismo<\/strong> <strong>Bruno Rosario Candelier<\/strong> defini\u00f3 en la <strong>primera sesi\u00f3n<\/strong> a los \u201c<strong>poetas de la sensibilidad<\/strong>\u201d y de ellos se estudiaron las siguientes obras:<\/p>\n<p><em><strong>Alas del viento<\/strong><\/em>, <strong>poemario<\/strong> de <strong>Rafael Concepci\u00f3n Brito<\/strong>, fue presentada por <strong>William Acevedo Fern\u00e1ndez<\/strong>, quien manifest\u00f3 que \u00ab<em><strong>Alas del viento<\/strong><\/em> tiene una est\u00e9tica que sugiere algo delicado y sutil, evoca im\u00e1genes de autonom\u00eda y pasi\u00f3n, conecta con la naturaleza y sus elementos; el simbolismo en los poemas representa aspiraciones o deseos\u00bb.<\/p>\n<p>De ese mismo <strong>poemario<\/strong>, <strong>Bruno Rosario Candelier<\/strong> indic\u00f3: <\/p>\n<ul>\n<li>\u00abEl <strong>poeta vegano<\/strong> canta lo que la <strong>realidad sensorial<\/strong> le inspira y expresa lo que la realidad suprasensible le sugiere y, en tal virtud, asume la naturaleza de lo viviente a la luz del ambiente que refleja en sus manifestaciones sensoriales, pues desde el nacimiento del alba hasta la llegada del ocaso, el mundo refleja una melod\u00eda consentida del sentido que fluye en el alma de los poetas que cantan el primor de lo viviente, que es una manera de testimoniar al <strong>Padre de la Creaci\u00f3n<\/strong> un sentimiento de veneraci\u00f3n al Alt\u00edsimo en virtud de que somos sus criaturas pensantes\u00bb.<\/li>\n<\/ul>\n<p>De <em>Lotos de luz<\/em>, poemario de <strong>Zuly Taveras de Jes\u00fas<\/strong>, Rosario Candelier afirm\u00f3 que nuestra poeta \u00abtiene un singular entusiasmo\u00bb. <\/p>\n<p>Y agreg\u00f3: \u00abY ya dec\u00edan los antiguos griegos que el significado de <strong>entusiasmo<\/strong> viene de la expresi\u00f3n <em><strong>En Theos<\/strong><\/em>, que significa \u2018estar en Dios\u2019, dotaci\u00f3n que entra\u00f1a la posesi\u00f3n de un <strong>sentimiento divino<\/strong> en cuya virtud vive el gozo de la vida, el encanto de la creaci\u00f3n y el sentimiento de lo divino. El <strong>entusiasmo<\/strong> de <strong>Zuly Taveras<\/strong> fluye en sus versos, vive en su alma y permea su creaci\u00f3n\u00bb. <\/p>\n<p><strong>Evelyn Ramos Miranda<\/strong> tambi\u00e9n present\u00f3 un estudio sobre <em>Lotos de luz<\/em> de Zuly Taveras.<\/p>\n<p>El te\u00f3logo interiorista <strong>Luis Quezada P\u00e9rez<\/strong> estudi\u00f3 <em><strong>Reflejos iridiscentes<\/strong><\/em>, poemario de Miguel \u00c1ngel Lugo, d\u00e1ndole a este poemario la \u00abbienvenida al parnaso dominicano\u00bb: <\/p>\n<ul>\n<li>\u00abEstamos ante un <strong>poemario<\/strong> que muestra o refleja los colores del arco iris, que brilla y produce <strong>destellos l\u00edricos<\/strong> de gran alcance filos\u00f3fico, pues su centellar po\u00e9tico es de car\u00e1cter epistemol\u00f3gico y su brillo l\u00edrico tiene una <strong>gran iluminaci\u00f3n filos\u00f3fica<\/strong>. Bienvenido, <em><strong>Reflejos iridiscentes<\/strong><\/em>, al <strong>parnaso dominicano<\/strong>\u00bb.<\/li>\n<\/ul>\n<article class=\"border-t border-b py-5 mb-5 component nota-incrustada\">    <span class=\"block mb-2\"><strong>Te puede interesar<\/strong><\/span>                <\/p>\n<h2><a href=\"https:\/\/www.diariolibre.com\/revista\/cultura\/2026\/03\/10\/encuentro-literario-del-ateneo-insular-en-febrero\/3464446?utm_source=relacionadas&amp;utm_medium=nota&amp;utm_campaign=relacionadas\" title=\"Encuentro literario del Ateneo Insular dedicado a la obra de Lorenny Solano y Ren\u00e9 Peguero Rodr\u00edguez\">Encuentro literario del Ateneo Insular dedicado a la obra de Lorenny Solano y Ren\u00e9 Peguero Rodr\u00edguez<\/a><\/h2>\n<\/article>\n<h2><strong>Los \u201cpoetas de la conciencia\u201d<\/strong><\/h2>\n<figure class=\"inline-block\">\n<div class=\"expand-img-placeholder\"><img loading=\"lazy\" decoding=\"async\" src=\"https:\/\/resources.diariolibre.com\/images\/expand.svg\" alt=\"Expandir imagen\" width=\"20\" height=\"20\"><span class=\"rutaimagenoriginal-placeholder\">https:\/\/resources.diariolibre.com\/images\/2026\/04\/08\/bruno-rosario-candelier-entrega-diploma-a-martina-soriano-der-junto-a-carmen-perez-valerio-4ba87e8c.jpg<\/span><\/div>\n<p><img decoding=\"async\" loading=\"lazy\" src=\"https:\/\/resources.diariolibre.com\/images\/2026\/04\/08\/bruno-rosario-candelier-entrega-diploma-a-martina-soriano-der-junto-a-carmen-perez-valerio-4ba87e8c.jpg\" width=\"auto\" height=\"350\" alt=\"[object HTMLTextAreaElement]\" class=\"mx-auto\"><figcaption><span>Bruno Rosario Candelier entrega un diploma a Martina Soriano junto a Carmen Pe\u00b4rez Valerio.<\/span><span> (<strong>ATENEO INSULAR<\/strong>)<\/span><\/figcaption><\/figure>\n<p>Quezada P\u00e9rez tambi\u00e9n estudi\u00f3 <em><strong>Oscura luz<\/strong><\/em>, de <strong>Elidenia Vel\u00e1squez<\/strong>, definida en la sesi\u00f3n vespertina como \u201cpoetas de la conciencia\u201d. <\/p>\n<p>As\u00ed lo dijo el <strong>te\u00f3logo<\/strong>: \u00abLa riqueza se esconde a trav\u00e9s del juego de luces que el <strong>poemario<\/strong> sabe utilizar. Cada uno de los <strong>63 poemas<\/strong> es una joya exquisita, un t\u00f3nico que fortalece el alma y nos hace volar alto a horizontes insospechados. Es siempre la luz la que nos permitir\u00e1 ver, conocer y acoplarnos al ser que la misma poeta vislumbra como <strong>misterio insondable<\/strong>\u00bb.<\/p>\n<p>Bruno Rosario Candelier estudi\u00f3, adem\u00e1s, <em><strong>Archipi\u00e9lago de sue\u00f1os<\/strong><\/em>, poemario de Martina Soriano. <\/p>\n<p>A manera de<strong> di\u00e1logo secreto<\/strong> con el lector de su estudio, platic\u00f3 este tambi\u00e9n poeta interiorista:<\/p>\n<p> \u00abConvertir en im\u00e1genes lo que sentimos y valoramos es un acto de transmutaci\u00f3n de lo sensorial y lo conceptual para alumbrar la forma y la sustancia de la creaci\u00f3n verbal que llamamos <strong>poes\u00eda<\/strong>, como lo siente y expresa <strong>Martina Soriano<\/strong> en <em><strong>Archipi\u00e9lago de sue\u00f1os<\/strong><\/em> (Santo Domingo, Santuario, 2024), una obra po\u00e9tica formalizada en versos y estrofas con <strong>belleza sensorial<\/strong> y <strong>sentido conceptual<\/strong>\u00bb.<\/p>\n<p>Apunt\u00f3 que \u00abdesde <strong>Homero<\/strong> hasta nuestros d\u00edas los diferentes pueblos y <strong>culturas<\/strong> han contado con creadores de <strong>poes\u00eda<\/strong> y ficci\u00f3n para recrear el caudal de intuiciones y conceptos expresados con belleza y sentido en el arte que edifica el saber que ilumina y el fulgor que emociona\u00bb.<\/p>\n<p>\u00abCada poema es una variante del <strong>poema primordial<\/strong> formalizado en la <strong>Creaci\u00f3n original<\/strong> del Creador del mundo. Y, en tal virtud, cada nueva obra es una r\u00e9plica de la primera creaci\u00f3n. Por eso nuestra obra se suma al proyecto original del <strong>Padre de la Creaci\u00f3n<\/strong>. En nuestra obra se plasma la funci\u00f3n del Logos que recibimos de la Divinidad\u00bb.<\/p>\n<p>Fue tierno y concluyente cuando dijo: \u00abPara crear hemos de sentir el <strong>fluir de lo viviente<\/strong>, captar la belleza de los datos sensoriales y el sentido de los efluvios interiores, como lo perciben y recrean pensadores y poetas, iluminados y contemplativos, profetas y m\u00edsticos cuando entran en contacto con la <strong>esencia de las cosas<\/strong> o con las irradiaciones estelares de los mundos sutiles\u00bb. <\/p>\n<p><strong>Kenia Mata Vega<\/strong> tambi\u00e9n estudi\u00f3 este poemario de Martina Soriano.<\/p>\n<p><strong>Martina Soriano<\/strong> recibi\u00f3 de parte del <strong>Ateneo Insular<\/strong> y de manos de su fundador un <strong>diploma de reconocimiento<\/strong> por sus aportes a la belleza de las palabras, al arte de la creaci\u00f3n verbal y al atav\u00edo literario de los a\u00f1os del <strong>Interiorismo<\/strong>.<strong><\/strong><\/p>\n<div class=\"read-more mb-7\">    <span class=\"block mb-2\">Leer m\u00e1s<\/span>    <\/p>\n<ul class=\"glosa\">\n<li>\n<h3><a href=\"https:\/\/www.diariolibre.com\/revista\/cultura\/2026\/02\/01\/2026-primer-encuentro-literario-del-ateneo-insular\/3422883?utm_source=relacionadas&amp;utm_medium=nota&amp;utm_campaign=relacionadas\" title=\"Primer encuentro literario del 2026 del Ateneo Insular\">Primer encuentro literario del 2026 del Ateneo Insular<\/a><\/h3>\n<\/li>\n<li>\n<h3><a href=\"https:\/\/www.diariolibre.com\/revista\/cultura\/2026\/01\/06\/ateneo-insular-internacional-encuentro-con-jose-luis-vega\/3396254?utm_source=relacionadas&amp;utm_medium=nota&amp;utm_campaign=relacionadas\" title=\"Ateneo Insular Internacional celebra su encuentro de fin de a\u00f1o junto a Jos\u00e9 Luis Vega\">Ateneo Insular Internacional celebra su encuentro de fin de a\u00f1o junto a Jos\u00e9 Luis Vega<\/a><\/h3>\n<\/li>\n<\/ul>\n<\/div>\n<p><\/p>\n<p>\u200bEl Ateneo Insular celebr\u00f3 un encuentro literario el D\u00eda Mundial de la Poes\u00eda, donde \u00a0fueron estudiadas obras de los poetas Elidenia Vel\u00e1squez, Martina Soriano, Rafael Concepci\u00f3n Brito, Zuly Taveras y Miguel \u00c1ngel Lugo.El Centro de Espiritualidad San Juan de la Cruz se visti\u00f3 de gala doblemente pues los patronos del Movimiento Interiorista, o Interiorismo, son San Juan De la Cruz y Santa Teresa de Jes\u00fas, adem\u00e1s de que algunos han sugerido que tambi\u00e9n se incluya al gran San Agust\u00edn.Los \u201cpoetas de la sensibilidad\u201d \u00a0https:\/\/resources.diariolibre.com\/images\/2026\/04\/08\/interioristas-durante-las-jornadas-foto-ateneo-insular-d7dd70f5.jpgInterioristas durante las jornadas. (ATENEO INSULAR)El maestro y l\u00edder del Interiorismo Bruno Rosario Candelier defini\u00f3 en la primera sesi\u00f3n a los \u201cpoetas de la sensibilidad\u201d y de ellos se estudiaron las siguientes obras:Alas del viento, poemario de Rafael Concepci\u00f3n Brito, fue presentada por William Acevedo Fern\u00e1ndez, quien manifest\u00f3 que \u00abAlas del viento tiene una est\u00e9tica que sugiere algo delicado y sutil, evoca im\u00e1genes de autonom\u00eda y pasi\u00f3n, conecta con la naturaleza y sus elementos; el simbolismo en los poemas representa aspiraciones o deseos\u00bb.De ese mismo poemario, Bruno Rosario Candelier indic\u00f3:     \u00abEl poeta vegano canta lo que la realidad sensorial le inspira y expresa lo que la realidad suprasensible le sugiere y, en tal virtud, asume la naturaleza de lo viviente a la luz del ambiente que refleja en sus manifestaciones sensoriales, pues desde el nacimiento del alba hasta la llegada del ocaso, el mundo refleja una melod\u00eda consentida del sentido que fluye en el alma de los poetas que cantan el primor de lo viviente, que es una manera de testimoniar al Padre de la Creaci\u00f3n un sentimiento de veneraci\u00f3n al Alt\u00edsimo en virtud de que somos sus criaturas pensantes\u00bb.De Lotos de luz, poemario de Zuly Taveras de Jes\u00fas, Rosario Candelier afirm\u00f3 que nuestra poeta \u00abtiene un singular entusiasmo\u00bb. Y agreg\u00f3: \u00abY ya dec\u00edan los antiguos griegos que el significado de entusiasmo viene de la expresi\u00f3n En Theos, que significa \u2018estar en Dios\u2019, dotaci\u00f3n que entra\u00f1a la posesi\u00f3n de un sentimiento divino en cuya virtud vive el gozo de la vida, el encanto de la creaci\u00f3n y el sentimiento de lo divino. El entusiasmo de Zuly Taveras fluye en sus versos, vive en su alma y permea su creaci\u00f3n\u00bb. Evelyn Ramos Miranda tambi\u00e9n present\u00f3 un estudio sobre Lotos de luz de Zuly Taveras.El te\u00f3logo interiorista Luis Quezada P\u00e9rez estudi\u00f3 Reflejos iridiscentes, poemario de Miguel \u00c1ngel Lugo, d\u00e1ndole a este poemario la \u00abbienvenida al parnaso dominicano\u00bb:     \u00abEstamos ante un poemario que muestra o refleja los colores del arco iris, que brilla y produce destellos l\u00edricos de gran alcance filos\u00f3fico, pues su centellar po\u00e9tico es de car\u00e1cter epistemol\u00f3gico y su brillo l\u00edrico tiene una gran iluminaci\u00f3n filos\u00f3fica. Bienvenido, Reflejos iridiscentes, al parnaso dominicano\u00bb.    Te puede interesar                Encuentro literario del Ateneo Insular dedicado a la obra de Lorenny Solano y Ren\u00e9 Peguero Rodr\u00edguez            Los \u201cpoetas de la conciencia\u201dhttps:\/\/resources.diariolibre.com\/images\/2026\/04\/08\/bruno-rosario-candelier-entrega-diploma-a-martina-soriano-der-junto-a-carmen-perez-valerio-4ba87e8c.jpgBruno Rosario Candelier entrega un diploma a Martina Soriano junto a Carmen Pe\u00b4rez Valerio. (ATENEO INSULAR)Quezada P\u00e9rez tambi\u00e9n estudi\u00f3 Oscura luz, de Elidenia Vel\u00e1squez, definida en la sesi\u00f3n vespertina como \u201cpoetas de la conciencia\u201d. As\u00ed lo dijo el te\u00f3logo: \u00abLa riqueza se esconde a trav\u00e9s del juego de luces que el poemario sabe utilizar. Cada uno de los 63 poemas es una joya exquisita, un t\u00f3nico que fortalece el alma y nos hace volar alto a horizontes insospechados. Es siempre la luz la que nos permitir\u00e1 ver, conocer y acoplarnos al ser que la misma poeta vislumbra como misterio insondable\u00bb.Bruno Rosario Candelier estudi\u00f3, adem\u00e1s, Archipi\u00e9lago de sue\u00f1os, poemario de Martina Soriano. A manera de di\u00e1logo secreto con el lector de su estudio, platic\u00f3 este tambi\u00e9n poeta interiorista: \u00abConvertir en im\u00e1genes lo que sentimos y valoramos es un acto de transmutaci\u00f3n de lo sensorial y lo conceptual para alumbrar la forma y la sustancia de la creaci\u00f3n verbal que llamamos poes\u00eda, como lo siente y expresa Martina Soriano en Archipi\u00e9lago de sue\u00f1os (Santo Domingo, Santuario, 2024), una obra po\u00e9tica formalizada en versos y estrofas con belleza sensorial y sentido conceptual\u00bb.Apunt\u00f3 que \u00abdesde Homero hasta nuestros d\u00edas los diferentes pueblos y culturas han contado con creadores de poes\u00eda y ficci\u00f3n para recrear el caudal de intuiciones y conceptos expresados con belleza y sentido en el arte que edifica el saber que ilumina y el fulgor que emociona\u00bb.\u00abCada poema es una variante del poema primordial formalizado en la Creaci\u00f3n original del Creador del mundo. Y, en tal virtud, cada nueva obra es una r\u00e9plica de la primera creaci\u00f3n. Por eso nuestra obra se suma al proyecto original del Padre de la Creaci\u00f3n. En nuestra obra se plasma la funci\u00f3n del Logos que recibimos de la Divinidad\u00bb.Fue tierno y concluyente cuando dijo: \u00abPara crear hemos de sentir el fluir de lo viviente, captar la belleza de los datos sensoriales y el sentido de los efluvios interiores, como lo perciben y recrean pensadores y poetas, iluminados y contemplativos, profetas y m\u00edsticos cuando entran en contacto con la esencia de las cosas o con las irradiaciones estelares de los mundos sutiles\u00bb. Kenia Mata Vega tambi\u00e9n estudi\u00f3 este poemario de Martina Soriano.Martina Soriano recibi\u00f3 de parte del Ateneo Insular y de manos de su fundador un diploma de reconocimiento por sus aportes a la belleza de las palabras, al arte de la creaci\u00f3n verbal y al atav\u00edo literario de los a\u00f1os del Interiorismo.    Leer m\u00e1s                            Primer encuentro literario del 2026 del Ateneo Insular                            Ateneo Insular Internacional celebra su encuentro de fin de a\u00f1o junto a Jos\u00e9 Luis Vega\u00a0\u00a0Revista, Cultura, Miguelina Medina, Santo Domingo, Poes\u00eda, Interiorismo, Ateneo Insular, Encuentro literario, D\u00eda Mundial de la Poes\u00eda\u00a0<\/p>\n","protected":false},"excerpt":{"rendered":"<p>El Ateneo Insular celebr\u00f3 un encuentro literario el D\u00eda Mundial de la Poes\u00eda, donde \u00a0fueron estudiadas obras de los poetas Elidenia Vel\u00e1squez, Martina Soriano, Rafael Concepci\u00f3n Brito, Zuly Taveras y Miguel \u00c1ngel Lugo. El Centro de Espiritualidad San Juan de la Cruz se visti\u00f3 de gala doblemente pues los patronos del Movimiento Interiorista, o Interiorismo, [&hellip;]<\/p>\n","protected":false},"author":1,"featured_media":14733,"comment_status":"open","ping_status":"open","sticky":false,"template":"","format":"standard","meta":{"amp_status":"","footnotes":""},"categories":[9],"tags":[],"class_list":["post-15096","post","type-post","status-publish","format-standard","has-post-thumbnail","hentry","category-espectaculo"],"_links":{"self":[{"href":"https:\/\/ermdigital.com\/index.php?rest_route=\/wp\/v2\/posts\/15096","targetHints":{"allow":["GET"]}}],"collection":[{"href":"https:\/\/ermdigital.com\/index.php?rest_route=\/wp\/v2\/posts"}],"about":[{"href":"https:\/\/ermdigital.com\/index.php?rest_route=\/wp\/v2\/types\/post"}],"author":[{"embeddable":true,"href":"https:\/\/ermdigital.com\/index.php?rest_route=\/wp\/v2\/users\/1"}],"replies":[{"embeddable":true,"href":"https:\/\/ermdigital.com\/index.php?rest_route=%2Fwp%2Fv2%2Fcomments&post=15096"}],"version-history":[{"count":0,"href":"https:\/\/ermdigital.com\/index.php?rest_route=\/wp\/v2\/posts\/15096\/revisions"}],"wp:featuredmedia":[{"embeddable":true,"href":"https:\/\/ermdigital.com\/index.php?rest_route=\/wp\/v2\/media\/14733"}],"wp:attachment":[{"href":"https:\/\/ermdigital.com\/index.php?rest_route=%2Fwp%2Fv2%2Fmedia&parent=15096"}],"wp:term":[{"taxonomy":"category","embeddable":true,"href":"https:\/\/ermdigital.com\/index.php?rest_route=%2Fwp%2Fv2%2Fcategories&post=15096"},{"taxonomy":"post_tag","embeddable":true,"href":"https:\/\/ermdigital.com\/index.php?rest_route=%2Fwp%2Fv2%2Ftags&post=15096"}],"curies":[{"name":"wp","href":"https:\/\/api.w.org\/{rel}","templated":true}]}}