{"id":14859,"date":"2026-04-08T07:22:00","date_gmt":"2026-04-08T11:22:00","guid":{"rendered":"https:\/\/ermdigital.com\/index.php\/2026\/04\/08\/posponen-presentacion-nuevo-libro-jose-baez-guerrero\/"},"modified":"2026-04-08T07:22:00","modified_gmt":"2026-04-08T11:22:00","slug":"posponen-presentacion-nuevo-libro-jose-baez-guerrero","status":"publish","type":"post","link":"https:\/\/ermdigital.com\/?p=14859","title":{"rendered":"Posponen presentaci\u00f3n nuevo libro Jos\u00e9 B\u00e1ez Guerrero"},"content":{"rendered":"<p>El abogado y periodista <strong>Jos\u00e9 B\u00e1ez Guerrero<\/strong> inform\u00f3 la <strong>posposici\u00f3n<\/strong> del lanzamiento de su <strong>libro<\/strong> <em data-start=\"259\" data-end=\"278\"><strong>Siete cuentos m\u00e1s<\/strong><\/em>, pautado para este 8 de abril en Santo Domingo, debido a las condiciones clim\u00e1ticas y los riesgos en el tr\u00e1nsito. <\/p>\n<p>\"Por causa del <strong>clima<\/strong> y los peligros del tr\u00e1nsito, queda pospuesta la <strong>presentaci\u00f3n<\/strong> de mi <strong>libro<\/strong> \"<strong>Siete cuentos m\u00e1s<\/strong>\" que ser\u00eda hoy en Librer\u00eda Cuesta. Oportunamente avisar\u00e9 nueva fecha\", inform\u00f3 B\u00e1ez Guerrero en la <strong>red social X<\/strong>.<\/p>\n<p>El abogado y periodista <strong>Jos\u00e9 B\u00e1ez Guerrero<\/strong> iba a poner en circulaci\u00f3n este mi\u00e9rcoles su nueva obra, en el auditorio Pedro Mir de la Librer\u00eda Cuesta, en Santo Domingo, a las 6:00 pm.<\/p>\n<p>La\u00a0<strong>presentaci\u00f3n<\/strong>\u00a0estar\u00eda a cargo de la escritora <strong>Emilia Pereyra<\/strong>, Premio Nacional de Periodismo 2019, ganadora del Premio Enriquillo de Novela Hist\u00f3rica 2020 y finalista del Premio Planeta en 1998 por su novela \"Cenizas del querer\".<\/p>\n<article class=\"border-t border-b py-5 mb-5 component nota-incrustada\">    <span class=\"block mb-2\"><strong>Te puede interesar<\/strong><\/span>                <\/p>\n<h2><a href=\"https:\/\/www.diariolibre.com\/revista\/sociales\/2025\/07\/02\/jose-baez-guerrero-publica-un-nuevo-libro\/3170385?utm_source=relacionadas&amp;utm_medium=nota&amp;utm_campaign=relacionadas\" title=\"Jos\u00e9 B\u00e1ez Guerrero pone en circulaci\u00f3n su nuevo libro Padre Nuestro\">Jos\u00e9 B\u00e1ez Guerrero pone en circulaci\u00f3n su nuevo libro \"Padre Nuestro\"<\/a><\/h2>\n<\/article>\n<h2>Una <strong>narrativa hol\u00edstica<\/strong><\/h2>\n<p> En el <strong>pr\u00f3logo<\/strong> del <strong>libro<\/strong>, B\u00e1ez Guerrero explica que sus relatos parten de \u201c<strong>escenas<\/strong> para motivar el pensamiento y excitar el sentimiento\u201d, construidas desde la ficci\u00f3n, bajo la premisa de que \u201cmuchas veces la <strong>obscena verdad<\/strong> es m\u00e1s fea\u201d. <\/p>\n<p> De acuerdo con la sinopsis, \"<strong>Siete cuentos m\u00e1s<\/strong>\" propone una narrativa de car\u00e1cter hol\u00edstico, en la que siete historias se articulan sobre <strong>realidades hist\u00f3ricas<\/strong>, contempor\u00e1neas y futuras, ofreciendo al lector distintos contextos que enriquecen la lectura. <\/p>\n<ul>\n<li> La obra recorre diversos registros narrativos: desde el <strong>tono <em>noir<\/em><\/strong>, con elementos de violencia y erotismo, hasta referencias b\u00edblicas como el <strong>profeta Daniel<\/strong>; pasando por escenarios que incluyen la g\u00e9nesis de Farafangana, pr\u00e1cticas de brujer\u00eda haitiana, posibles crisis tecnol\u00f3gicas y proyecciones hacia el a\u00f1o 2038, as\u00ed como episodios vinculados a los abusos del r\u00e9gimen de <strong>Rafael Trujillo.<\/strong><\/li>\n<\/ul>\n<p> El autor plantea el <strong>libro<\/strong> como un <strong>experimento literario<\/strong> en el que cada <strong>relato<\/strong> cumple una funci\u00f3n dentro de un conjunto integrado, \u201ccomo los \u00e1tomos de una mol\u00e9cula\u201d, en alusi\u00f3n a la idea de una obra concebida como un todo.<\/p>\n<div class=\"read-more mb-7\">    <span class=\"block mb-2\">Leer m\u00e1s<\/span>    <\/p>\n<ul class=\"glosa\">\n<li>\n<h3><a href=\"https:\/\/www.diariolibre.com\/revista\/cultura\/2025\/03\/12\/edicion-trilingue-de-siete-gotas-de-arena-de-jose-baez-guerrero\/3031316?utm_source=relacionadas&amp;utm_medium=nota&amp;utm_campaign=relacionadas\" title=\"Jos\u00e9 B\u00e1ez Guerrero presenta la edici\u00f3n triling\u00fce de su libro de cuentos Siete gotas de arena\">Jos\u00e9 B\u00e1ez Guerrero presenta la edici\u00f3n triling\u00fce de su libro de cuentos \"Siete gotas de arena\"<\/a><\/h3>\n<\/li>\n<li>\n<h3><a href=\"https:\/\/www.diariolibre.com\/revista\/sociales\/2024\/01\/24\/jose-baez-guerrero-publica-nuevo-libro\/2586912?utm_source=relacionadas&amp;utm_medium=nota&amp;utm_campaign=relacionadas\" title=\"Jos\u00e9 B\u00e1ez Guerrero pone en circulaci\u00f3n libro de memorias\">Jos\u00e9 B\u00e1ez Guerrero pone en circulaci\u00f3n libro de memorias<\/a><\/h3>\n<\/li>\n<\/ul>\n<\/div>\n<p>\u200bEl abogado y periodista Jos\u00e9 B\u00e1ez Guerrero inform\u00f3 la posposici\u00f3n del lanzamiento de su libro Siete cuentos m\u00e1s, pautado para este 8 de abril en Santo Domingo, debido a las condiciones clim\u00e1ticas y los riesgos en el tr\u00e1nsito. \"Por causa del clima y los peligros del tr\u00e1nsito, queda pospuesta la presentaci\u00f3n de mi libro \"Siete cuentos m\u00e1s\" que ser\u00eda hoy en Librer\u00eda Cuesta. Oportunamente avisar\u00e9 nueva fecha\", inform\u00f3 B\u00e1ez Guerrero en la red social X.El abogado y periodista Jos\u00e9 B\u00e1ez Guerrero iba a poner en circulaci\u00f3n este mi\u00e9rcoles su nueva obra, en el auditorio Pedro Mir de la Librer\u00eda Cuesta, en Santo Domingo, a las 6:00 pm.La\u00a0presentaci\u00f3n\u00a0estar\u00eda a cargo de la escritora Emilia Pereyra, Premio Nacional de Periodismo 2019, ganadora del Premio Enriquillo de Novela Hist\u00f3rica 2020 y finalista del Premio Planeta en 1998 por su novela \"Cenizas del querer\".    Te puede interesar                Jos\u00e9 B\u00e1ez Guerrero pone en circulaci\u00f3n su nuevo libro \"Padre Nuestro\"            Una narrativa hol\u00edstica En el pr\u00f3logo del libro, B\u00e1ez Guerrero explica que sus relatos parten de \u201cescenas para motivar el pensamiento y excitar el sentimiento\u201d, construidas desde la ficci\u00f3n, bajo la premisa de que \u201cmuchas veces la obscena verdad es m\u00e1s fea\u201d.  De acuerdo con la sinopsis, \"Siete cuentos m\u00e1s\" propone una narrativa de car\u00e1cter hol\u00edstico, en la que siete historias se articulan sobre realidades hist\u00f3ricas, contempor\u00e1neas y futuras, ofreciendo al lector distintos contextos que enriquecen la lectura.      La obra recorre diversos registros narrativos: desde el tono noir, con elementos de violencia y erotismo, hasta referencias b\u00edblicas como el profeta Daniel; pasando por escenarios que incluyen la g\u00e9nesis de Farafangana, pr\u00e1cticas de brujer\u00eda haitiana, posibles crisis tecnol\u00f3gicas y proyecciones hacia el a\u00f1o 2038, as\u00ed como episodios vinculados a los abusos del r\u00e9gimen de Rafael Trujillo. El autor plantea el libro como un experimento literario en el que cada relato cumple una funci\u00f3n dentro de un conjunto integrado, \u201ccomo los \u00e1tomos de una mol\u00e9cula\u201d, en alusi\u00f3n a la idea de una obra concebida como un todo.    Leer m\u00e1s                            Jos\u00e9 B\u00e1ez Guerrero presenta la edici\u00f3n triling\u00fce de su libro de cuentos \"Siete gotas de arena\"                            Jos\u00e9 B\u00e1ez Guerrero pone en circulaci\u00f3n libro de memorias\u00a0\u00a0Revista, Cultura, Diario Libre, Santo Domingo, Puesta en circulaci\u00f3n, Libro, Posposici\u00f3n, Jos\u00e9 B\u00e1ez Guerrero, Siete cuentos m\u00e1s\u00a0<\/p>\n","protected":false},"excerpt":{"rendered":"<p>El abogado y periodista Jos\u00e9 B\u00e1ez Guerrero inform\u00f3 la posposici\u00f3n del lanzamiento de su libro Siete cuentos m\u00e1s, pautado para este 8 de abril en Santo Domingo, debido a las condiciones clim\u00e1ticas y los riesgos en el tr\u00e1nsito. \"Por causa del clima y los peligros del tr\u00e1nsito, queda pospuesta la presentaci\u00f3n de mi libro \"Siete [&hellip;]<\/p>\n","protected":false},"author":1,"featured_media":14741,"comment_status":"open","ping_status":"open","sticky":false,"template":"","format":"standard","meta":{"amp_status":"","footnotes":""},"categories":[9],"tags":[],"class_list":["post-14859","post","type-post","status-publish","format-standard","has-post-thumbnail","hentry","category-espectaculo"],"_links":{"self":[{"href":"https:\/\/ermdigital.com\/index.php?rest_route=\/wp\/v2\/posts\/14859","targetHints":{"allow":["GET"]}}],"collection":[{"href":"https:\/\/ermdigital.com\/index.php?rest_route=\/wp\/v2\/posts"}],"about":[{"href":"https:\/\/ermdigital.com\/index.php?rest_route=\/wp\/v2\/types\/post"}],"author":[{"embeddable":true,"href":"https:\/\/ermdigital.com\/index.php?rest_route=\/wp\/v2\/users\/1"}],"replies":[{"embeddable":true,"href":"https:\/\/ermdigital.com\/index.php?rest_route=%2Fwp%2Fv2%2Fcomments&post=14859"}],"version-history":[{"count":0,"href":"https:\/\/ermdigital.com\/index.php?rest_route=\/wp\/v2\/posts\/14859\/revisions"}],"wp:featuredmedia":[{"embeddable":true,"href":"https:\/\/ermdigital.com\/index.php?rest_route=\/wp\/v2\/media\/14741"}],"wp:attachment":[{"href":"https:\/\/ermdigital.com\/index.php?rest_route=%2Fwp%2Fv2%2Fmedia&parent=14859"}],"wp:term":[{"taxonomy":"category","embeddable":true,"href":"https:\/\/ermdigital.com\/index.php?rest_route=%2Fwp%2Fv2%2Fcategories&post=14859"},{"taxonomy":"post_tag","embeddable":true,"href":"https:\/\/ermdigital.com\/index.php?rest_route=%2Fwp%2Fv2%2Ftags&post=14859"}],"curies":[{"name":"wp","href":"https:\/\/api.w.org\/{rel}","templated":true}]}}