{"id":14857,"date":"2026-04-08T07:25:00","date_gmt":"2026-04-08T11:25:00","guid":{"rendered":"https:\/\/ermdigital.com\/index.php\/2026\/04\/08\/sintesis-la-nueva-propuesta-del-disenador-fred-the-key\/"},"modified":"2026-04-08T07:25:00","modified_gmt":"2026-04-08T11:25:00","slug":"sintesis-la-nueva-propuesta-del-disenador-fred-the-key","status":"publish","type":"post","link":"https:\/\/ermdigital.com\/?p=14857","title":{"rendered":"\"S\u00edntesis\", la nueva propuesta del dise\u00f1ador Fred the Key"},"content":{"rendered":"<p>El dise\u00f1ador dominicano <strong>Fred the Key<\/strong>, criado en Santurce, <strong>Puerto Rico<\/strong>, da un nuevo paso en su trayectoria dentro del universo del <em><strong>streetwear<\/strong><\/em> con el lanzamiento de su <strong>colecci\u00f3n SS26<\/strong>, titulada \"<strong>S\u00edntesis<\/strong>\", una propuesta que explora el equilibrio entre lo minimalista y lo llamativo, logrando que ambos lenguajes convivan en una misma narrativa est\u00e9tica.<\/p>\n<figure class=\"my-12 component infografia\">\n<div class=\"expand-img-placeholder\"><img loading=\"lazy\" decoding=\"async\" src=\"https:\/\/resources.diariolibre.com\/images\/expand.svg\" alt=\"Expandir imagen\" width=\"20\" height=\"20\"><span class=\"rutaimagenoriginal-placeholder\">https:\/\/resources.diariolibre.com\/images\/2026\/04\/08\/whatsapp-image-2026-04-07-at-91310-am-1-da11c919.jpeg<\/span><\/div>\n<p><img decoding=\"async\" loading=\"lazy\" src=\"https:\/\/resources.diariolibre.com\/images\/2026\/04\/08\/whatsapp-image-2026-04-07-at-91310-am-1-da11c919.jpeg\" width=\"auto\" height=\"350\" alt=\"Infograf\u00eda\" class=\"mx-auto\"><\/figure>\n<p>Con <strong>m\u00e1s de 15 a\u00f1os<\/strong> de experiencia, <strong>Fred the Key<\/strong> ha construido una carrera marcada por la <strong>constancia<\/strong>, la <strong>autenticidad<\/strong> y una visi\u00f3n clara: transformar ideas en piezas que conecten con identidad. <\/p>\n<p>Nacido en <strong>Rep\u00fablica Dominicana<\/strong> y formado en un entorno donde la creatividad supl\u00eda la falta de recursos, el dise\u00f1ador ha convertido sus <strong>ra\u00edces<\/strong> en una de sus principales fuentes de inspiraci\u00f3n, apostando por procesos donde la imaginaci\u00f3n es protagonista.<\/p>\n<article class=\"border-t border-b py-5 mb-5 component nota-incrustada\">    <span class=\"block mb-2\"><strong>Te puede interesar<\/strong><\/span>                <\/p>\n<h2><a href=\"https:\/\/www.diariolibre.com\/revista\/moda\/2025\/12\/10\/benito-antonio-se-posiciona-en-la-moda-dominicana\/3373796?utm_source=relacionadas&amp;utm_medium=nota&amp;utm_campaign=relacionadas\" title=\"Benito Antonio se posiciona entre los dise\u00f1adores dominicanos\">Benito Antonio se posiciona entre los dise\u00f1adores dominicanos<\/a><\/h2>\n<\/article>\n<h2>Enfocado en el <strong><em>streetwear<\/em><\/strong><\/h2>\n<p>Sus inicios en la moda se remontan a principios de los 2000, en una \u00e9poca donde el <em><strong>streetwear<\/strong><\/em> a\u00fan no ocupaba el lugar que hoy tiene dentro de la <strong>industria<\/strong>. <\/p>\n<p>Aun as\u00ed, logr\u00f3 abrirse camino, llevando sus dise\u00f1os a tiendas en <strong>Plaza Las Am\u00e9ricas<\/strong>, en <strong>Puerto Rico<\/strong>, mientras artistas comenzaban a vestir sus creaciones, marcando as\u00ed uno de los momentos clave de su crecimiento.<\/p>\n<p>A lo largo de su carrera, ha trabajado con figuras reconocidas de la m\u00fasica urbana como <strong>Yaga y Mackie<\/strong>, <strong>Daddy Yankee<\/strong>, Arc\u00e1ngel, Randy Nota Loca, De La Ghetto, Dalex y <strong>J Balvin<\/strong>, entre otros.<\/p>\n<p>Su talento tambi\u00e9n lo llev\u00f3 a formar parte del equipo de estilismo en la presentaci\u00f3n de <strong>Yeezy Season 3<\/strong> y el <em>listening party<\/em> del \u00e1lbum <strong>The Life of Pablo<\/strong>, realizados en el <strong>Madison Square Garden<\/strong> durante el <strong>New York Fashion Week 2016<\/strong>. <\/p>\n<p>Este evento, considerado el primero en fusionar un desfile de moda con la escucha oficial de un \u00e1lbum en ese contexto, reuni\u00f3 a <strong>m\u00e1s de 1,000 modelos<\/strong> en escena, incluyendo figuras reconocidas como <strong>Naomi Campbell<\/strong>, Young Thug, Ian Connor, Lil Yachty, Alek Wek y Veronica Webb.<\/p>\n<h2>Firma propia:\u00a0<strong>FDK RARE<\/strong><\/h2>\n<figure class=\"my-12 component infografia\">\n<div class=\"expand-img-placeholder\"><img loading=\"lazy\" decoding=\"async\" src=\"https:\/\/resources.diariolibre.com\/images\/expand.svg\" alt=\"Expandir imagen\" width=\"20\" height=\"20\"><span class=\"rutaimagenoriginal-placeholder\">https:\/\/resources.diariolibre.com\/images\/2026\/04\/08\/whatsapp-image-2026-04-07-at-91310-am-19d0c52f.jpeg<\/span><\/div>\n<p><img decoding=\"async\" loading=\"lazy\" src=\"https:\/\/resources.diariolibre.com\/images\/2026\/04\/08\/whatsapp-image-2026-04-07-at-91310-am-19d0c52f.jpeg\" width=\"auto\" height=\"350\" alt=\"Infograf\u00eda\" class=\"mx-auto\"><\/figure>\n<p>Bajo su firma <strong>FDK RARE<\/strong>, Fred ha desarrollado un concepto que va m\u00e1s all\u00e1 de la ropa. Cada pieza se construye desde el detalle, incorporando <strong>t\u00e9cnicas artesanales<\/strong> como te\u00f1idos \u00fanicos y acabados que convierten cada dise\u00f1o en una <strong>expresi\u00f3n individual<\/strong>. <\/p>\n<p>La marca se ha posicionado en mercados como <strong>Puerto Rico<\/strong>, <strong>Rep\u00fablica Dominicana<\/strong>, <strong>Nueva York<\/strong>, Miami y Orlando, consolidando una comunidad que valora lo aut\u00e9ntico.<\/p>\n<p>Con \"<strong>S\u00edntesis<\/strong>\", el dise\u00f1ador propone una conversaci\u00f3n entre <strong>opuestos<\/strong>: lo simple y lo atrevido, lo sobrio y lo expresivo. La colecci\u00f3n refleja una etapa donde distintas influencias se integran de forma natural, dando paso a <strong>piezas vers\u00e1tiles<\/strong> que mantienen un car\u00e1cter distintivo.<\/p>\n<p>De cara al futuro, <strong>Fred the Key<\/strong> proyecta expandir su presencia hacia nuevas boutiques en <strong>Estados Unidos<\/strong> y, posteriormente, abrirse camino en el <strong>mercado europeo<\/strong>. Su meta no se limita al crecimiento de la marca, sino tambi\u00e9n a inspirar a otros creadores que, como \u00e9l, han tenido que apoyarse en la creatividad para abrirse paso.<\/p>\n<ul>\n<li>\u201cEsto no se trata solo de vestir, sino de <strong>representar qui\u00e9n eres<\/strong>\u201d, es la <strong>filosof\u00eda<\/strong> que sigue guiando cada uno de sus movimientos dentro de la <strong>industria.<\/strong><\/li>\n<\/ul>\n<div class=\"read-more mb-7\">    <span class=\"block mb-2\">Leer m\u00e1s<\/span>    <\/p>\n<ul class=\"glosa\">\n<li>\n<h3><a href=\"https:\/\/www.diariolibre.com\/revista\/moda\/2026\/02\/17\/jenny-polanco-inaugura-su-primera-boutique-internacional\/3440135?utm_source=relacionadas&amp;utm_medium=nota&amp;utm_campaign=relacionadas\" title=\"Jenny Polanco inaugura su primera boutique internacional en Coral Gables\">Jenny Polanco inaugura su primera boutique internacional en Coral Gables<\/a><\/h3>\n<\/li>\n<li>\n<h3><a href=\"https:\/\/www.diariolibre.com\/revista\/moda\/2026\/01\/06\/jonathan-melo-ellis-lanza-su-marca-de-calzado-perzeveranza\/3395812?utm_source=relacionadas&amp;utm_medium=nota&amp;utm_campaign=relacionadas\" title=\"Dise\u00f1ador dominicano Jonathan Melo Ellis arranca el a\u00f1o con dos grandes noticias\">Dise\u00f1ador dominicano Jonathan Melo Ellis arranca el a\u00f1o con dos grandes noticias<\/a><\/h3>\n<\/li>\n<li>\n<h3><a href=\"https:\/\/www.diariolibre.com\/revista\/sociales\/2025\/12\/08\/disenadora-cenia-paredes-reconocida-por-rigewood-magazine\/3370961?utm_source=relacionadas&amp;utm_medium=nota&amp;utm_campaign=relacionadas\" title=\"La dise\u00f1adora dominicana Cenia Paredes es reconocida por Rigewood Magazine\">La dise\u00f1adora dominicana Cenia Paredes es reconocida por Rigewood Magazine<\/a><\/h3>\n<\/li>\n<\/ul>\n<\/div>\n<p><\/p>\n<p>\u200bEl dise\u00f1ador dominicano Fred the Key, criado en Santurce, Puerto Rico, da un nuevo paso en su trayectoria dentro del universo del streetwear con el lanzamiento de su colecci\u00f3n SS26, titulada \"S\u00edntesis\", una propuesta que explora el equilibrio entre lo minimalista y lo llamativo, logrando que ambos lenguajes convivan en una misma narrativa est\u00e9tica.https:\/\/resources.diariolibre.com\/images\/2026\/04\/08\/whatsapp-image-2026-04-07-at-91310-am-1-da11c919.jpegCon m\u00e1s de 15 a\u00f1os de experiencia, Fred the Key ha construido una carrera marcada por la constancia, la autenticidad y una visi\u00f3n clara: transformar ideas en piezas que conecten con identidad. Nacido en Rep\u00fablica Dominicana y formado en un entorno donde la creatividad supl\u00eda la falta de recursos, el dise\u00f1ador ha convertido sus ra\u00edces en una de sus principales fuentes de inspiraci\u00f3n, apostando por procesos donde la imaginaci\u00f3n es protagonista.    Te puede interesar                Benito Antonio se posiciona entre los dise\u00f1adores dominicanos            Enfocado en el streetwearSus inicios en la moda se remontan a principios de los 2000, en una \u00e9poca donde el streetwear a\u00fan no ocupaba el lugar que hoy tiene dentro de la industria. Aun as\u00ed, logr\u00f3 abrirse camino, llevando sus dise\u00f1os a tiendas en Plaza Las Am\u00e9ricas, en Puerto Rico, mientras artistas comenzaban a vestir sus creaciones, marcando as\u00ed uno de los momentos clave de su crecimiento.A lo largo de su carrera, ha trabajado con figuras reconocidas de la m\u00fasica urbana como Yaga y Mackie, Daddy Yankee, Arc\u00e1ngel, Randy Nota Loca, De La Ghetto, Dalex y J Balvin, entre otros.Su talento tambi\u00e9n lo llev\u00f3 a formar parte del equipo de estilismo en la presentaci\u00f3n de Yeezy Season 3 y el listening party del \u00e1lbum The Life of Pablo, realizados en el Madison Square Garden durante el New York Fashion Week 2016. Este evento, considerado el primero en fusionar un desfile de moda con la escucha oficial de un \u00e1lbum en ese contexto, reuni\u00f3 a m\u00e1s de 1,000 modelos en escena, incluyendo figuras reconocidas como Naomi Campbell, Young Thug, Ian Connor, Lil Yachty, Alek Wek y Veronica Webb.Firma propia:\u00a0FDK RAREhttps:\/\/resources.diariolibre.com\/images\/2026\/04\/08\/whatsapp-image-2026-04-07-at-91310-am-19d0c52f.jpegBajo su firma FDK RARE, Fred ha desarrollado un concepto que va m\u00e1s all\u00e1 de la ropa. Cada pieza se construye desde el detalle, incorporando t\u00e9cnicas artesanales como te\u00f1idos \u00fanicos y acabados que convierten cada dise\u00f1o en una expresi\u00f3n individual. La marca se ha posicionado en mercados como Puerto Rico, Rep\u00fablica Dominicana, Nueva York, Miami y Orlando, consolidando una comunidad que valora lo aut\u00e9ntico.Con \"S\u00edntesis\", el dise\u00f1ador propone una conversaci\u00f3n entre opuestos: lo simple y lo atrevido, lo sobrio y lo expresivo. La colecci\u00f3n refleja una etapa donde distintas influencias se integran de forma natural, dando paso a piezas vers\u00e1tiles que mantienen un car\u00e1cter distintivo.De cara al futuro, Fred the Key proyecta expandir su presencia hacia nuevas boutiques en Estados Unidos y, posteriormente, abrirse camino en el mercado europeo. Su meta no se limita al crecimiento de la marca, sino tambi\u00e9n a inspirar a otros creadores que, como \u00e9l, han tenido que apoyarse en la creatividad para abrirse paso.    \u201cEsto no se trata solo de vestir, sino de representar qui\u00e9n eres\u201d, es la filosof\u00eda que sigue guiando cada uno de sus movimientos dentro de la industria.    Leer m\u00e1s                            Jenny Polanco inaugura su primera boutique internacional en Coral Gables                            Dise\u00f1ador dominicano Jonathan Melo Ellis arranca el a\u00f1o con dos grandes noticias                            La dise\u00f1adora dominicana Cenia Paredes es reconocida por Rigewood Magazine\u00a0\u00a0Revista, Moda, Diario Libre, Santo Domingo, Colecci\u00f3n de moda, talento dominicano, dise\u00f1ador de moda, Fred the Key, S\u00edntesis\u00a0<\/p>\n","protected":false},"excerpt":{"rendered":"<p>El dise\u00f1ador dominicano Fred the Key, criado en Santurce, Puerto Rico, da un nuevo paso en su trayectoria dentro del universo del streetwear con el lanzamiento de su colecci\u00f3n SS26, titulada \"S\u00edntesis\", una propuesta que explora el equilibrio entre lo minimalista y lo llamativo, logrando que ambos lenguajes convivan en una misma narrativa est\u00e9tica. https:\/\/resources.diariolibre.com\/images\/2026\/04\/08\/whatsapp-image-2026-04-07-at-91310-am-1-da11c919.jpeg [&hellip;]<\/p>\n","protected":false},"author":1,"featured_media":14737,"comment_status":"open","ping_status":"open","sticky":false,"template":"","format":"standard","meta":{"amp_status":"","footnotes":""},"categories":[9],"tags":[],"class_list":["post-14857","post","type-post","status-publish","format-standard","has-post-thumbnail","hentry","category-espectaculo"],"_links":{"self":[{"href":"https:\/\/ermdigital.com\/index.php?rest_route=\/wp\/v2\/posts\/14857","targetHints":{"allow":["GET"]}}],"collection":[{"href":"https:\/\/ermdigital.com\/index.php?rest_route=\/wp\/v2\/posts"}],"about":[{"href":"https:\/\/ermdigital.com\/index.php?rest_route=\/wp\/v2\/types\/post"}],"author":[{"embeddable":true,"href":"https:\/\/ermdigital.com\/index.php?rest_route=\/wp\/v2\/users\/1"}],"replies":[{"embeddable":true,"href":"https:\/\/ermdigital.com\/index.php?rest_route=%2Fwp%2Fv2%2Fcomments&post=14857"}],"version-history":[{"count":0,"href":"https:\/\/ermdigital.com\/index.php?rest_route=\/wp\/v2\/posts\/14857\/revisions"}],"wp:featuredmedia":[{"embeddable":true,"href":"https:\/\/ermdigital.com\/index.php?rest_route=\/wp\/v2\/media\/14737"}],"wp:attachment":[{"href":"https:\/\/ermdigital.com\/index.php?rest_route=%2Fwp%2Fv2%2Fmedia&parent=14857"}],"wp:term":[{"taxonomy":"category","embeddable":true,"href":"https:\/\/ermdigital.com\/index.php?rest_route=%2Fwp%2Fv2%2Fcategories&post=14857"},{"taxonomy":"post_tag","embeddable":true,"href":"https:\/\/ermdigital.com\/index.php?rest_route=%2Fwp%2Fv2%2Ftags&post=14857"}],"curies":[{"name":"wp","href":"https:\/\/api.w.org\/{rel}","templated":true}]}}