{"id":14789,"date":"2026-04-08T06:07:00","date_gmt":"2026-04-08T10:07:00","guid":{"rendered":"https:\/\/ermdigital.com\/index.php\/2026\/04\/08\/juan-carlos-pichardo-presenta-pichando-las-12-en-la-x102\/"},"modified":"2026-04-08T06:07:00","modified_gmt":"2026-04-08T10:07:00","slug":"juan-carlos-pichardo-presenta-pichando-las-12-en-la-x102","status":"publish","type":"post","link":"https:\/\/ermdigital.com\/?p=14789","title":{"rendered":"Juan Carlos Pichardo presenta Pichando las 12 en La X102"},"content":{"rendered":"<p>La estaci\u00f3n radial <strong>La X102<\/strong> y sus plataformas digitales <strong>estrenar\u00e1n \u201cPichando las 12\u201d<\/strong>, un espacio que llega a fortalecer la <strong>variedad informativa<\/strong> en horario meridiano, con una propuesta que apuesta por el <strong>humor inteligente<\/strong>, la <strong>actualidad<\/strong> y la cercan\u00eda con la audiencia, a partir del pr\u00f3ximo 14 de abril.<\/p>\n<p>\u201cPichando Las 12\u201d es un espacio din\u00e1mico y aut\u00e9ntico donde la informaci\u00f3n se mezcla con la risa, bajo la coordinaci\u00f3n de <strong>Juan Carlos Pichardo<\/strong>, destacado humorista, actor, imitador de voces y guionista, quien lidera esta propuesta junto a <strong>Mar\u00eda Ang\u00e9lica Ure\u00f1a<\/strong>, <strong>El\u00edas Serulle<\/strong> y <strong>Luis Jos\u00e9 Germ\u00e1n<\/strong>, tres voces de trayectoria en el entretenimiento.<\/p>\n<p>Adem\u00e1s, el programa contar\u00e1 con la <strong>producci\u00f3n<\/strong> del destacado humorista y productor <strong>Miguel Alc\u00e1ntara<\/strong>, quien se suma a este equipo para fortalecer la calidad y el <strong>dinamismo del contenido<\/strong>.<\/p>\n<p>\u201cQueremos que el <strong>mediod\u00eda<\/strong> para ti est\u00e9 cargado de temas de inter\u00e9s, pero acompa\u00f1ado siempre de una sonrisa\u201d, expres\u00f3 <strong>Juan Carlos Pichardo<\/strong> sobre esta <strong>nueva propuesta<\/strong> que marca una etapa importante en su carrera profesional.<\/p>\n<div class=\"w-full pt-2 float-left inside-related\">    <span class=\"border-b border-black pb-3 mb-4 block\"><strong>RELACIONADAS<\/strong><\/span>                <\/p>\n<article class=\"flex flex-wrap border-b pb-4 mb-3 inline-block\">\n<div class=\"xl:w-2\/12 w-4\/12\">\n<figure class=\"mb-0\">                                                    <a href=\"https:\/\/www.diariolibre.com\/revista\/cultura\/2024\/11\/29\/juan-carlos-pichardo-despide-su-programa-el-gusto-de-las-12\/2927131?utm_source=relacionadas&amp;utm_medium=nota&amp;utm_campaign=relacionadas\" title=\"                                                                                                                            \">                                                                <img decoding=\"async\" loading=\"lazy\" src=\"https:\/\/resources.diariolibre.com\/images\/2024\/11\/29\/juan-carlos-pichardo-despide-su-programa-el-gusto-de-las-12-focus-min0.09-0.46-149-99.png\" width=\"149\" height=\"99\" title=\"El Gusto de las 12 llega a su fin: Juan Carlos Pichardo y su equipo se despiden con gratitud\" alt=\"El Gusto de las 12 llega a su fin: Juan Carlos Pichardo y su equipo se despiden con gratitud\" class=\"object-cover\">                                                            <\/a>                                            <\/figure>\n<\/p><\/div>\n<div class=\"xl:w-10\/12 w-8\/12 pl-3\">\n<div class=\"text-md mb-2 meta\">                        <a href=\"https:\/\/www.diariolibre.com\/revista\/cultura\" title=\"Cultura\">Cultura<\/a>                    <\/div>\n<h2><a href=\"https:\/\/www.diariolibre.com\/revista\/cultura\/2024\/11\/29\/juan-carlos-pichardo-despide-su-programa-el-gusto-de-las-12\/2927131?utm_source=relacionadas&amp;utm_medium=nota&amp;utm_campaign=relacionadas\" title=\"El Gusto de las 12 llega a su fin: Juan Carlos Pichardo y su equipo se despiden con gratitud\">\"El Gusto de las 12&#8243; llega a su fin: Juan Carlos Pichardo y su equipo se despiden con gratitud<\/a><\/h2>\n<\/p><\/div>\n<\/article>\n<article class=\"flex flex-wrap border-b pb-4 mb-3 inline-block\">\n<div class=\"xl:w-2\/12 w-4\/12\">\n<figure class=\"mb-0\">                                                    <a href=\"https:\/\/www.diariolibre.com\/revista\/cultura\/2026\/02\/25\/nashla-juan-carlos-pichardo-y-carlos-sanchez-se-unen-al-soberano\/3448435?utm_source=relacionadas&amp;utm_medium=nota&amp;utm_campaign=relacionadas\" title=\"                                                                                                                            \">                                                                <img decoding=\"async\" loading=\"lazy\" src=\"https:\/\/resources.diariolibre.com\/images\/2026\/02\/25\/nashla-juan-carlos-pichardo-y-carlos-sanchez-se-unen-al-soberano-79fda4d1-focus-min0.03-0.71-149-99.jpg\" width=\"149\" height=\"99\" title=\"Premios Soberano 2026: Nashla Bogaert, Juan Carlos Pichardo y Carlos S\u00e1nchez presentar\u00e1n categor\u00edas\" alt=\"Premios Soberano 2026: Nashla Bogaert, Juan Carlos Pichardo y Carlos S\u00e1nchez presentar\u00e1n categor\u00edas\" class=\"object-cover\">                                                            <\/a>                                            <\/figure>\n<\/p><\/div>\n<div class=\"xl:w-10\/12 w-8\/12 pl-3\">\n<div class=\"text-md mb-2 meta\">                        <a href=\"https:\/\/www.diariolibre.com\/revista\/cultura\" title=\"Cultura\">Cultura<\/a>                    <\/div>\n<h2><a href=\"https:\/\/www.diariolibre.com\/revista\/cultura\/2026\/02\/25\/nashla-juan-carlos-pichardo-y-carlos-sanchez-se-unen-al-soberano\/3448435?utm_source=relacionadas&amp;utm_medium=nota&amp;utm_campaign=relacionadas\" title=\"Premios Soberano 2026: Nashla Bogaert, Juan Carlos Pichardo y Carlos S\u00e1nchez presentar\u00e1n categor\u00edas\">Premios Soberano 2026: Nashla Bogaert, Juan Carlos Pichardo y Carlos S\u00e1nchez presentar\u00e1n categor\u00edas<\/a><\/h2>\n<\/p><\/div>\n<\/article><\/div>\n<h2>Perfil y trayectoria de <strong>Juan Carlos Pichardo<\/strong><\/h2>\n<p>Un programa donde el <strong>humor<\/strong>, la <strong>actualidad<\/strong> y la <strong>buena conversaci\u00f3n<\/strong> se juntan al <strong>mediod\u00eda<\/strong> para acompa\u00f1ar a la audiencia con energ\u00eda, ocurrencias y contenido cercano. Un espacio pensado para re\u00edr, reflexionar y conectar con lo que est\u00e1 pasando, siempre con el toque \u00fanico del equipo.<\/p>\n<p>Esta <strong>nueva propuesta<\/strong> representa un nuevo reto para <strong>Juan Carlos Pichardo<\/strong>, un talento dominicano ganador de m\u00faltiples <strong>Premios Soberano<\/strong> y uno de los humoristas imitadores m\u00e1s completos de la regi\u00f3n. <\/p>\n<p>Su capacidad para personificar la <strong>actualidad<\/strong> lo convierte en un im\u00e1n de audiencia, logrando conectar de manera org\u00e1nica con marcas que buscan frescura, credibilidad y un <strong>humor inteligente<\/strong>.<\/p>\n<h2>\"El Gusto de las 12&#8243;<\/h2>\n<p>En noviembre de 2024, <strong>Juan Carlos Pichardo<\/strong>, quien produc\u00eda su programa \"<strong>El Gusto de las 12<\/strong>\", por la emisora Super Q y a trav\u00e9s de streaming, se despidi\u00f3 del p\u00fablico junto a su equipo luego de cinco a\u00f1os de transmisi\u00f3n ininterrumpida.<\/p>\n<p><\/p>\n<p>\u200bLa estaci\u00f3n radial La X102 y sus plataformas digitales estrenar\u00e1n \u201cPichando las 12\u201d, un espacio que llega a fortalecer la variedad informativa en horario meridiano, con una propuesta que apuesta por el humor inteligente, la actualidad y la cercan\u00eda con la audiencia, a partir del pr\u00f3ximo 14 de abril.\u201cPichando Las 12\u201d es un espacio din\u00e1mico y aut\u00e9ntico donde la informaci\u00f3n se mezcla con la risa, bajo la coordinaci\u00f3n de Juan Carlos Pichardo, destacado humorista, actor, imitador de voces y guionista, quien lidera esta propuesta junto a Mar\u00eda Ang\u00e9lica Ure\u00f1a, El\u00edas Serulle y Luis Jos\u00e9 Germ\u00e1n, tres voces de trayectoria en el entretenimiento.Adem\u00e1s, el programa contar\u00e1 con la producci\u00f3n del destacado humorista y productor Miguel Alc\u00e1ntara, quien se suma a este equipo para fortalecer la calidad y el dinamismo del contenido.\u201cQueremos que el mediod\u00eda para ti est\u00e9 cargado de temas de inter\u00e9s, pero acompa\u00f1ado siempre de una sonrisa\u201d, expres\u00f3 Juan Carlos Pichardo sobre esta nueva propuesta que marca una etapa importante en su carrera profesional.    RELACIONADAS                                                                                                                                                                                                                                                                                                                                                            Cultura                                        \"El Gusto de las 12&#8243; llega a su fin: Juan Carlos Pichardo y su equipo se despiden con gratitud                                                                                                                                                                                                                                                                                                                                                                                            Cultura                                        Premios Soberano 2026: Nashla Bogaert, Juan Carlos Pichardo y Carlos S\u00e1nchez presentar\u00e1n categor\u00edas                                    Perfil y trayectoria de Juan Carlos PichardoUn programa donde el humor, la actualidad y la buena conversaci\u00f3n se juntan al mediod\u00eda para acompa\u00f1ar a la audiencia con energ\u00eda, ocurrencias y contenido cercano. Un espacio pensado para re\u00edr, reflexionar y conectar con lo que est\u00e1 pasando, siempre con el toque \u00fanico del equipo.Esta nueva propuesta representa un nuevo reto para Juan Carlos Pichardo, un talento dominicano ganador de m\u00faltiples Premios Soberano y uno de los humoristas imitadores m\u00e1s completos de la regi\u00f3n. Su capacidad para personificar la actualidad lo convierte en un im\u00e1n de audiencia, logrando conectar de manera org\u00e1nica con marcas que buscan frescura, credibilidad y un humor inteligente.\"El Gusto de las 12&#8243;En noviembre de 2024, Juan Carlos Pichardo, quien produc\u00eda su programa \"El Gusto de las 12&#8243;, por la emisora Super Q y a trav\u00e9s de streaming, se despidi\u00f3 del p\u00fablico junto a su equipo luego de cinco a\u00f1os de transmisi\u00f3n ininterrumpida.\u00a0\u00a0Revista, Cultura, Diario Libre, Santo Domingo, Radio, Juan Carlos Pichardo, La X102 nuevo programa, Pichando a las 12, estreno Pichando las 12\u00a0<\/p>\n","protected":false},"excerpt":{"rendered":"<p>La estaci\u00f3n radial La X102 y sus plataformas digitales estrenar\u00e1n \u201cPichando las 12\u201d, un espacio que llega a fortalecer la variedad informativa en horario meridiano, con una propuesta que apuesta por el humor inteligente, la actualidad y la cercan\u00eda con la audiencia, a partir del pr\u00f3ximo 14 de abril. \u201cPichando Las 12\u201d es un espacio [&hellip;]<\/p>\n","protected":false},"author":1,"featured_media":14690,"comment_status":"open","ping_status":"open","sticky":false,"template":"","format":"standard","meta":{"amp_status":"","footnotes":""},"categories":[9],"tags":[],"class_list":["post-14789","post","type-post","status-publish","format-standard","has-post-thumbnail","hentry","category-espectaculo"],"_links":{"self":[{"href":"https:\/\/ermdigital.com\/index.php?rest_route=\/wp\/v2\/posts\/14789","targetHints":{"allow":["GET"]}}],"collection":[{"href":"https:\/\/ermdigital.com\/index.php?rest_route=\/wp\/v2\/posts"}],"about":[{"href":"https:\/\/ermdigital.com\/index.php?rest_route=\/wp\/v2\/types\/post"}],"author":[{"embeddable":true,"href":"https:\/\/ermdigital.com\/index.php?rest_route=\/wp\/v2\/users\/1"}],"replies":[{"embeddable":true,"href":"https:\/\/ermdigital.com\/index.php?rest_route=%2Fwp%2Fv2%2Fcomments&post=14789"}],"version-history":[{"count":0,"href":"https:\/\/ermdigital.com\/index.php?rest_route=\/wp\/v2\/posts\/14789\/revisions"}],"wp:featuredmedia":[{"embeddable":true,"href":"https:\/\/ermdigital.com\/index.php?rest_route=\/wp\/v2\/media\/14690"}],"wp:attachment":[{"href":"https:\/\/ermdigital.com\/index.php?rest_route=%2Fwp%2Fv2%2Fmedia&parent=14789"}],"wp:term":[{"taxonomy":"category","embeddable":true,"href":"https:\/\/ermdigital.com\/index.php?rest_route=%2Fwp%2Fv2%2Fcategories&post=14789"},{"taxonomy":"post_tag","embeddable":true,"href":"https:\/\/ermdigital.com\/index.php?rest_route=%2Fwp%2Fv2%2Ftags&post=14789"}],"curies":[{"name":"wp","href":"https:\/\/api.w.org\/{rel}","templated":true}]}}