{"id":14699,"date":"2026-04-07T14:09:00","date_gmt":"2026-04-07T18:09:00","guid":{"rendered":"https:\/\/ermdigital.com\/index.php\/2026\/04\/07\/academia-de-hollywood-anuncia-fechas-de-los-oscar-2027-y-2028\/"},"modified":"2026-04-07T14:09:00","modified_gmt":"2026-04-07T18:09:00","slug":"academia-de-hollywood-anuncia-fechas-de-los-oscar-2027-y-2028","status":"publish","type":"post","link":"https:\/\/ermdigital.com\/?p=14699","title":{"rendered":"Academia de Hollywood anuncia fechas de los \u00d3scar 2027 y 2028"},"content":{"rendered":"<p>La <strong>99\u00aa edici\u00f3n<\/strong> de los <strong>\u00d3scar<\/strong> se celebrar\u00e1 el <strong>14 de marzo de 2027<\/strong>, mientras que la 100\u00aa tendr\u00e1 lugar el 5 de marzo de 2028, inform\u00f3 este <strong>martes<\/strong> la <strong>Academia de Hollywood<\/strong> y la cadena <strong>ABC<\/strong> en un comunicado conjunto.<\/p>\n<p>Estas ser\u00e1n las <strong>\u00faltimas emisiones<\/strong> de la <strong>gala de los \u00d3scar<\/strong> por su distribuidor habitual, <strong>ABC<\/strong>, antes de que pase a <strong>YouTube<\/strong>.<\/p>\n<p>Estas tambi\u00e9n ser\u00e1n las dos <strong>\u00faltimas ceremonias<\/strong> en el <strong>Teatro Dolby<\/strong>, que ha sido la sede habitual de los premios durante <strong>m\u00e1s de dos d\u00e9cadas<\/strong>.<\/p>\n<h2>Nuevas plataformas y acuerdos para la transmisi\u00f3n de la gala<\/h2>\n<p>Recientemente, la <strong>Academia<\/strong> anunci\u00f3 un <strong>acuerdo de diez a\u00f1os<\/strong> para trasladar la gala al centro de <strong>Los \u00c1ngeles<\/strong> a partir de 2029, al <strong>Teatro Peacock<\/strong>, que tambi\u00e9n acoge otros galardones como los <strong>Emmy<\/strong>, los m\u00e1s importantes de la televisi\u00f3n internacional.<\/p>\n<div class=\"w-full pt-2 float-left inside-related\">    <span class=\"border-b border-black pb-3 mb-4 block\"><strong>RELACIONADAS<\/strong><\/span>                <\/p>\n<article class=\"flex flex-wrap border-b pb-4 mb-3 inline-block\">\n<div class=\"xl:w-2\/12 w-4\/12\">\n<figure class=\"mb-0\">                                                    <a href=\"https:\/\/www.diariolibre.com\/revista\/cine\/2026\/03\/14\/20-ganadores-de-mejor-pelicula-en-los-premios-oscar\/3469217?utm_source=relacionadas&amp;utm_medium=nota&amp;utm_campaign=relacionadas\" title=\"                                                                                                                            \">                                                                <img decoding=\"async\" loading=\"lazy\" src=\"https:\/\/resources.diariolibre.com\/images\/2026\/03\/14\/oppenheimer-f6d6db4e-focus-0.32-0.38-149-99.jpg\" width=\"149\" height=\"99\" title=\"Ganadoras del \u00d3scar a la mejor pel\u00edcula de los \u00faltimos 20 a\u00f1os\" alt=\"Ganadoras del \u00d3scar a la mejor pel\u00edcula de los \u00faltimos 20 a\u00f1os\" class=\"object-cover\">                                                            <\/a>                                            <\/figure>\n<\/p><\/div>\n<div class=\"xl:w-10\/12 w-8\/12 pl-3\">\n<div class=\"text-md mb-2 meta\">                        <a href=\"https:\/\/www.diariolibre.com\/revista\/cine\" title=\"Cine\">Cine<\/a>                    <\/div>\n<h2><a href=\"https:\/\/www.diariolibre.com\/revista\/cine\/2026\/03\/14\/20-ganadores-de-mejor-pelicula-en-los-premios-oscar\/3469217?utm_source=relacionadas&amp;utm_medium=nota&amp;utm_campaign=relacionadas\" title=\"Ganadoras del \u00d3scar a la mejor pel\u00edcula de los \u00faltimos 20 a\u00f1os\">Ganadoras del \u00d3scar a la mejor pel\u00edcula de los \u00faltimos 20 a\u00f1os<\/a><\/h2>\n<\/p><\/div>\n<\/article><\/div>\n<p>El acuerdo estar\u00e1 vigente por diez a\u00f1os y marcar\u00e1 tambi\u00e9n la primera vez que una <strong>ceremonia <\/strong>se transmitir\u00e1 de forma global a trav\u00e9s de <strong>YouTube<\/strong>.<\/p>\n<p>Este martes tambi\u00e9n se anunciaron <strong>fechas clave<\/strong> de la <strong>99\u00aa edici\u00f3n<\/strong>, como que el <strong>per\u00edodo de elegibilidad<\/strong> de los proyectos ser\u00e1 a partir del 1 de enero de 2026 y que la fecha l\u00edmite de presentaci\u00f3n para las categor\u00edas generales ser\u00e1 el 12 de noviembre de este a\u00f1o.<\/p>\n<ul>\n<li>Los <strong>nominados<\/strong> se dar\u00e1n a conocer el <strong>21 de enero de 2027<\/strong> y en encuentro previo de los <strong>aspirantes<\/strong> a la estatuilla dorada conocido como el <strong>Luncheon<\/strong>, se llevar\u00e1 a cabo el martes 16 de febrero de 2027<\/li>\n<\/ul>\n<p>\u200bLa 99\u00aa edici\u00f3n de los \u00d3scar se celebrar\u00e1 el 14 de marzo de 2027, mientras que la 100\u00aa tendr\u00e1 lugar el 5 de marzo de 2028, inform\u00f3 este martes la Academia de Hollywood y la cadena ABC en un comunicado conjunto.Estas ser\u00e1n las \u00faltimas emisiones de la gala de los \u00d3scar por su distribuidor habitual, ABC, antes de que pase a YouTube.Estas tambi\u00e9n ser\u00e1n las dos \u00faltimas ceremonias en el Teatro Dolby, que ha sido la sede habitual de los premios durante m\u00e1s de dos d\u00e9cadas.Nuevas plataformas y acuerdos para la transmisi\u00f3n de la galaRecientemente, la Academia anunci\u00f3 un acuerdo de diez a\u00f1os para trasladar la gala al centro de Los \u00c1ngeles a partir de 2029, al Teatro Peacock, que tambi\u00e9n acoge otros galardones como los Emmy, los m\u00e1s importantes de la televisi\u00f3n internacional.    RELACIONADAS                                                                                                                                                                                                                                                                                                                                                            Cine                                        Ganadoras del \u00d3scar a la mejor pel\u00edcula de los \u00faltimos 20 a\u00f1os                                    El acuerdo estar\u00e1 vigente por diez a\u00f1os y marcar\u00e1 tambi\u00e9n la primera vez que una ceremonia se transmitir\u00e1 de forma global a trav\u00e9s de YouTube.Este martes tambi\u00e9n se anunciaron fechas clave de la 99\u00aa edici\u00f3n, como que el per\u00edodo de elegibilidad de los proyectos ser\u00e1 a partir del 1 de enero de 2026 y que la fecha l\u00edmite de presentaci\u00f3n para las categor\u00edas generales ser\u00e1 el 12 de noviembre de este a\u00f1o.    Los nominados se dar\u00e1n a conocer el 21 de enero de 2027 y en encuentro previo de los aspirantes a la estatuilla dorada conocido como el Luncheon, se llevar\u00e1 a cabo el martes 16 de febrero de 2027\u00a0\u00a0Revista, Cine, EFE, Los Angeles, Academia de Hollywood, Teatro Dolby, \u00d3scar 2027, ceremonia \u00d3scar 2028, YouTube \u00d3scar\u00a0<\/p>\n","protected":false},"excerpt":{"rendered":"<p>La 99\u00aa edici\u00f3n de los \u00d3scar se celebrar\u00e1 el 14 de marzo de 2027, mientras que la 100\u00aa tendr\u00e1 lugar el 5 de marzo de 2028, inform\u00f3 este martes la Academia de Hollywood y la cadena ABC en un comunicado conjunto. Estas ser\u00e1n las \u00faltimas emisiones de la gala de los \u00d3scar por su distribuidor [&hellip;]<\/p>\n","protected":false},"author":1,"featured_media":14265,"comment_status":"open","ping_status":"open","sticky":false,"template":"","format":"standard","meta":{"amp_status":"","footnotes":""},"categories":[9],"tags":[],"class_list":["post-14699","post","type-post","status-publish","format-standard","has-post-thumbnail","hentry","category-espectaculo"],"_links":{"self":[{"href":"https:\/\/ermdigital.com\/index.php?rest_route=\/wp\/v2\/posts\/14699","targetHints":{"allow":["GET"]}}],"collection":[{"href":"https:\/\/ermdigital.com\/index.php?rest_route=\/wp\/v2\/posts"}],"about":[{"href":"https:\/\/ermdigital.com\/index.php?rest_route=\/wp\/v2\/types\/post"}],"author":[{"embeddable":true,"href":"https:\/\/ermdigital.com\/index.php?rest_route=\/wp\/v2\/users\/1"}],"replies":[{"embeddable":true,"href":"https:\/\/ermdigital.com\/index.php?rest_route=%2Fwp%2Fv2%2Fcomments&post=14699"}],"version-history":[{"count":0,"href":"https:\/\/ermdigital.com\/index.php?rest_route=\/wp\/v2\/posts\/14699\/revisions"}],"wp:featuredmedia":[{"embeddable":true,"href":"https:\/\/ermdigital.com\/index.php?rest_route=\/wp\/v2\/media\/14265"}],"wp:attachment":[{"href":"https:\/\/ermdigital.com\/index.php?rest_route=%2Fwp%2Fv2%2Fmedia&parent=14699"}],"wp:term":[{"taxonomy":"category","embeddable":true,"href":"https:\/\/ermdigital.com\/index.php?rest_route=%2Fwp%2Fv2%2Fcategories&post=14699"},{"taxonomy":"post_tag","embeddable":true,"href":"https:\/\/ermdigital.com\/index.php?rest_route=%2Fwp%2Fv2%2Ftags&post=14699"}],"curies":[{"name":"wp","href":"https:\/\/api.w.org\/{rel}","templated":true}]}}