{"id":14698,"date":"2026-04-07T16:23:00","date_gmt":"2026-04-07T20:23:00","guid":{"rendered":"https:\/\/ermdigital.com\/index.php\/2026\/04\/07\/jack-white-se-suma-al-cartel-del-festival-de-coachella\/"},"modified":"2026-04-07T16:23:00","modified_gmt":"2026-04-07T20:23:00","slug":"jack-white-se-suma-al-cartel-del-festival-de-coachella","status":"publish","type":"post","link":"https:\/\/ermdigital.com\/?p=14698","title":{"rendered":"Jack White se suma al cartel del Festival de Coachella"},"content":{"rendered":"<p>El m\u00fasico estadounidense <strong>Jack White<\/strong>, conocido por su banda The <strong>White<\/strong> Stripes, <strong>se sum\u00f3<\/strong> de \u00faltimo minuto al <strong>cartel<\/strong> del <strong>Festival de Coachella<\/strong> en Indio, California, que se llevar\u00e1 a cabo durante los dos pr\u00f3ximos fines de semana.<\/p>\n<p>El anuncio lleg\u00f3 de sorpresa despu\u00e9s de que la <strong>organizaci\u00f3n<\/strong> del encuentro hiciera p\u00fablicos los horarios en los que se llevar\u00e1n a cabo las actuaciones musicales, que este a\u00f1o incluyen a <strong>Sabrina Carpenter<\/strong>, Justin Bieber y Karol G.<\/p>\n<p><strong>White<\/strong> fue a\u00f1adido con <strong>set de 45 minutos<\/strong> el s\u00e1bado a las 3:00 hora local, lo que ha sido considerado un <strong>horario poco usual<\/strong> para una estrella de gran trayectoria, tomando en cuenta que su \u00faltima aparici\u00f3n en Coachella, hace 11 a\u00f1os, fue como cabeza de <strong>cartel<\/strong>.<\/p>\n<div class=\"w-full pt-2 float-left inside-related\">    <span class=\"border-b border-black pb-3 mb-4 block\"><strong>RELACIONADAS<\/strong><\/span>                <\/p>\n<article class=\"flex flex-wrap border-b pb-4 mb-3 inline-block\">\n<div class=\"xl:w-2\/12 w-4\/12\">\n<figure class=\"mb-0\">                                                    <a href=\"https:\/\/www.diariolibre.com\/revista\/musica\/2026\/04\/07\/karol-g-portada-en-playboy-y-debut-en-coachella\/3494276?utm_source=relacionadas&amp;utm_medium=nota&amp;utm_campaign=relacionadas\" title=\"                                                                                                                            \">                                                                <img decoding=\"async\" loading=\"lazy\" src=\"https:\/\/resources.diariolibre.com\/images\/2026\/04\/07\/karol-g-en-playboy-portada-y-su-debut-en-coachella-ea669843-focus-0-0-149-99.jpg\" width=\"149\" height=\"99\" title=\"Karol G protagoniza la portada de Playboy y se prepara para Coachella\" alt=\"Karol G protagoniza la portada de Playboy y se prepara para Coachella\" class=\"object-cover\">                                                            <\/a>                                            <\/figure>\n<\/p><\/div>\n<div class=\"xl:w-10\/12 w-8\/12 pl-3\">\n<div class=\"text-md mb-2 meta\">                        <a href=\"https:\/\/www.diariolibre.com\/revista\/musica\" title=\"M\u00fasica\">M\u00fasica<\/a>                    <\/div>\n<h2><a href=\"https:\/\/www.diariolibre.com\/revista\/musica\/2026\/04\/07\/karol-g-portada-en-playboy-y-debut-en-coachella\/3494276?utm_source=relacionadas&amp;utm_medium=nota&amp;utm_campaign=relacionadas\" title=\"Karol G protagoniza la portada de Playboy y se prepara para Coachella\">Karol G protagoniza la portada de Playboy y se prepara para Coachella<\/a><\/h2>\n<\/p><\/div>\n<\/article><\/div>\n<h2>Amplia cartelera<\/h2>\n<p>El <strong>festival<\/strong> se llevar\u00e1 a cabo durante dos fines de semana consecutivos, del <strong>10 al 12 de abril<\/strong> y del 17 al 19 de abril de 2026, en el <strong>Empire Polo Club<\/strong> en Indio, California, y a\u00fan no est\u00e1 claro si el autor de 'Seven Nation Army' tambi\u00e9n formar\u00e1 parte de las actuaciones del segundo fin de semana.<\/p>\n<div class=\"social-embed mb-4\">\n<div class=\"placeholderYoutube\"><\/div>\n<\/div>\n<p>En 2025, grandes estrellas como <strong>Ed Sheeran<\/strong> y la banda de rock <strong>Weezer<\/strong> fueron anunciados de forma similar como <strong>artistas invitados<\/strong> de \u00faltimo momento en horarios por la tarde.<\/p>\n<p>Con la publicaci\u00f3n de los horarios tambi\u00e9n se anunci\u00f3 que '<strong>Radiohead Motion Picture House<\/strong>: <strong>Kid A Mnesia<\/strong>', la activaci\u00f3n de la agrupaci\u00f3n brit\u00e1nica Radiohead, estar\u00e1 <strong>disponible<\/strong> durante los tres d\u00edas.<\/p>\n<p>Se trata de una <strong>pel\u00edcula de gran formato<\/strong> de 75 minutos \"compuesta por miles de fragmentos creados por <strong>Thom Yorke<\/strong> y <strong>Stanley Donwood<\/strong> durante la grabaci\u00f3n de 'Kid A' y 'Amnesiac': bocetos, pinturas, collages, grabaciones de audio y notas manuscritas\", escribi\u00f3 la <strong>organizaci\u00f3n<\/strong>.\u00a0<\/p>\n<p><\/p>\n<p>\u200bEl m\u00fasico estadounidense Jack White, conocido por su banda The White Stripes, se sum\u00f3 de \u00faltimo minuto al cartel del Festival de Coachella en Indio, California, que se llevar\u00e1 a cabo durante los dos pr\u00f3ximos fines de semana.El anuncio lleg\u00f3 de sorpresa despu\u00e9s de que la organizaci\u00f3n del encuentro hiciera p\u00fablicos los horarios en los que se llevar\u00e1n a cabo las actuaciones musicales, que este a\u00f1o incluyen a Sabrina Carpenter, Justin Bieber y Karol G.White fue a\u00f1adido con set de 45 minutos el s\u00e1bado a las 3:00 hora local, lo que ha sido considerado un horario poco usual para una estrella de gran trayectoria, tomando en cuenta que su \u00faltima aparici\u00f3n en Coachella, hace 11 a\u00f1os, fue como cabeza de cartel.    RELACIONADAS                                                                                                                                                                                                                                                                                                                                                            M\u00fasica                                        Karol G protagoniza la portada de Playboy y se prepara para Coachella                                    Amplia carteleraEl festival se llevar\u00e1 a cabo durante dos fines de semana consecutivos, del 10 al 12 de abril y del 17 al 19 de abril de 2026, en el Empire Polo Club en Indio, California, y a\u00fan no est\u00e1 claro si el autor de 'Seven Nation Army' tambi\u00e9n formar\u00e1 parte de las actuaciones del segundo fin de semana.En 2025, grandes estrellas como Ed Sheeran y la banda de rock Weezer fueron anunciados de forma similar como artistas invitados de \u00faltimo momento en horarios por la tarde.Con la publicaci\u00f3n de los horarios tambi\u00e9n se anunci\u00f3 que 'Radiohead Motion Picture House: Kid A Mnesia', la activaci\u00f3n de la agrupaci\u00f3n brit\u00e1nica Radiohead, estar\u00e1 disponible durante los tres d\u00edas.Se trata de una pel\u00edcula de gran formato de 75 minutos \"compuesta por miles de fragmentos creados por Thom Yorke y Stanley Donwood durante la grabaci\u00f3n de 'Kid A' y 'Amnesiac': bocetos, pinturas, collages, grabaciones de audio y notas manuscritas\", escribi\u00f3 la organizaci\u00f3n.\u00a0\u00a0\u00a0Revista, M\u00fasica, EFE, Los \u00c1ngeles, Cartel, festival de Coachella, Jack White\u00a0<\/p>\n","protected":false},"excerpt":{"rendered":"<p>El m\u00fasico estadounidense Jack White, conocido por su banda The White Stripes, se sum\u00f3 de \u00faltimo minuto al cartel del Festival de Coachella en Indio, California, que se llevar\u00e1 a cabo durante los dos pr\u00f3ximos fines de semana. El anuncio lleg\u00f3 de sorpresa despu\u00e9s de que la organizaci\u00f3n del encuentro hiciera p\u00fablicos los horarios en [&hellip;]<\/p>\n","protected":false},"author":1,"featured_media":14398,"comment_status":"open","ping_status":"open","sticky":false,"template":"","format":"standard","meta":{"amp_status":"","footnotes":""},"categories":[9],"tags":[],"class_list":["post-14698","post","type-post","status-publish","format-standard","has-post-thumbnail","hentry","category-espectaculo"],"_links":{"self":[{"href":"https:\/\/ermdigital.com\/index.php?rest_route=\/wp\/v2\/posts\/14698","targetHints":{"allow":["GET"]}}],"collection":[{"href":"https:\/\/ermdigital.com\/index.php?rest_route=\/wp\/v2\/posts"}],"about":[{"href":"https:\/\/ermdigital.com\/index.php?rest_route=\/wp\/v2\/types\/post"}],"author":[{"embeddable":true,"href":"https:\/\/ermdigital.com\/index.php?rest_route=\/wp\/v2\/users\/1"}],"replies":[{"embeddable":true,"href":"https:\/\/ermdigital.com\/index.php?rest_route=%2Fwp%2Fv2%2Fcomments&post=14698"}],"version-history":[{"count":0,"href":"https:\/\/ermdigital.com\/index.php?rest_route=\/wp\/v2\/posts\/14698\/revisions"}],"wp:featuredmedia":[{"embeddable":true,"href":"https:\/\/ermdigital.com\/index.php?rest_route=\/wp\/v2\/media\/14398"}],"wp:attachment":[{"href":"https:\/\/ermdigital.com\/index.php?rest_route=%2Fwp%2Fv2%2Fmedia&parent=14698"}],"wp:term":[{"taxonomy":"category","embeddable":true,"href":"https:\/\/ermdigital.com\/index.php?rest_route=%2Fwp%2Fv2%2Fcategories&post=14698"},{"taxonomy":"post_tag","embeddable":true,"href":"https:\/\/ermdigital.com\/index.php?rest_route=%2Fwp%2Fv2%2Ftags&post=14698"}],"curies":[{"name":"wp","href":"https:\/\/api.w.org\/{rel}","templated":true}]}}