{"id":14697,"date":"2026-04-07T18:05:00","date_gmt":"2026-04-07T22:05:00","guid":{"rendered":"https:\/\/ermdigital.com\/index.php\/2026\/04\/07\/cronicas-musicales-inicia-seleccion-de-100-merengues-esenciales\/"},"modified":"2026-04-07T18:05:00","modified_gmt":"2026-04-07T22:05:00","slug":"cronicas-musicales-inicia-seleccion-de-100-merengues-esenciales","status":"publish","type":"post","link":"https:\/\/ermdigital.com\/?p=14697","title":{"rendered":"Cr\u00f3nicas Musicales inicia selecci\u00f3n de 100 Merengues esenciales"},"content":{"rendered":"<p>La tertulia \"<strong>Cr\u00f3nicas Musicales<\/strong>\", iniciativa del periodista y cr\u00edtico musical <strong>M\u00e1ximo Jim\u00e9nez<\/strong>, anuncia el lanzamiento de un ambicioso proyecto cultural: la selecci\u00f3n de los <strong>100 merengues esenciales<\/strong> de la d\u00e9cada de 1980, considerada como la etapa de mayor esplendor del g\u00e9nero.<\/p>\n<p>Este <strong>ranking<\/strong>, que comenzar\u00e1 a publicarse a partir de este martes <strong>7 de abril<\/strong>, estar\u00e1 compuesto exclusivamente por temas creados por <strong>compositores dominicanos<\/strong>, con el objetivo de resaltar la riqueza autoral y musical de una \u00e9poca que defini\u00f3 la identidad sonora del pa\u00eds.<\/p>\n<p>Para la conformaci\u00f3n de esta lista, se convocar\u00e1 a una amplia y plural representaci\u00f3n de <strong>artistas<\/strong>, m\u00fasicos, <strong>cronistas musicales<\/strong> y coleccionistas, procurando que la selecci\u00f3n sea inclusiva, equitativa, diversa y representativa de las distintas corrientes, estilos y protagonistas del merengue en los a\u00f1os 80, indica una nota de prensa.<\/p>\n<div class=\"w-full pt-2 float-left inside-related\">    <span class=\"border-b border-black pb-3 mb-4 block\"><strong>RELACIONADAS<\/strong><\/span>                <\/p>\n<article class=\"flex flex-wrap border-b pb-4 mb-3 inline-block\">\n<div class=\"xl:w-2\/12 w-4\/12\">\n<figure class=\"mb-0\">                                                    <a href=\"https:\/\/www.diariolibre.com\/revista\/cultura\/2025\/12\/05\/enrique-feliz-sera-el-invitado-de-cronicas-musicales-en-noviembre\/3368530?utm_source=relacionadas&amp;utm_medium=nota&amp;utm_campaign=relacionadas\" title=\"                                                                                                                            \">                                                                <img decoding=\"async\" loading=\"lazy\" src=\"https:\/\/resources.diariolibre.com\/images\/2025\/12\/05\/enrique-feliz-sera-el-invitado-de-cronicas-musicales-en-noviembre-fea3d3af-focus-0-0-149-99.jpg\" width=\"149\" height=\"99\" title=\"Enrique Feliz ser\u00e1 el invitado especial de la segunda edici\u00f3n de Cr\u00f3nicas Musicales\" alt=\"Enrique Feliz ser\u00e1 el invitado especial de la segunda edici\u00f3n de Cr\u00f3nicas Musicales\" class=\"object-cover\">                                                            <\/a>                                            <\/figure>\n<\/p><\/div>\n<div class=\"xl:w-10\/12 w-8\/12 pl-3\">\n<div class=\"text-md mb-2 meta\">                        <a href=\"https:\/\/www.diariolibre.com\/revista\/cultura\" title=\"Cultura\">Cultura<\/a>                    <\/div>\n<h2><a href=\"https:\/\/www.diariolibre.com\/revista\/cultura\/2025\/12\/05\/enrique-feliz-sera-el-invitado-de-cronicas-musicales-en-noviembre\/3368530?utm_source=relacionadas&amp;utm_medium=nota&amp;utm_campaign=relacionadas\" title=\"Enrique Feliz ser\u00e1 el invitado especial de la segunda edici\u00f3n de Cr\u00f3nicas Musicales\">Enrique Feliz ser\u00e1 el invitado especial de la segunda edici\u00f3n de \"Cr\u00f3nicas Musicales\"<\/a><\/h2>\n<\/p><\/div>\n<\/article><\/div>\n<h2>Selecci\u00f3n<\/h2>\n<p>M\u00e1s que una simple enumeraci\u00f3n de canciones, esta iniciativa busca generar un espacio de <strong>reflexi\u00f3n<\/strong>, <strong>debate<\/strong> y an\u00e1lisis, as\u00ed como fomentar la socializaci\u00f3n de una d\u00e9cada que dej\u00f3 una huella imborrable en la <strong>cultura popular dominicana<\/strong>.<\/p>\n<p>\"Esta selecci\u00f3n no pretende ser definitiva, sino <strong>abrir la conversaci\u00f3n<\/strong>. Queremos que el p\u00fablico recuerde, cuestione, descubra y, sobre todo, se reconecte con una <strong>\u00e9poca extraordinaria<\/strong> de nuestra m\u00fasica\", expres\u00f3 <strong>M\u00e1ximo Jim\u00e9nez<\/strong>.<\/p>\n<p>Una vez completada la lista de los 100 merengues, el semanario <strong>La Cr\u00f3nica<\/strong> publicar\u00e1 un <strong>compendio especial<\/strong> que reunir\u00e1 las canciones seleccionadas, constituyendo un valioso documento de consulta y <strong>memoria musical<\/strong>.<\/p>\n<p>Con esta propuesta, la tertulia \"<strong>Cr\u00f3nicas Musicales\"\u00a0<\/strong>reafirma su compromiso con la difusi\u00f3n, valoraci\u00f3n y estudio del <strong>patrimonio sonoro<\/strong> dominicano, invitando al p\u00fablico a ser parte activa de este recorrido por los <strong>a\u00f1os dorados<\/strong> del merengue.<\/p>\n<p>\u200bLa tertulia \"Cr\u00f3nicas Musicales\", iniciativa del periodista y cr\u00edtico musical M\u00e1ximo Jim\u00e9nez, anuncia el lanzamiento de un ambicioso proyecto cultural: la selecci\u00f3n de los 100 merengues esenciales de la d\u00e9cada de 1980, considerada como la etapa de mayor esplendor del g\u00e9nero.Este ranking, que comenzar\u00e1 a publicarse a partir de este martes 7 de abril, estar\u00e1 compuesto exclusivamente por temas creados por compositores dominicanos, con el objetivo de resaltar la riqueza autoral y musical de una \u00e9poca que defini\u00f3 la identidad sonora del pa\u00eds.Para la conformaci\u00f3n de esta lista, se convocar\u00e1 a una amplia y plural representaci\u00f3n de artistas, m\u00fasicos, cronistas musicales y coleccionistas, procurando que la selecci\u00f3n sea inclusiva, equitativa, diversa y representativa de las distintas corrientes, estilos y protagonistas del merengue en los a\u00f1os 80, indica una nota de prensa.    RELACIONADAS                                                                                                                                                                                                                                                                                                                                                            Cultura                                        Enrique Feliz ser\u00e1 el invitado especial de la segunda edici\u00f3n de \"Cr\u00f3nicas Musicales\"                                    Selecci\u00f3nM\u00e1s que una simple enumeraci\u00f3n de canciones, esta iniciativa busca generar un espacio de reflexi\u00f3n, debate y an\u00e1lisis, as\u00ed como fomentar la socializaci\u00f3n de una d\u00e9cada que dej\u00f3 una huella imborrable en la cultura popular dominicana.\"Esta selecci\u00f3n no pretende ser definitiva, sino abrir la conversaci\u00f3n. Queremos que el p\u00fablico recuerde, cuestione, descubra y, sobre todo, se reconecte con una \u00e9poca extraordinaria de nuestra m\u00fasica\", expres\u00f3 M\u00e1ximo Jim\u00e9nez.Una vez completada la lista de los 100 merengues, el semanario La Cr\u00f3nica publicar\u00e1 un compendio especial que reunir\u00e1 las canciones seleccionadas, constituyendo un valioso documento de consulta y memoria musical.Con esta propuesta, la tertulia \"Cr\u00f3nicas Musicales\"\u00a0reafirma su compromiso con la difusi\u00f3n, valoraci\u00f3n y estudio del patrimonio sonoro dominicano, invitando al p\u00fablico a ser parte activa de este recorrido por los a\u00f1os dorados del merengue.\u00a0\u00a0Revista, Cultura, Diario Libre, Santo Domingo, Cr\u00f3nicas Musicales, 100 Merengues esenciales, merengues de los 80\u00a0<\/p>\n","protected":false},"excerpt":{"rendered":"<p>La tertulia \"Cr\u00f3nicas Musicales\", iniciativa del periodista y cr\u00edtico musical M\u00e1ximo Jim\u00e9nez, anuncia el lanzamiento de un ambicioso proyecto cultural: la selecci\u00f3n de los 100 merengues esenciales de la d\u00e9cada de 1980, considerada como la etapa de mayor esplendor del g\u00e9nero. Este ranking, que comenzar\u00e1 a publicarse a partir de este martes 7 de abril, [&hellip;]<\/p>\n","protected":false},"author":1,"featured_media":14425,"comment_status":"open","ping_status":"open","sticky":false,"template":"","format":"standard","meta":{"amp_status":"","footnotes":""},"categories":[9],"tags":[],"class_list":["post-14697","post","type-post","status-publish","format-standard","has-post-thumbnail","hentry","category-espectaculo"],"_links":{"self":[{"href":"https:\/\/ermdigital.com\/index.php?rest_route=\/wp\/v2\/posts\/14697","targetHints":{"allow":["GET"]}}],"collection":[{"href":"https:\/\/ermdigital.com\/index.php?rest_route=\/wp\/v2\/posts"}],"about":[{"href":"https:\/\/ermdigital.com\/index.php?rest_route=\/wp\/v2\/types\/post"}],"author":[{"embeddable":true,"href":"https:\/\/ermdigital.com\/index.php?rest_route=\/wp\/v2\/users\/1"}],"replies":[{"embeddable":true,"href":"https:\/\/ermdigital.com\/index.php?rest_route=%2Fwp%2Fv2%2Fcomments&post=14697"}],"version-history":[{"count":0,"href":"https:\/\/ermdigital.com\/index.php?rest_route=\/wp\/v2\/posts\/14697\/revisions"}],"wp:featuredmedia":[{"embeddable":true,"href":"https:\/\/ermdigital.com\/index.php?rest_route=\/wp\/v2\/media\/14425"}],"wp:attachment":[{"href":"https:\/\/ermdigital.com\/index.php?rest_route=%2Fwp%2Fv2%2Fmedia&parent=14697"}],"wp:term":[{"taxonomy":"category","embeddable":true,"href":"https:\/\/ermdigital.com\/index.php?rest_route=%2Fwp%2Fv2%2Fcategories&post=14697"},{"taxonomy":"post_tag","embeddable":true,"href":"https:\/\/ermdigital.com\/index.php?rest_route=%2Fwp%2Fv2%2Ftags&post=14697"}],"curies":[{"name":"wp","href":"https:\/\/api.w.org\/{rel}","templated":true}]}}