{"id":14696,"date":"2026-04-07T18:43:00","date_gmt":"2026-04-07T22:43:00","guid":{"rendered":"https:\/\/ermdigital.com\/index.php\/2026\/04\/07\/dominicano-lil-naay-realiza-tres-conciertos-en-colombia\/"},"modified":"2026-04-07T18:43:00","modified_gmt":"2026-04-07T22:43:00","slug":"dominicano-lil-naay-realiza-tres-conciertos-en-colombia","status":"publish","type":"post","link":"https:\/\/ermdigital.com\/?p=14696","title":{"rendered":"Dominicano Lil Naay realiza tres conciertos en Colombia"},"content":{"rendered":"<p>El <strong>trapero dominicano<\/strong> <strong>Lil Naay<\/strong> <strong>cerr\u00f3<\/strong> con \u00e9xito una <strong>gira por Colombia<\/strong>, donde realiz\u00f3 tres presentaciones en las ciudades de Tulu\u00e1, Cali y Buenaventura.\u00a0<\/p>\n<p>Los <strong>conciertos<\/strong>, de la mano de las empresas productoras <strong>Pariente music<\/strong> y <strong>Minaya Music<\/strong>, lograron <strong>convocatoria total<\/strong>, consolidando la presencia del artista en el mercado colombiano y evidenciando la creciente conexi\u00f3n del <strong>p\u00fablico<\/strong> con su propuesta musical.<\/p>\n<p>Durante su recorrido, el <strong>int\u00e9rprete<\/strong> <strong>expres\u00f3<\/strong> su <strong>satisfacci\u00f3n<\/strong> por la receptividad de los fan\u00e1ticos.\u00a0<\/p>\n<ul>\n<li>\u201c<strong>Me siento<\/strong> muy <strong>contento<\/strong> por esta gira, por la <strong>aceptaci\u00f3n del p\u00fablico<\/strong> colombiano. Fueron tres eventos llenos de energ\u00eda\u201d, manifest\u00f3.<\/li>\n<\/ul>\n<div class=\"w-full pt-2 float-left inside-related\">    <span class=\"border-b border-black pb-3 mb-4 block\"><strong>RELACIONADAS<\/strong><\/span>                <\/p>\n<article class=\"flex flex-wrap border-b pb-4 mb-3 inline-block\">\n<div class=\"xl:w-2\/12 w-4\/12\">\n<figure class=\"mb-0\">                                                    <a href=\"https:\/\/www.diariolibre.com\/usa\/revista\/2025\/12\/20\/barack-obama-incluye-a-lil-naay-en-lista-de-favoritos-del-2025\/3383378?utm_source=relacionadas&amp;utm_medium=nota&amp;utm_campaign=relacionadas\" title=\"                                                                                                                            \">                                                                <img decoding=\"async\" loading=\"lazy\" src=\"https:\/\/resources.diariolibre.com\/images\/2025\/12\/20\/lil-naay-353bc410-focus-0-0.36-149-99.jpg\" width=\"149\" height=\"99\" title=\"Obama incluye al dominicano Lil Naay en su lista de favoritos de 2025\" alt=\"Obama incluye al dominicano Lil Naay en su lista de favoritos de 2025\" class=\"object-cover\">                                                            <\/a>                                            <\/figure>\n<\/p><\/div>\n<div class=\"xl:w-10\/12 w-8\/12 pl-3\">\n<div class=\"text-md mb-2 meta\">                        <a href=\"https:\/\/www.diariolibre.com\/usa\/revista\" title=\"Revista\">Revista<\/a>                    <\/div>\n<h2><a href=\"https:\/\/www.diariolibre.com\/usa\/revista\/2025\/12\/20\/barack-obama-incluye-a-lil-naay-en-lista-de-favoritos-del-2025\/3383378?utm_source=relacionadas&amp;utm_medium=nota&amp;utm_campaign=relacionadas\" title=\"Obama incluye al dominicano Lil Naay en su lista de favoritos de 2025\">Obama incluye al dominicano Lil Naay en su lista de favoritos de 2025<\/a><\/h2>\n<\/p><\/div>\n<\/article><\/div>\n<p>Cada presentaci\u00f3n estuvo marcada por una <strong>alta interacci\u00f3n<\/strong> con el <strong>p\u00fablico<\/strong>, que core\u00f3 sus canciones y respondi\u00f3 con entusiasmo a su puesta en escena, reafirmando el impacto del <strong>g\u00e9nero urbano dominicano<\/strong> fuera del pa\u00eds.<\/p>\n<p>Con este paso por Colombia, y el respaldo estrat\u00e9gico de la empresa <strong>1844 Tech<\/strong>, con la que trabaja <strong>Lil Naay<\/strong>, el artista contin\u00faa <strong>expandiendo<\/strong> su <strong>proyecci\u00f3n internacional<\/strong>, consolid\u00e1ndose como una de las nuevas figuras del trap dominicano con mayor alcance en escenarios globales.<\/p>\n<p>\u200bEl trapero dominicano Lil Naay cerr\u00f3 con \u00e9xito una gira por Colombia, donde realiz\u00f3 tres presentaciones en las ciudades de Tulu\u00e1, Cali y Buenaventura.\u00a0Los conciertos, de la mano de las empresas productoras Pariente music y Minaya Music, lograron convocatoria total, consolidando la presencia del artista en el mercado colombiano y evidenciando la creciente conexi\u00f3n del p\u00fablico con su propuesta musical.Durante su recorrido, el int\u00e9rprete expres\u00f3 su satisfacci\u00f3n por la receptividad de los fan\u00e1ticos.\u00a0    \u201cMe siento muy contento por esta gira, por la aceptaci\u00f3n del p\u00fablico colombiano. Fueron tres eventos llenos de energ\u00eda\u201d, manifest\u00f3.    RELACIONADAS                                                                                                                                                                                                                                                                                                                                                            Revista                                        Obama incluye al dominicano Lil Naay en su lista de favoritos de 2025                                    Cada presentaci\u00f3n estuvo marcada por una alta interacci\u00f3n con el p\u00fablico, que core\u00f3 sus canciones y respondi\u00f3 con entusiasmo a su puesta en escena, reafirmando el impacto del g\u00e9nero urbano dominicano fuera del pa\u00eds.Con este paso por Colombia, y el respaldo estrat\u00e9gico de la empresa 1844 Tech, con la que trabaja Lil Naay, el artista contin\u00faa expandiendo su proyecci\u00f3n internacional, consolid\u00e1ndose como una de las nuevas figuras del trap dominicano con mayor alcance en escenarios globales.\u00a0\u00a0Revista, M\u00fasica, Diario Libre, Santo Domingo, Conciertos, Lil Naay, Trapero dominicano\u00a0<\/p>\n","protected":false},"excerpt":{"rendered":"<p>El trapero dominicano Lil Naay cerr\u00f3 con \u00e9xito una gira por Colombia, donde realiz\u00f3 tres presentaciones en las ciudades de Tulu\u00e1, Cali y Buenaventura.\u00a0 Los conciertos, de la mano de las empresas productoras Pariente music y Minaya Music, lograron convocatoria total, consolidando la presencia del artista en el mercado colombiano y evidenciando la creciente conexi\u00f3n [&hellip;]<\/p>\n","protected":false},"author":1,"featured_media":14448,"comment_status":"open","ping_status":"open","sticky":false,"template":"","format":"standard","meta":{"amp_status":"","footnotes":""},"categories":[9],"tags":[],"class_list":["post-14696","post","type-post","status-publish","format-standard","has-post-thumbnail","hentry","category-espectaculo"],"_links":{"self":[{"href":"https:\/\/ermdigital.com\/index.php?rest_route=\/wp\/v2\/posts\/14696","targetHints":{"allow":["GET"]}}],"collection":[{"href":"https:\/\/ermdigital.com\/index.php?rest_route=\/wp\/v2\/posts"}],"about":[{"href":"https:\/\/ermdigital.com\/index.php?rest_route=\/wp\/v2\/types\/post"}],"author":[{"embeddable":true,"href":"https:\/\/ermdigital.com\/index.php?rest_route=\/wp\/v2\/users\/1"}],"replies":[{"embeddable":true,"href":"https:\/\/ermdigital.com\/index.php?rest_route=%2Fwp%2Fv2%2Fcomments&post=14696"}],"version-history":[{"count":0,"href":"https:\/\/ermdigital.com\/index.php?rest_route=\/wp\/v2\/posts\/14696\/revisions"}],"wp:featuredmedia":[{"embeddable":true,"href":"https:\/\/ermdigital.com\/index.php?rest_route=\/wp\/v2\/media\/14448"}],"wp:attachment":[{"href":"https:\/\/ermdigital.com\/index.php?rest_route=%2Fwp%2Fv2%2Fmedia&parent=14696"}],"wp:term":[{"taxonomy":"category","embeddable":true,"href":"https:\/\/ermdigital.com\/index.php?rest_route=%2Fwp%2Fv2%2Fcategories&post=14696"},{"taxonomy":"post_tag","embeddable":true,"href":"https:\/\/ermdigital.com\/index.php?rest_route=%2Fwp%2Fv2%2Ftags&post=14696"}],"curies":[{"name":"wp","href":"https:\/\/api.w.org\/{rel}","templated":true}]}}