{"id":14657,"date":"2026-04-07T13:11:00","date_gmt":"2026-04-07T17:11:00","guid":{"rendered":"https:\/\/ermdigital.com\/index.php\/2026\/04\/07\/karol-g-rompe-el-silencio-teme-represalias-por-criticar-a-ice\/"},"modified":"2026-04-07T13:11:00","modified_gmt":"2026-04-07T17:11:00","slug":"karol-g-rompe-el-silencio-teme-represalias-por-criticar-a-ice","status":"publish","type":"post","link":"https:\/\/ermdigital.com\/?p=14657","title":{"rendered":"Karol G rompe el silencio: teme represalias por criticar a ICE"},"content":{"rendered":"<p>La cantante colombiana <strong>Karol G<\/strong> expres\u00f3 su deseo de poder pronunciarse con mayor libertad sobre las acciones que el <strong>Servicio de Inmigraci\u00f3n y Control de Aduanas<\/strong> de Estados Unidos (<strong>ICE<\/strong>) ha estado llevando a cabo en el pa\u00eds. Sin embargo, se\u00f1al\u00f3 que ha sido advertida de que hacerlo podr\u00eda acarrear represalias. <\/p>\n<p>\"La gente dice: 'Es mejor que no lo hagas&#8217;&#8230; \u00bfPor qu\u00e9?, porque si dices algo, tal vez recibas una llamada el d\u00eda siguiente: 'Oye, te retiramos la visa'. Te conviertes en <strong>carnada<\/strong> de algunas personas que quieren demostrar su poder\", dijo <strong>Carolina Giraldo Navarro<\/strong>, conocida por su nombre art\u00edstico <strong>Karol G<\/strong>, en una <strong>entrevista<\/strong> con la revista <strong>Playboy<\/strong>. <\/p>\n<p>La cantante, que har\u00e1 historia este domingo como la <strong>primera cantante latina<\/strong> en encabezar el <strong>Festival de Coachella<\/strong> en <strong>Indio<\/strong>, <strong>California<\/strong>, admiti\u00f3 que si dijera la frase popular \"<strong>ICE Out<\/strong>\", su equipo \"la matar\u00eda\", pero que a\u00fan as\u00ed estar\u00eda dispuesta a hacerlo. <\/p>\n<p>\"Para ser honesta, es algo que sobrepasa los l\u00edmites de lo que debo hacer para <strong>protegerme<\/strong>. Pero, al fin y al cabo, \u00bfcu\u00e1l es<strong> mi <\/strong>papel si estoy en esta situaci\u00f3n?\", dijo la int\u00e9rprete de 'Bichota'. <\/p>\n<p>Pero tambi\u00e9n cuestion\u00f3 el verdadero impacto que algo as\u00ed podr\u00eda tener. \"\u00bfQu\u00e9 <strong>impacto real<\/strong> tiene decir '<strong>ICE Out<\/strong>' en comparaci\u00f3n con otra cosa que pueda tener un <strong>impacto real<\/strong> en mi comunidad?\", afirm\u00f3.<\/p>\n<div class=\"w-full pt-2 float-left inside-related\">    <span class=\"border-b border-black pb-3 mb-4 block\"><strong>RELACIONADAS<\/strong><\/span>                <\/p>\n<article class=\"flex flex-wrap border-b pb-4 mb-3 inline-block\">\n<div class=\"xl:w-2\/12 w-4\/12\">\n<figure class=\"mb-0\">                                                    <a href=\"https:\/\/www.diariolibre.com\/revista\/musica\/2026\/04\/07\/karol-g-portada-en-playboy-y-debut-en-coachella\/3494276?utm_source=relacionadas&amp;utm_medium=nota&amp;utm_campaign=relacionadas\" title=\"                                                                                                                            \">                                                                <img decoding=\"async\" loading=\"lazy\" src=\"https:\/\/resources.diariolibre.com\/images\/2026\/04\/07\/karol-g-en-playboy-portada-y-su-debut-en-coachella-ea669843-focus-0-0-149-99.jpg\" width=\"149\" height=\"99\" title=\"Karol G protagoniza la portada de Playboy y se prepara para Coachella\" alt=\"Karol G protagoniza la portada de Playboy y se prepara para Coachella\" class=\"object-cover\">                                                            <\/a>                                            <\/figure>\n<\/p><\/div>\n<div class=\"xl:w-10\/12 w-8\/12 pl-3\">\n<div class=\"text-md mb-2 meta\">                        <a href=\"https:\/\/www.diariolibre.com\/revista\/musica\" title=\"M\u00fasica\">M\u00fasica<\/a>                    <\/div>\n<h2><a href=\"https:\/\/www.diariolibre.com\/revista\/musica\/2026\/04\/07\/karol-g-portada-en-playboy-y-debut-en-coachella\/3494276?utm_source=relacionadas&amp;utm_medium=nota&amp;utm_campaign=relacionadas\" title=\"Karol G protagoniza la portada de Playboy y se prepara para Coachella\">Karol G protagoniza la portada de Playboy y se prepara para Coachella<\/a><\/h2>\n<\/p><\/div>\n<\/article><\/div>\n<p><\/p>\n<h2>Motivaciones y consejos sobre su sesi\u00f3n fotogr\u00e1fica<\/h2>\n<p>En la <strong>entrevista<\/strong>, <strong>Karol G<\/strong> tambi\u00e9n habl\u00f3 sobre su <strong>decisi\u00f3n<\/strong> de posar en la <strong>revista para adultos<\/strong>. <\/p>\n<p>\"\u00bfPor qu\u00e9 quiero hacer esto? Porque quiero (&#8230;) Porque crec\u00ed inspirada por la<strong> belleza<\/strong> de las mujeres en la revista, y ahora<strong> tengo<\/strong> la oportunidad de ser esa hermosa y sexy mamacita de la revista. \u00bfPor qu\u00e9 no?\", dijo. <\/p>\n<p>No obstante, confes\u00f3 que a la \u00fanica persona que le pidi\u00f3 <strong>opini\u00f3n<\/strong> sobre si deb\u00eda hacerlo o no fue a su amiga y compatriota, la actriz <strong>Sof\u00eda Vergara<\/strong>. <\/p>\n<p>\"&#8217;Mijita, con ese cuerpo, \u00bfc\u00f3mo no? <strong>Cuando<\/strong> llegas a esta edad, te dices: 'Carajo, \u00bfpor qu\u00e9 no pos\u00e9 esa vez? \u00a1<strong>Deb\u00ed<\/strong> haber posado m\u00e1s en tanga!' (&#8230;) 'Solo una cosa: no ense\u00f1es el co\u00f1o'\", record\u00f3.<\/p>\n<p>\u200bLa cantante colombiana Karol G expres\u00f3 su deseo de poder pronunciarse con mayor libertad sobre las acciones que el Servicio de Inmigraci\u00f3n y Control de Aduanas de Estados Unidos (ICE) ha estado llevando a cabo en el pa\u00eds. Sin embargo, se\u00f1al\u00f3 que ha sido advertida de que hacerlo podr\u00eda acarrear represalias. \"La gente dice: 'Es mejor que no lo hagas&#8217;&#8230; \u00bfPor qu\u00e9?, porque si dices algo, tal vez recibas una llamada el d\u00eda siguiente: 'Oye, te retiramos la visa'. Te conviertes en carnada de algunas personas que quieren demostrar su poder\", dijo Carolina Giraldo Navarro, conocida por su nombre art\u00edstico Karol G, en una entrevista con la revista Playboy. La cantante, que har\u00e1 historia este domingo como la primera cantante latina en encabezar el Festival de Coachella en Indio, California, admiti\u00f3 que si dijera la frase popular \"ICE Out\", su equipo \"la matar\u00eda\", pero que a\u00fan as\u00ed estar\u00eda dispuesta a hacerlo. \"Para ser honesta, es algo que sobrepasa los l\u00edmites de lo que debo hacer para protegerme. Pero, al fin y al cabo, \u00bfcu\u00e1l es mi papel si estoy en esta situaci\u00f3n?\", dijo la int\u00e9rprete de 'Bichota'. Pero tambi\u00e9n cuestion\u00f3 el verdadero impacto que algo as\u00ed podr\u00eda tener. \"\u00bfQu\u00e9 impacto real tiene decir 'ICE Out' en comparaci\u00f3n con otra cosa que pueda tener un impacto real en mi comunidad?\", afirm\u00f3.    RELACIONADAS                                                                                                                                                                                                                                                                                                                                                            M\u00fasica                                        Karol G protagoniza la portada de Playboy y se prepara para Coachella                                    Motivaciones y consejos sobre su sesi\u00f3n fotogr\u00e1ficaEn la entrevista, Karol G tambi\u00e9n habl\u00f3 sobre su decisi\u00f3n de posar en la revista para adultos. \"\u00bfPor qu\u00e9 quiero hacer esto? Porque quiero (&#8230;) Porque crec\u00ed inspirada por la belleza de las mujeres en la revista, y ahora tengo la oportunidad de ser esa hermosa y sexy mamacita de la revista. \u00bfPor qu\u00e9 no?\", dijo. No obstante, confes\u00f3 que a la \u00fanica persona que le pidi\u00f3 opini\u00f3n sobre si deb\u00eda hacerlo o no fue a su amiga y compatriota, la actriz Sof\u00eda Vergara. \"&#8217;Mijita, con ese cuerpo, \u00bfc\u00f3mo no? Cuando llegas a esta edad, te dices: 'Carajo, \u00bfpor qu\u00e9 no pos\u00e9 esa vez? \u00a1Deb\u00ed haber posado m\u00e1s en tanga!' (&#8230;) 'Solo una cosa: no ense\u00f1es el co\u00f1o'\", record\u00f3.\u00a0\u00a0Revista, M\u00fasica, EFE, Los Angeles, Karol G ICE Out, Karol G Coachella, Karol G Playboy, Karol G inmigraci\u00f3n, Karol G Sof\u00eda Vergara\u00a0<\/p>\n","protected":false},"excerpt":{"rendered":"<p>La cantante colombiana Karol G expres\u00f3 su deseo de poder pronunciarse con mayor libertad sobre las acciones que el Servicio de Inmigraci\u00f3n y Control de Aduanas de Estados Unidos (ICE) ha estado llevando a cabo en el pa\u00eds. Sin embargo, se\u00f1al\u00f3 que ha sido advertida de que hacerlo podr\u00eda acarrear represalias. \"La gente dice: 'Es [&hellip;]<\/p>\n","protected":false},"author":1,"featured_media":14233,"comment_status":"open","ping_status":"open","sticky":false,"template":"","format":"standard","meta":{"amp_status":"","footnotes":""},"categories":[9],"tags":[],"class_list":["post-14657","post","type-post","status-publish","format-standard","has-post-thumbnail","hentry","category-espectaculo"],"_links":{"self":[{"href":"https:\/\/ermdigital.com\/index.php?rest_route=\/wp\/v2\/posts\/14657","targetHints":{"allow":["GET"]}}],"collection":[{"href":"https:\/\/ermdigital.com\/index.php?rest_route=\/wp\/v2\/posts"}],"about":[{"href":"https:\/\/ermdigital.com\/index.php?rest_route=\/wp\/v2\/types\/post"}],"author":[{"embeddable":true,"href":"https:\/\/ermdigital.com\/index.php?rest_route=\/wp\/v2\/users\/1"}],"replies":[{"embeddable":true,"href":"https:\/\/ermdigital.com\/index.php?rest_route=%2Fwp%2Fv2%2Fcomments&post=14657"}],"version-history":[{"count":0,"href":"https:\/\/ermdigital.com\/index.php?rest_route=\/wp\/v2\/posts\/14657\/revisions"}],"wp:featuredmedia":[{"embeddable":true,"href":"https:\/\/ermdigital.com\/index.php?rest_route=\/wp\/v2\/media\/14233"}],"wp:attachment":[{"href":"https:\/\/ermdigital.com\/index.php?rest_route=%2Fwp%2Fv2%2Fmedia&parent=14657"}],"wp:term":[{"taxonomy":"category","embeddable":true,"href":"https:\/\/ermdigital.com\/index.php?rest_route=%2Fwp%2Fv2%2Fcategories&post=14657"},{"taxonomy":"post_tag","embeddable":true,"href":"https:\/\/ermdigital.com\/index.php?rest_route=%2Fwp%2Fv2%2Ftags&post=14657"}],"curies":[{"name":"wp","href":"https:\/\/api.w.org\/{rel}","templated":true}]}}