{"id":14656,"date":"2026-04-07T13:42:00","date_gmt":"2026-04-07T17:42:00","guid":{"rendered":"https:\/\/ermdigital.com\/index.php\/2026\/04\/07\/el-puertorriqueno-daddy-yankee-persona-del-ano\/"},"modified":"2026-04-07T13:42:00","modified_gmt":"2026-04-07T17:42:00","slug":"el-puertorriqueno-daddy-yankee-persona-del-ano","status":"publish","type":"post","link":"https:\/\/ermdigital.com\/?p=14656","title":{"rendered":"El puertorrique\u00f1o Daddy Yankee Persona del A\u00f1o"},"content":{"rendered":"<p>El reguetonero puertorrique\u00f1o <strong>Daddy Yankee<\/strong> fue nombrado \u201c<strong>Persona del A\u00f1o 2026<\/strong>\" por la <strong>Academia Latina de la Grabaci\u00f3n<\/strong> por su larga trayectoria, <strong>reconocimiento<\/strong> que ser\u00e1 entregado el pr\u00f3ximo 11 de noviembre de 2026 en Las Vegas durante la Semana del <strong>Latin Grammy<\/strong>.<\/p>\n<p><strong>Ram\u00f3n Luis Ayala Rodr\u00edguez<\/strong>, nombre de pila del artista, ser\u00e1 homenajeado por sus casi tres d\u00e9cadas de carrera como cantante, compositor e int\u00e9rprete, as\u00ed como por su <strong>impacto<\/strong> en la globalizaci\u00f3n del <strong>reguet\u00f3n<\/strong> y sus esfuerzos humanitarios, detall\u00f3 la organizaci\u00f3n en un comunicado. <\/p>\n<p>Considerado una figura clave en la evoluci\u00f3n del <strong>g\u00e9nero urbano<\/strong>, su carrera ha estado marcada por la resiliencia, la creatividad y la superaci\u00f3n personal, agreg\u00f3.<\/p>\n<p>El <strong>reconocimiento<\/strong> \u201ces un sue\u00f1o hecho realidad. Significa mucho porque representa m\u00e1s que una carrera de \u00e9xito; es un <strong>reconocimiento<\/strong> a los a\u00f1os de <strong>disciplina<\/strong>, de lucha, de fe y de compromiso con nuestra cultura\u201d, indic\u00f3 el cantante puertorrique\u00f1o en la nota.<\/p>\n<p>\u201c<strong>Daddy Yankee<\/strong> ha sido una figura determinante en el ascenso global de la m\u00fasica latina\u201d, dijo <strong>Manuel Abud<\/strong>, CEO de La <strong>Academia Latina de la Grabaci\u00f3n<\/strong>. \u201cSu <strong>liderazgo<\/strong>, <strong>disciplina<\/strong> y <strong>visi\u00f3n<\/strong> abrieron camino a un g\u00e9nero e impulsaron a toda una generaci\u00f3n de creadores, y hoy mantiene plena vigencia\u201d.<\/p>\n<h2>Larga trayectoria<\/h2>\n<p>Desde sus inicios en los barrios <strong>Las Lomas<\/strong> y <strong>Villa Kennedy<\/strong> en <strong>San Juan<\/strong>, Puerto Rico, <strong>Daddy Yankee<\/strong> desarroll\u00f3 un estilo propio que reflejaba realidades sociales complejas. En un contexto donde el <strong>reguet\u00f3n<\/strong> enfrentaba estigmas, el artista contribuy\u00f3 a su legitimaci\u00f3n cultural y expansi\u00f3n internacional.<\/p>\n<p>Su consolidaci\u00f3n global lleg\u00f3 en 2004 con el \u00e1lbum \u2018<strong>Barrio fino<\/strong>\u2019, que vendi\u00f3 m\u00e1s de ocho millones de copias y permaneci\u00f3 24 semanas en el primer lugar de la lista <strong>Billboard Top Latin Albums<\/strong>. <\/p>\n<p>El \u00e9xito de \u201c<strong>Gasolina<\/strong>\u201d marc\u00f3 un punto de inflexi\u00f3n en la m\u00fasica latina y llev\u00f3 el <strong>reguet\u00f3n<\/strong> a audiencias internacionales. A lo largo de su carrera, ha logrado m\u00faltiples \u00e9xitos como \u201c<strong>Limbo<\/strong>\u201d, \u201c<strong>Con calma<\/strong>\u201d y \u201c<strong>Dura<\/strong>\u201d, posicion\u00e1ndose en los primeros lugares de popularidad en varios pa\u00edses.<\/p>\n<p>Asimismo, su participaci\u00f3n en \u201c<strong>Despacito<\/strong>\u201d, junto a <strong>Luis Fonsi<\/strong> y <strong>Erika Ender<\/strong>, represent\u00f3 un fen\u00f3meno global sin precedentes, con <strong>r\u00e9cords hist\u00f3ricos<\/strong> en listas musicales y miles de millones de reproducciones.<\/p>\n<p>En 2022, el artista anunci\u00f3 su <strong>retiro<\/strong> de la m\u00fasica profesional con el \u00e1lbum \u201c<strong>Legendaddy<\/strong>\u201d y la gira \u201c<strong>La \u00faltima vuelta World Tour<\/strong>\u201d, una de las m\u00e1s exitosas en la historia de la m\u00fasica latina, indic\u00f3 la academia.<\/p>\n<p>En su etapa m\u00e1s reciente, ha enfocado su carrera hacia <strong>proyectos con prop\u00f3sito<\/strong>, integrando elementos de reflexi\u00f3n espiritual y valores personales. Su \u00e1lbum m\u00e1s reciente, \u201c<strong>Lamento en baile<\/strong>\u201d, incluye el tema \u201c<strong>Sonr\u00edele<\/strong>\u201d, que alcanz\u00f3 el primer lugar en <strong>Billboard Latin Airplay<\/strong>.<\/p>\n<div class=\"w-full pt-2 float-left inside-related\">    <span class=\"border-b border-black pb-3 mb-4 block\"><strong>RELACIONADAS<\/strong><\/span>                <\/p>\n<article class=\"flex flex-wrap border-b pb-4 mb-3 inline-block\">\n<div class=\"xl:w-2\/12 w-4\/12\">\n<figure class=\"mb-0\">                                                    <a href=\"https:\/\/www.diariolibre.com\/revista\/musica\/2025\/11\/11\/raphael-recibira-premio-persona-del-ano-en-latin-grammy-2025\/3307818?utm_source=relacionadas&amp;utm_medium=nota&amp;utm_campaign=relacionadas\" title=\"                                                                                                                            \">                                                                <img decoding=\"async\" loading=\"lazy\" src=\"https:\/\/resources.diariolibre.com\/images\/2025\/11\/11\/raphael-recibira-premio-persona-del-ano-en-latin-grammy-2025-7f4d642e-focus-0.03-0.12-149-99.jpg\" width=\"149\" height=\"99\" title=\"Raphael recibir\u00e1 homenaje como Persona del A\u00f1o en los Latin Grammy 2025\" alt=\"Raphael recibir\u00e1 homenaje como Persona del A\u00f1o en los Latin Grammy 2025\" class=\"object-cover\">                                                            <\/a>                                            <\/figure>\n<\/p><\/div>\n<div class=\"xl:w-10\/12 w-8\/12 pl-3\">\n<div class=\"text-md mb-2 meta\">                        <a href=\"https:\/\/www.diariolibre.com\/revista\/musica\" title=\"M\u00fasica\">M\u00fasica<\/a>                    <\/div>\n<h2><a href=\"https:\/\/www.diariolibre.com\/revista\/musica\/2025\/11\/11\/raphael-recibira-premio-persona-del-ano-en-latin-grammy-2025\/3307818?utm_source=relacionadas&amp;utm_medium=nota&amp;utm_campaign=relacionadas\" title=\"Raphael recibir\u00e1 homenaje como Persona del A\u00f1o en los Latin Grammy 2025\">Raphael recibir\u00e1 homenaje como Persona del A\u00f1o en los Latin Grammy 2025<\/a><\/h2>\n<\/p><\/div>\n<\/article>\n<article class=\"flex flex-wrap border-b pb-4 mb-3 inline-block\">\n<div class=\"xl:w-2\/12 w-4\/12\">\n<figure class=\"mb-0\">                                                    <a href=\"https:\/\/www.diariolibre.com\/revista\/cultura\/2023\/05\/31\/laura-pausini-personalidad-del-ano-del-latin-grammy\/2331673?utm_source=relacionadas&amp;utm_medium=nota&amp;utm_campaign=relacionadas\" title=\"                                                                                                                            \">                                                                <img decoding=\"async\" loading=\"lazy\" src=\"https:\/\/resources.diariolibre.com\/images\/2023\/05\/31\/ap23151623621064-b2e2633b-focus-min0.03-0.57-149-99.jpg\" width=\"149\" height=\"99\" title=\"Laura Pausini comparte su emoci\u00f3n como Persona del A\u00f1o de los Latin Grammy\" alt=\"Laura Pausini comparte su emoci\u00f3n como Persona del A\u00f1o de los Latin Grammy\" class=\"object-cover\">                                                            <\/a>                                            <\/figure>\n<\/p><\/div>\n<div class=\"xl:w-10\/12 w-8\/12 pl-3\">\n<div class=\"text-md mb-2 meta\">                        <a href=\"https:\/\/www.diariolibre.com\/revista\/cultura\" title=\"Cultura\">Cultura<\/a>                    <\/div>\n<h2><a href=\"https:\/\/www.diariolibre.com\/revista\/cultura\/2023\/05\/31\/laura-pausini-personalidad-del-ano-del-latin-grammy\/2331673?utm_source=relacionadas&amp;utm_medium=nota&amp;utm_campaign=relacionadas\" title=\"Laura Pausini comparte su emoci\u00f3n como Persona del A\u00f1o de los Latin Grammy\">Laura Pausini comparte su emoci\u00f3n como Persona del A\u00f1o de los Latin Grammy<\/a><\/h2>\n<\/p><\/div>\n<\/article>\n<article class=\"flex flex-wrap border-b pb-4 mb-3 inline-block\">\n<div class=\"xl:w-2\/12 w-4\/12\">\n<figure class=\"mb-0\">                                                    <a href=\"https:\/\/www.diariolibre.com\/revista\/farandula\/2026\/01\/16\/daddy-yankee-enfrenta-demanda-por-presunto-fraude-millonario\/3406498?utm_source=relacionadas&amp;utm_medium=nota&amp;utm_campaign=relacionadas\" title=\"                                                                                                                            \">                                                                <img decoding=\"async\" loading=\"lazy\" src=\"https:\/\/resources.diariolibre.com\/images\/2026\/01\/16\/daddy-yankee-enfrenta-demanda-por-presunto-fraude-millonario-c371d6bc-focus-min0.16-0.45-149-99.jpg\" width=\"149\" height=\"99\" title=\"Daddy Yankee es demandado por presunto fraude en un negocio millonario\" alt=\"Daddy Yankee es demandado por presunto fraude en un negocio millonario\" class=\"object-cover\">                                                            <\/a>                                            <\/figure>\n<\/p><\/div>\n<div class=\"xl:w-10\/12 w-8\/12 pl-3\">\n<div class=\"text-md mb-2 meta\">                        <a href=\"https:\/\/www.diariolibre.com\/revista\/farandula\" title=\"Far\u00e1ndula\">Far\u00e1ndula<\/a>                    <\/div>\n<h2><a href=\"https:\/\/www.diariolibre.com\/revista\/farandula\/2026\/01\/16\/daddy-yankee-enfrenta-demanda-por-presunto-fraude-millonario\/3406498?utm_source=relacionadas&amp;utm_medium=nota&amp;utm_campaign=relacionadas\" title=\"Daddy Yankee es demandado por presunto fraude en un negocio millonario\">Daddy Yankee es demandado por presunto fraude en un negocio millonario<\/a><\/h2>\n<\/p><\/div>\n<\/article><\/div>\n<h2>Labor social<\/h2>\n<p>M\u00e1s all\u00e1 de la m\u00fasica, <strong>Daddy Yankee<\/strong> ha desarrollado una <strong>labor social<\/strong> significativa en Puerto Rico mediante <strong>programas educativos<\/strong> y comunitarios, adem\u00e1s de inversiones en el \u00e1mbito deportivo para impulsar el desarrollo de nuevas generaciones.<\/p>\n<p>La gala de los premios incluir\u00e1 un <strong>concierto tributo<\/strong> con la participaci\u00f3n de <strong>artistas internacionales<\/strong>. \u201cRecibir algo as\u00ed es <strong>honrar a Puerto Rico<\/strong>, a todos los latinos y, espec\u00edficamente, a toda esa generaci\u00f3n que crey\u00f3 en nuestra m\u00fasica<strong> cuando<\/strong> nadie la entend\u00eda\u201d, manifest\u00f3.<\/p>\n<p>\u200bEl reguetonero puertorrique\u00f1o Daddy Yankee fue nombrado \u201cPersona del A\u00f1o 2026&#8243; por la Academia Latina de la Grabaci\u00f3n por su larga trayectoria, reconocimiento que ser\u00e1 entregado el pr\u00f3ximo 11 de noviembre de 2026 en Las Vegas durante la Semana del Latin Grammy.Ram\u00f3n Luis Ayala Rodr\u00edguez, nombre de pila del artista, ser\u00e1 homenajeado por sus casi tres d\u00e9cadas de carrera como cantante, compositor e int\u00e9rprete, as\u00ed como por su impacto en la globalizaci\u00f3n del reguet\u00f3n y sus esfuerzos humanitarios, detall\u00f3 la organizaci\u00f3n en un comunicado. Considerado una figura clave en la evoluci\u00f3n del g\u00e9nero urbano, su carrera ha estado marcada por la resiliencia, la creatividad y la superaci\u00f3n personal, agreg\u00f3.El reconocimiento \u201ces un sue\u00f1o hecho realidad. Significa mucho porque representa m\u00e1s que una carrera de \u00e9xito; es un reconocimiento a los a\u00f1os de disciplina, de lucha, de fe y de compromiso con nuestra cultura\u201d, indic\u00f3 el cantante puertorrique\u00f1o en la nota.\u201cDaddy Yankee ha sido una figura determinante en el ascenso global de la m\u00fasica latina\u201d, dijo Manuel Abud, CEO de La Academia Latina de la Grabaci\u00f3n. \u201cSu liderazgo, disciplina y visi\u00f3n abrieron camino a un g\u00e9nero e impulsaron a toda una generaci\u00f3n de creadores, y hoy mantiene plena vigencia\u201d.Larga trayectoriaDesde sus inicios en los barrios Las Lomas y Villa Kennedy en San Juan, Puerto Rico, Daddy Yankee desarroll\u00f3 un estilo propio que reflejaba realidades sociales complejas. En un contexto donde el reguet\u00f3n enfrentaba estigmas, el artista contribuy\u00f3 a su legitimaci\u00f3n cultural y expansi\u00f3n internacional.Su consolidaci\u00f3n global lleg\u00f3 en 2004 con el \u00e1lbum \u2018Barrio fino\u2019, que vendi\u00f3 m\u00e1s de ocho millones de copias y permaneci\u00f3 24 semanas en el primer lugar de la lista Billboard Top Latin Albums. El \u00e9xito de \u201cGasolina\u201d marc\u00f3 un punto de inflexi\u00f3n en la m\u00fasica latina y llev\u00f3 el reguet\u00f3n a audiencias internacionales. A lo largo de su carrera, ha logrado m\u00faltiples \u00e9xitos como \u201cLimbo\u201d, \u201cCon calma\u201d y \u201cDura\u201d, posicion\u00e1ndose en los primeros lugares de popularidad en varios pa\u00edses.Asimismo, su participaci\u00f3n en \u201cDespacito\u201d, junto a Luis Fonsi y Erika Ender, represent\u00f3 un fen\u00f3meno global sin precedentes, con r\u00e9cords hist\u00f3ricos en listas musicales y miles de millones de reproducciones.En 2022, el artista anunci\u00f3 su retiro de la m\u00fasica profesional con el \u00e1lbum \u201cLegendaddy\u201d y la gira \u201cLa \u00faltima vuelta World Tour\u201d, una de las m\u00e1s exitosas en la historia de la m\u00fasica latina, indic\u00f3 la academia.En su etapa m\u00e1s reciente, ha enfocado su carrera hacia proyectos con prop\u00f3sito, integrando elementos de reflexi\u00f3n espiritual y valores personales. Su \u00e1lbum m\u00e1s reciente, \u201cLamento en baile\u201d, incluye el tema \u201cSonr\u00edele\u201d, que alcanz\u00f3 el primer lugar en Billboard Latin Airplay.    RELACIONADAS                                                                                                                                                                                                                                                                                                                                                            M\u00fasica                                        Raphael recibir\u00e1 homenaje como Persona del A\u00f1o en los Latin Grammy 2025                                                                                                                                                                                                                                                                                                                                                                                            Cultura                                        Laura Pausini comparte su emoci\u00f3n como Persona del A\u00f1o de los Latin Grammy                                                                                                                                                                                                                                                                                                                                                                                            Far\u00e1ndula                                        Daddy Yankee es demandado por presunto fraude en un negocio millonario                                    Labor socialM\u00e1s all\u00e1 de la m\u00fasica, Daddy Yankee ha desarrollado una labor social significativa en Puerto Rico mediante programas educativos y comunitarios, adem\u00e1s de inversiones en el \u00e1mbito deportivo para impulsar el desarrollo de nuevas generaciones.La gala de los premios incluir\u00e1 un concierto tributo con la participaci\u00f3n de artistas internacionales. \u201cRecibir algo as\u00ed es honrar a Puerto Rico, a todos los latinos y, espec\u00edficamente, a toda esa generaci\u00f3n que crey\u00f3 en nuestra m\u00fasica cuando nadie la entend\u00eda\u201d, manifest\u00f3.\u00a0\u00a0Revista, Cultura, EFE, San Juan, Puerto Rico, Reguet\u00f3n, Daddy Yankee, Latin Grammy, Academia Latina de la Grabaci\u00f3n, Persona del A\u00f1o 2026, Daddy Yankee Persona del A\u00f1o\u00a0<\/p>\n","protected":false},"excerpt":{"rendered":"<p>El reguetonero puertorrique\u00f1o Daddy Yankee fue nombrado \u201cPersona del A\u00f1o 2026&#8243; por la Academia Latina de la Grabaci\u00f3n por su larga trayectoria, reconocimiento que ser\u00e1 entregado el pr\u00f3ximo 11 de noviembre de 2026 en Las Vegas durante la Semana del Latin Grammy. Ram\u00f3n Luis Ayala Rodr\u00edguez, nombre de pila del artista, ser\u00e1 homenajeado por sus [&hellip;]<\/p>\n","protected":false},"author":1,"featured_media":14231,"comment_status":"open","ping_status":"open","sticky":false,"template":"","format":"standard","meta":{"amp_status":"","footnotes":""},"categories":[9],"tags":[],"class_list":["post-14656","post","type-post","status-publish","format-standard","has-post-thumbnail","hentry","category-espectaculo"],"_links":{"self":[{"href":"https:\/\/ermdigital.com\/index.php?rest_route=\/wp\/v2\/posts\/14656","targetHints":{"allow":["GET"]}}],"collection":[{"href":"https:\/\/ermdigital.com\/index.php?rest_route=\/wp\/v2\/posts"}],"about":[{"href":"https:\/\/ermdigital.com\/index.php?rest_route=\/wp\/v2\/types\/post"}],"author":[{"embeddable":true,"href":"https:\/\/ermdigital.com\/index.php?rest_route=\/wp\/v2\/users\/1"}],"replies":[{"embeddable":true,"href":"https:\/\/ermdigital.com\/index.php?rest_route=%2Fwp%2Fv2%2Fcomments&post=14656"}],"version-history":[{"count":0,"href":"https:\/\/ermdigital.com\/index.php?rest_route=\/wp\/v2\/posts\/14656\/revisions"}],"wp:featuredmedia":[{"embeddable":true,"href":"https:\/\/ermdigital.com\/index.php?rest_route=\/wp\/v2\/media\/14231"}],"wp:attachment":[{"href":"https:\/\/ermdigital.com\/index.php?rest_route=%2Fwp%2Fv2%2Fmedia&parent=14656"}],"wp:term":[{"taxonomy":"category","embeddable":true,"href":"https:\/\/ermdigital.com\/index.php?rest_route=%2Fwp%2Fv2%2Fcategories&post=14656"},{"taxonomy":"post_tag","embeddable":true,"href":"https:\/\/ermdigital.com\/index.php?rest_route=%2Fwp%2Fv2%2Ftags&post=14656"}],"curies":[{"name":"wp","href":"https:\/\/api.w.org\/{rel}","templated":true}]}}