{"id":14619,"date":"2026-04-07T11:59:00","date_gmt":"2026-04-07T15:59:00","guid":{"rendered":"https:\/\/ermdigital.com\/index.php\/2026\/04\/07\/wilfrido-vargas-lanza-eternamente-rubby-en-homenaje-a-rubby-perez\/"},"modified":"2026-04-07T11:59:00","modified_gmt":"2026-04-07T15:59:00","slug":"wilfrido-vargas-lanza-eternamente-rubby-en-homenaje-a-rubby-perez","status":"publish","type":"post","link":"https:\/\/ermdigital.com\/?p=14619","title":{"rendered":"Wilfrido Vargas lanza Eternamente Rubby en homenaje a Rubby P\u00e9rez"},"content":{"rendered":"<p>A un a\u00f1o de la <strong>herida<\/strong> que a\u00fan no cierra en la <strong>memoria colectiva dominicana<\/strong>, la m\u00fasica vuelve a convertirse en refugio, <strong>homenaje<\/strong> y conciencia.<\/p>\n<p>Este martes a la medianoche, el maestro <strong>Wilfrido Vargas<\/strong> <strong>lanza<\/strong> en todas las plataformas de m\u00fasica digital \u201c<strong>Eternamente Rubby<\/strong>\u201d, un emotivo <strong>tributo<\/strong> al inolvidable <strong>Rubby P\u00e9rez<\/strong>, cuya voz qued\u00f3 suspendida en el tiempo tras la tragedia del desplome del techo de la emblem\u00e1tica discoteca <strong>Jet Set<\/strong>.<\/p>\n<p><strong>Conmovido<\/strong> por la ausencia y el peso de una <strong>p\u00e9rdida<\/strong> que a\u00fan estremece al pa\u00eds, <strong>Wilfrido<\/strong> confes\u00f3 que el tiempo fue necesario para transformar el dolor en <strong>homenaje<\/strong>.<\/p>\n<p>\u201cQuise esperar un tiempo por <strong>respeto al dolor<\/strong> que sentimos todos, la <strong>familia<\/strong>, el pueblo y quienes quisimos y compartimos con <strong>Rubby P\u00e9rez<\/strong> sus sue\u00f1os y anhelos\u201d, expres\u00f3, dejando al descubierto la profundidad de un duelo que no solo fue \u00edntimo, sino tambi\u00e9n colectivo.<\/p>\n<p>Hoy, a un a\u00f1o de su triste partida, el maestro del <strong>merengue<\/strong> entiende que la m\u00fasica vuelve a ser el lenguaje para honrar la memoria. \u201cPor eso hoy, un a\u00f1o despu\u00e9s de su triste partida, hemos decidido rendirle este humilde <strong>homenaje<\/strong>\u201d, afirm\u00f3 <strong>Vargas<\/strong>, en palabras cargadas de emoci\u00f3n y respeto, que reafirman el <strong>legado<\/strong> imborrable de <strong>Rubby<\/strong> en el coraz\u00f3n de la <strong>Rep\u00fablica Dominicana<\/strong>.<\/p>\n<h2>Un <strong>tributo musical<\/strong> significativo<\/h2>\n<p>El lanzamiento no es solo una canci\u00f3n. Es una <strong>carta abierta<\/strong> al alma de un pa\u00eds. Con una dedicatoria profundamente l\u00edrica, <strong>Vargas<\/strong> evoca la esencia de quien describe como \u201chermano de vida y de m\u00fasica\u201d, exaltando la disciplina f\u00e9rrea, el talento sin fisuras y esa potencia vocal que convirti\u00f3 a <strong>Rubby P\u00e9rez<\/strong> en una de las voces m\u00e1s imponentes del <strong>merengue<\/strong>.<\/p>\n<p>Con <strong>autor\u00eda<\/strong>, arreglo y m\u00fasica de <strong>Wilfrido Vargas<\/strong>, cada verso se levanta como un <strong>testimonio<\/strong> de admiraci\u00f3n, pero tambi\u00e9n como un acto de amor que trasciende la ausencia.<\/p>\n<p>El <strong>homenaje<\/strong>, producido por <strong>Vargas<\/strong>, <strong>Emmanuel Emaul<\/strong> y <strong>Jos\u00e9 Antonio Hern\u00e1ndez<\/strong>, cobra a\u00fan mayor significado al coincidir con el <strong>primer aniversario<\/strong> de la tragedia que marc\u00f3 a toda una naci\u00f3n.<\/p>\n<div class=\"w-full pt-2 float-left inside-related\">    <span class=\"border-b border-black pb-3 mb-4 block\"><strong>RELACIONADAS<\/strong><\/span>                <\/p>\n<article class=\"flex flex-wrap border-b pb-4 mb-3 inline-block\">\n<div class=\"xl:w-2\/12 w-4\/12\">\n<figure class=\"mb-0\">                                                    <a href=\"https:\/\/www.diariolibre.com\/revista\/musica\/2025\/04\/09\/discoteca-jet-set-artistas-lamentan-fallecimiento-de-rubby-perez\/3065918?utm_source=relacionadas&amp;utm_medium=nota&amp;utm_campaign=relacionadas\" title=\"                                                                                                                            \">                                                                <img decoding=\"async\" loading=\"lazy\" src=\"https:\/\/resources.diariolibre.com\/images\/2025\/04\/09\/ee2c8a5c-86d9-4e86-8d34-2bda6b78aa54-20443973-focus-0.02-0.44-149-99.jpg\" width=\"149\" height=\"99\" title=\"El merengue est\u00e1 de luto: artistas lamentan muerte de Rubby P\u00e9rez\" alt=\"El merengue est\u00e1 de luto: artistas lamentan muerte de Rubby P\u00e9rez\" class=\"object-cover\">                                                            <\/a>                                            <\/figure>\n<\/p><\/div>\n<div class=\"xl:w-10\/12 w-8\/12 pl-3\">\n<div class=\"text-md mb-2 meta\">                        <a href=\"https:\/\/www.diariolibre.com\/revista\/musica\" title=\"M\u00fasica\">M\u00fasica<\/a>                    <\/div>\n<h2><a href=\"https:\/\/www.diariolibre.com\/revista\/musica\/2025\/04\/09\/discoteca-jet-set-artistas-lamentan-fallecimiento-de-rubby-perez\/3065918?utm_source=relacionadas&amp;utm_medium=nota&amp;utm_campaign=relacionadas\" title=\"El merengue est\u00e1 de luto: artistas lamentan muerte de Rubby P\u00e9rez\">El merengue est\u00e1 de luto: artistas lamentan muerte de Rubby P\u00e9rez<\/a><\/h2>\n<\/p><\/div>\n<\/article>\n<article class=\"flex flex-wrap border-b pb-4 mb-3 inline-block\">\n<div class=\"xl:w-2\/12 w-4\/12\">\n<figure class=\"mb-0\">                                                    <a href=\"https:\/\/www.diariolibre.com\/revista\/musica\/2025\/07\/16\/camara-de-diputados-entrega-reconocimiento-postumo-a-rubby-perez\/3184824?utm_source=relacionadas&amp;utm_medium=nota&amp;utm_campaign=relacionadas\" title=\"                                                                                                                            \">                                                                <img decoding=\"async\" loading=\"lazy\" src=\"https:\/\/resources.diariolibre.com\/images\/2025\/07\/16\/rubby-254d0343-focus-min0.14-0.22-149-99.jpg\" width=\"149\" height=\"99\" title=\"La C\u00e1mara de Diputados entrega reconocimiento p\u00f3stumo a Rubby P\u00e9rez\" alt=\"La C\u00e1mara de Diputados entrega reconocimiento p\u00f3stumo a Rubby P\u00e9rez\" class=\"object-cover\">                                                            <\/a>                                            <\/figure>\n<\/p><\/div>\n<div class=\"xl:w-10\/12 w-8\/12 pl-3\">\n<div class=\"text-md mb-2 meta\">                        <a href=\"https:\/\/www.diariolibre.com\/revista\/musica\" title=\"M\u00fasica\">M\u00fasica<\/a>                    <\/div>\n<h2><a href=\"https:\/\/www.diariolibre.com\/revista\/musica\/2025\/07\/16\/camara-de-diputados-entrega-reconocimiento-postumo-a-rubby-perez\/3184824?utm_source=relacionadas&amp;utm_medium=nota&amp;utm_campaign=relacionadas\" title=\"La C\u00e1mara de Diputados entrega reconocimiento p\u00f3stumo a Rubby P\u00e9rez\">La C\u00e1mara de Diputados entrega reconocimiento p\u00f3stumo a Rubby P\u00e9rez<\/a><\/h2>\n<\/p><\/div>\n<\/article><\/div>\n<h2>Recuerdos de una tragedia<\/h2>\n<p>Aquella <strong>noche<\/strong>, el <strong>silencio<\/strong> sustituy\u00f3 al ritmo, y el <strong>pa\u00eds perdi\u00f3<\/strong> no solo a un artista, sino a un s\u00edmbolo de superaci\u00f3n, elegancia y entrega absoluta al arte.<\/p>\n<p>Este <strong>tributo<\/strong> apuesta no solo recordar al artista, sino <strong>reconectar emocionalmente<\/strong> con su <strong>legado<\/strong>, buscando que las nuevas generaciones descubran la grandeza de <strong>Rubby P\u00e9rez<\/strong>, mientras quienes crecieron con su m\u00fasica encuentran un espacio para sanar.<\/p>\n<p>La <strong>iniciativa<\/strong> resalta la <strong>relevancia hist\u00f3rica<\/strong> del int\u00e9rprete dentro de la m\u00fasica tropical y el <strong>respeto profundo<\/strong> que sembr\u00f3 entre sus colegas. En tiempos donde la inmediatez suele devorar la memoria, este <strong>homenaje<\/strong> se erige como un acto de resistencia cultural.<\/p>\n<p>Hoy, a un a\u00f1o de su partida, la voz de <strong>Rubby P\u00e9rez<\/strong> vuelve a escucharse, no desde un escenario, sino desde el coraz\u00f3n de su gente. Y en ese eco, el pa\u00eds recuerda que hay artistas que no mueren: se convierten en <strong>eternidad.<\/strong><\/p>\n<div class=\"social-embed mb-4\">\n<div class=\"placeholderYoutube\"><\/div>\n<\/div>\n<p>\u200bA un a\u00f1o de la herida que a\u00fan no cierra en la memoria colectiva dominicana, la m\u00fasica vuelve a convertirse en refugio, homenaje y conciencia.Este martes a la medianoche, el maestro Wilfrido Vargas lanza en todas las plataformas de m\u00fasica digital \u201cEternamente Rubby\u201d, un emotivo tributo al inolvidable Rubby P\u00e9rez, cuya voz qued\u00f3 suspendida en el tiempo tras la tragedia del desplome del techo de la emblem\u00e1tica discoteca Jet Set.Conmovido por la ausencia y el peso de una p\u00e9rdida que a\u00fan estremece al pa\u00eds, Wilfrido confes\u00f3 que el tiempo fue necesario para transformar el dolor en homenaje.\u201cQuise esperar un tiempo por respeto al dolor que sentimos todos, la familia, el pueblo y quienes quisimos y compartimos con Rubby P\u00e9rez sus sue\u00f1os y anhelos\u201d, expres\u00f3, dejando al descubierto la profundidad de un duelo que no solo fue \u00edntimo, sino tambi\u00e9n colectivo.Hoy, a un a\u00f1o de su triste partida, el maestro del merengue entiende que la m\u00fasica vuelve a ser el lenguaje para honrar la memoria. \u201cPor eso hoy, un a\u00f1o despu\u00e9s de su triste partida, hemos decidido rendirle este humilde homenaje\u201d, afirm\u00f3 Vargas, en palabras cargadas de emoci\u00f3n y respeto, que reafirman el legado imborrable de Rubby en el coraz\u00f3n de la Rep\u00fablica Dominicana.Un tributo musical significativoEl lanzamiento no es solo una canci\u00f3n. Es una carta abierta al alma de un pa\u00eds. Con una dedicatoria profundamente l\u00edrica, Vargas evoca la esencia de quien describe como \u201chermano de vida y de m\u00fasica\u201d, exaltando la disciplina f\u00e9rrea, el talento sin fisuras y esa potencia vocal que convirti\u00f3 a Rubby P\u00e9rez en una de las voces m\u00e1s imponentes del merengue.Con autor\u00eda, arreglo y m\u00fasica de Wilfrido Vargas, cada verso se levanta como un testimonio de admiraci\u00f3n, pero tambi\u00e9n como un acto de amor que trasciende la ausencia.El homenaje, producido por Vargas, Emmanuel Emaul y Jos\u00e9 Antonio Hern\u00e1ndez, cobra a\u00fan mayor significado al coincidir con el primer aniversario de la tragedia que marc\u00f3 a toda una naci\u00f3n.    RELACIONADAS                                                                                                                                                                                                                                                                                                                                                            M\u00fasica                                        El merengue est\u00e1 de luto: artistas lamentan muerte de Rubby P\u00e9rez                                                                                                                                                                                                                                                                                                                                                                                            M\u00fasica                                        La C\u00e1mara de Diputados entrega reconocimiento p\u00f3stumo a Rubby P\u00e9rez                                    Recuerdos de una tragediaAquella noche, el silencio sustituy\u00f3 al ritmo, y el pa\u00eds perdi\u00f3 no solo a un artista, sino a un s\u00edmbolo de superaci\u00f3n, elegancia y entrega absoluta al arte.Este tributo apuesta no solo recordar al artista, sino reconectar emocionalmente con su legado, buscando que las nuevas generaciones descubran la grandeza de Rubby P\u00e9rez, mientras quienes crecieron con su m\u00fasica encuentran un espacio para sanar.La iniciativa resalta la relevancia hist\u00f3rica del int\u00e9rprete dentro de la m\u00fasica tropical y el respeto profundo que sembr\u00f3 entre sus colegas. En tiempos donde la inmediatez suele devorar la memoria, este homenaje se erige como un acto de resistencia cultural.Hoy, a un a\u00f1o de su partida, la voz de Rubby P\u00e9rez vuelve a escucharse, no desde un escenario, sino desde el coraz\u00f3n de su gente. Y en ese eco, el pa\u00eds recuerda que hay artistas que no mueren: se convierten en eternidad.\u00a0\u00a0Revista, M\u00fasica, Diario Libre, Santo Domingo, Merengue, Rubby P\u00e9rez, Tragedia de Jet Set, Wilfrido Vargas homenaje, Eternamente Rubby\u00a0<\/p>\n","protected":false},"excerpt":{"rendered":"<p>A un a\u00f1o de la herida que a\u00fan no cierra en la memoria colectiva dominicana, la m\u00fasica vuelve a convertirse en refugio, homenaje y conciencia. Este martes a la medianoche, el maestro Wilfrido Vargas lanza en todas las plataformas de m\u00fasica digital \u201cEternamente Rubby\u201d, un emotivo tributo al inolvidable Rubby P\u00e9rez, cuya voz qued\u00f3 suspendida [&hellip;]<\/p>\n","protected":false},"author":1,"featured_media":14171,"comment_status":"open","ping_status":"open","sticky":false,"template":"","format":"standard","meta":{"amp_status":"","footnotes":""},"categories":[9],"tags":[],"class_list":["post-14619","post","type-post","status-publish","format-standard","has-post-thumbnail","hentry","category-espectaculo"],"_links":{"self":[{"href":"https:\/\/ermdigital.com\/index.php?rest_route=\/wp\/v2\/posts\/14619","targetHints":{"allow":["GET"]}}],"collection":[{"href":"https:\/\/ermdigital.com\/index.php?rest_route=\/wp\/v2\/posts"}],"about":[{"href":"https:\/\/ermdigital.com\/index.php?rest_route=\/wp\/v2\/types\/post"}],"author":[{"embeddable":true,"href":"https:\/\/ermdigital.com\/index.php?rest_route=\/wp\/v2\/users\/1"}],"replies":[{"embeddable":true,"href":"https:\/\/ermdigital.com\/index.php?rest_route=%2Fwp%2Fv2%2Fcomments&post=14619"}],"version-history":[{"count":0,"href":"https:\/\/ermdigital.com\/index.php?rest_route=\/wp\/v2\/posts\/14619\/revisions"}],"wp:featuredmedia":[{"embeddable":true,"href":"https:\/\/ermdigital.com\/index.php?rest_route=\/wp\/v2\/media\/14171"}],"wp:attachment":[{"href":"https:\/\/ermdigital.com\/index.php?rest_route=%2Fwp%2Fv2%2Fmedia&parent=14619"}],"wp:term":[{"taxonomy":"category","embeddable":true,"href":"https:\/\/ermdigital.com\/index.php?rest_route=%2Fwp%2Fv2%2Fcategories&post=14619"},{"taxonomy":"post_tag","embeddable":true,"href":"https:\/\/ermdigital.com\/index.php?rest_route=%2Fwp%2Fv2%2Ftags&post=14619"}],"curies":[{"name":"wp","href":"https:\/\/api.w.org\/{rel}","templated":true}]}}