{"id":14434,"date":"2026-04-07T10:11:00","date_gmt":"2026-04-07T14:11:00","guid":{"rendered":"https:\/\/ermdigital.com\/index.php\/2026\/04\/07\/ballet-nacional-dominicano-presentara-salome-alma-de-patria\/"},"modified":"2026-04-07T10:11:00","modified_gmt":"2026-04-07T14:11:00","slug":"ballet-nacional-dominicano-presentara-salome-alma-de-patria","status":"publish","type":"post","link":"https:\/\/ermdigital.com\/?p=14434","title":{"rendered":"Ballet Nacional Dominicano presentar\u00e1 \"Salom\u00e9, alma de patria\u201d"},"content":{"rendered":"<p>Con el apoyo del <strong>Ministerio de Cultura<\/strong> y la <strong>Direcci\u00f3n General de Bellas Artes<\/strong> (DGBA), el <strong>Ballet Nacional Dominicano<\/strong> (BND) inaugurar\u00e1 su Temporada Art\u00edstica 2026 con el estreno de la <strong>obra<\/strong> \u201cSalom\u00e9, alma de patria\u201d.<\/p>\n<p>Se trata de una <strong>propuesta coreogr\u00e1fica<\/strong> de <strong>alto valor cultural<\/strong> dedicada a la historia, la educaci\u00f3n y la identidad nacional, en homenaje a la insigne poeta y educadora <strong>Salom\u00e9 Ure\u00f1a de Henr\u00edquez<\/strong>.<\/p>\n<p>Las funciones se llevar\u00e1n a cabo los d\u00edas <strong>viernes 10 y s\u00e1bado 11 de abril<\/strong>, a las 8:30 de la noche, y el domingo 12 de abril, a las 7:00 de la noche, en la <strong>Sala M\u00e1ximo Avil\u00e9s Blonda<\/strong>, del <strong>Palacio de Bellas Artes<\/strong>, ofreciendo al p\u00fablico una experiencia art\u00edstica concebida para toda la familia.<\/p>\n<p>Con la <strong>coreograf\u00eda de Pablo P\u00e9rez<\/strong> y <strong>Erick Guzm\u00e1n<\/strong>, y m\u00fasica in\u00e9dita del compositor dominicano <strong>Junior Basurto Lombas<\/strong>, la <strong>obra<\/strong> se estructura en 11 escenas con una duraci\u00f3n aproximada de 50 minutos.<\/p>\n<p>La puesta en escena recorre las distintas <strong>etapas de la vida<\/strong> de <strong>Salom\u00e9 Ure\u00f1a<\/strong>, resaltando no solo su legado literario, sino tambi\u00e9n su <strong>compromiso con la educaci\u00f3n<\/strong>, la patria y su rol como mujer, madre y formadora de generaciones.<\/p>\n<p>La producci\u00f3n cuenta con la participaci\u00f3n de destacados int\u00e9rpretes del <strong>Ballet Nacional Dominicano<\/strong>, quienes dar\u00e1n vida a las diferentes etapas de la poeta: <strong>Jadeline Almonte<\/strong> y <strong>Kimberley Ort\u00edz<\/strong> (Salom\u00e9 ni\u00f1a); <strong>Laura de los Santos<\/strong> y Diana Dopico (Salom\u00e9 adolescente); Yuleidi P\u00e9rez y Gabriela Rodr\u00edguez (Salom\u00e9 mujer), y Cora Collado (Salom\u00e9 adulta).\u00a0<\/p>\n<p>Asimismo, los bailarines <strong>Eliosmayquer Orozco<\/strong> y <strong>Alexander Duval<\/strong> interpretar\u00e1n a Francisco Henr\u00edquez, junto a las alegor\u00edas representadas por <strong>Raymundo Rodr\u00edguez<\/strong>, Joendy Genao, Adri\u00e1n J\u00e1quez y Ednis Ariel Mallol.<\/p>\n<p>\"En un contexto donde el apoyo a las artes locales resulta fundamental, 'Salom\u00e9, Alma de Patria' se erige como una invitaci\u00f3n a valorar nuestras figuras hist\u00f3ricas desde una <strong>mirada contempor\u00e1nea<\/strong>, sensible y profundamente art\u00edstica\", destac\u00f3 <strong>Pablo P\u00e9rez<\/strong>, director del <strong>Ballet Nacional Dominicano<\/strong> (BND).<\/p>\n<h2>Boletos<\/h2>\n<ul>\n<li>Los tickets est\u00e1n disponibles en la boleter\u00eda del <strong>Palacio de Bellas Artes<\/strong>. La <strong>Direcci\u00f3n General de Bellas Artes<\/strong> invit\u00f3 al p\u00fablico a respaldar el arte nacional, recordando que preservar la cultura tambi\u00e9n es mantener viva la memoria de un pueblo: \u201cPorque cuando la historia se convierte en danza, la patria late en cada movimiento\u201d.<\/li>\n<\/ul>\n<article class=\"border-t border-b py-5 mb-5 component nota-incrustada\">    <span class=\"block mb-2\"><strong>Te puede interesar<\/strong><\/span>                <\/p>\n<h2><a href=\"https:\/\/www.diariolibre.com\/revista\/cultura\/2026\/03\/26\/bellas-artes-presenta-las-criadas-por-el-dia-mundial-del-teatro\/3482887?utm_source=relacionadas&amp;utm_medium=nota&amp;utm_campaign=relacionadas\" title=\"La Compa\u00f1\u00eda Nacional de Teatro presenta Las criadas en Bellas Artes: celebraci\u00f3n del D\u00eda Mundial del Teatro\">La Compa\u00f1\u00eda Nacional de Teatro presenta Las criadas en Bellas Artes: celebraci\u00f3n del D\u00eda Mundial del Teatro<\/a><\/h2>\n<\/article>\n<p><\/p>\n<p><\/p>\n<p>\u200bCon el apoyo del Ministerio de Cultura y la Direcci\u00f3n General de Bellas Artes (DGBA), el Ballet Nacional Dominicano (BND) inaugurar\u00e1 su Temporada Art\u00edstica 2026 con el estreno de la obra \u201cSalom\u00e9, alma de patria\u201d.Se trata de una propuesta coreogr\u00e1fica de alto valor cultural dedicada a la historia, la educaci\u00f3n y la identidad nacional, en homenaje a la insigne poeta y educadora Salom\u00e9 Ure\u00f1a de Henr\u00edquez.Las funciones se llevar\u00e1n a cabo los d\u00edas viernes 10 y s\u00e1bado 11 de abril, a las 8:30 de la noche, y el domingo 12 de abril, a las 7:00 de la noche, en la Sala M\u00e1ximo Avil\u00e9s Blonda, del Palacio de Bellas Artes, ofreciendo al p\u00fablico una experiencia art\u00edstica concebida para toda la familia.Con la coreograf\u00eda de Pablo P\u00e9rez y Erick Guzm\u00e1n, y m\u00fasica in\u00e9dita del compositor dominicano Junior Basurto Lombas, la obra se estructura en 11 escenas con una duraci\u00f3n aproximada de 50 minutos.La puesta en escena recorre las distintas etapas de la vida de Salom\u00e9 Ure\u00f1a, resaltando no solo su legado literario, sino tambi\u00e9n su compromiso con la educaci\u00f3n, la patria y su rol como mujer, madre y formadora de generaciones.La producci\u00f3n cuenta con la participaci\u00f3n de destacados int\u00e9rpretes del Ballet Nacional Dominicano, quienes dar\u00e1n vida a las diferentes etapas de la poeta: Jadeline Almonte y Kimberley Ort\u00edz (Salom\u00e9 ni\u00f1a); Laura de los Santos y Diana Dopico (Salom\u00e9 adolescente); Yuleidi P\u00e9rez y Gabriela Rodr\u00edguez (Salom\u00e9 mujer), y Cora Collado (Salom\u00e9 adulta).\u00a0Asimismo, los bailarines Eliosmayquer Orozco y Alexander Duval interpretar\u00e1n a Francisco Henr\u00edquez, junto a las alegor\u00edas representadas por Raymundo Rodr\u00edguez, Joendy Genao, Adri\u00e1n J\u00e1quez y Ednis Ariel Mallol.\"En un contexto donde el apoyo a las artes locales resulta fundamental, 'Salom\u00e9, Alma de Patria' se erige como una invitaci\u00f3n a valorar nuestras figuras hist\u00f3ricas desde una mirada contempor\u00e1nea, sensible y profundamente art\u00edstica\", destac\u00f3 Pablo P\u00e9rez, director del Ballet Nacional Dominicano (BND).Boletos    Los tickets est\u00e1n disponibles en la boleter\u00eda del Palacio de Bellas Artes. La Direcci\u00f3n General de Bellas Artes invit\u00f3 al p\u00fablico a respaldar el arte nacional, recordando que preservar la cultura tambi\u00e9n es mantener viva la memoria de un pueblo: \u201cPorque cuando la historia se convierte en danza, la patria late en cada movimiento\u201d.    Te puede interesar                La Compa\u00f1\u00eda Nacional de Teatro presenta Las criadas en Bellas Artes: celebraci\u00f3n del D\u00eda Mundial del Teatro\u00a0\u00a0Revista, Cultura, Diario Libre, Santo Domingo, Salom\u00e9 Ure\u00f1a, Obra, Ballet nacional Dominicano, Ballet Nacional Dominicano\u00a0<\/p>\n","protected":false},"excerpt":{"rendered":"<p>Con el apoyo del Ministerio de Cultura y la Direcci\u00f3n General de Bellas Artes (DGBA), el Ballet Nacional Dominicano (BND) inaugurar\u00e1 su Temporada Art\u00edstica 2026 con el estreno de la obra \u201cSalom\u00e9, alma de patria\u201d. Se trata de una propuesta coreogr\u00e1fica de alto valor cultural dedicada a la historia, la educaci\u00f3n y la identidad nacional, [&hellip;]<\/p>\n","protected":false},"author":1,"featured_media":14135,"comment_status":"open","ping_status":"open","sticky":false,"template":"","format":"standard","meta":{"amp_status":"","footnotes":""},"categories":[9],"tags":[],"class_list":["post-14434","post","type-post","status-publish","format-standard","has-post-thumbnail","hentry","category-espectaculo"],"_links":{"self":[{"href":"https:\/\/ermdigital.com\/index.php?rest_route=\/wp\/v2\/posts\/14434","targetHints":{"allow":["GET"]}}],"collection":[{"href":"https:\/\/ermdigital.com\/index.php?rest_route=\/wp\/v2\/posts"}],"about":[{"href":"https:\/\/ermdigital.com\/index.php?rest_route=\/wp\/v2\/types\/post"}],"author":[{"embeddable":true,"href":"https:\/\/ermdigital.com\/index.php?rest_route=\/wp\/v2\/users\/1"}],"replies":[{"embeddable":true,"href":"https:\/\/ermdigital.com\/index.php?rest_route=%2Fwp%2Fv2%2Fcomments&post=14434"}],"version-history":[{"count":0,"href":"https:\/\/ermdigital.com\/index.php?rest_route=\/wp\/v2\/posts\/14434\/revisions"}],"wp:featuredmedia":[{"embeddable":true,"href":"https:\/\/ermdigital.com\/index.php?rest_route=\/wp\/v2\/media\/14135"}],"wp:attachment":[{"href":"https:\/\/ermdigital.com\/index.php?rest_route=%2Fwp%2Fv2%2Fmedia&parent=14434"}],"wp:term":[{"taxonomy":"category","embeddable":true,"href":"https:\/\/ermdigital.com\/index.php?rest_route=%2Fwp%2Fv2%2Fcategories&post=14434"},{"taxonomy":"post_tag","embeddable":true,"href":"https:\/\/ermdigital.com\/index.php?rest_route=%2Fwp%2Fv2%2Ftags&post=14434"}],"curies":[{"name":"wp","href":"https:\/\/api.w.org\/{rel}","templated":true}]}}