{"id":14433,"date":"2026-04-07T10:53:00","date_gmt":"2026-04-07T14:53:00","guid":{"rendered":"https:\/\/ermdigital.com\/index.php\/2026\/04\/07\/mueren-los-pintores-dominicanos-roberto-flores-y-carlos-grullon\/"},"modified":"2026-04-07T10:53:00","modified_gmt":"2026-04-07T14:53:00","slug":"mueren-los-pintores-dominicanos-roberto-flores-y-carlos-grullon","status":"publish","type":"post","link":"https:\/\/ermdigital.com\/?p=14433","title":{"rendered":"Mueren los pintores dominicanos Roberto Flores y Carlos Grull\u00f3n"},"content":{"rendered":"<p>La <strong>comunidad art\u00edstica dominicana<\/strong> est\u00e1 de luto tras el <strong>fallecimiento<\/strong> de dos destacadas figuras del arte dominicano: el muralista\u00a0<strong>Roberto Flores<\/strong> y el pintor, m\u00fasico y autor <strong>Carlos Grull\u00f3n<\/strong>.\u00a0<\/p>\n<p>Ambos decesos fueron informados por Joel Gonell, presidente del\u00a0<strong>Colegio Dominicano de Artistas Pl\u00e1sticos<\/strong> (<strong>Codap<\/strong>), quien expres\u00f3 su <strong>profundo pesar<\/strong> por la p\u00e9rdida de estos referentes de la pl\u00e1stica nacional.<\/p>\n<p><strong>Gonell<\/strong>\u00a0precis\u00f3 que <strong>Roberto Flores<\/strong> falleci\u00f3 el pasado Viernes Santo, mientras que <strong>Carlos Grull\u00f3n muri\u00f3<\/strong> este martes.<\/p>\n<h2><strong>Trayectorias<\/strong><\/h2>\n<p>Nacido en <strong>Santo Domingo<\/strong>, Flores ingres\u00f3 en 1966 a la <strong>Escuela Nacional de Bellas Artes<\/strong>, donde fue disc\u00edpulo de reconocidos maestros como <strong>Domingo Liz<\/strong> y Jaime Colson.\u00a0<\/p>\n<p>Su obra refleja una profunda conexi\u00f3n con la <strong>identidad cultural dominicana<\/strong>, combinando <strong>elementos realistas<\/strong> con <strong>expresiones simb\u00f3licas<\/strong>, y se mantiene como un pilar fundamental del arte contempor\u00e1neo del pa\u00eds.<\/p>\n<p>Flores desarroll\u00f3 tambi\u00e9n una destacada <strong>labor docente<\/strong> en la Universidad Aut\u00f3noma de <strong>Santo Domingo<\/strong>, la <strong>Escuela Nacional de Bellas Artes<\/strong> y la Escuela de Bellas Artes de San Francisco de Macor\u00eds, formando generaciones de artistas.<\/p>\n<p>A lo largo de su carrera, realiz\u00f3 <strong>exposiciones individuales<\/strong> en instituciones como el <strong>Museo de Arte Moderno<\/strong> y galer\u00edas de <strong>Santo Domingo<\/strong>, as\u00ed como en <strong>Madrid<\/strong>, Curazao, Nueva York y San Juan. Adem\u00e1s, su legado incluye importantes murales y frescos en espacios p\u00fablicos y religiosos de <strong>Rep\u00fablica Dominicana<\/strong>.<\/p>\n<p>En el caso de <strong>Carlos Grull\u00f3n<\/strong>, oriundo de <strong>Santiago de los Caballeros<\/strong>, inici\u00f3 sus estudios con su padre, el pintor costumbrista <strong>Mario Grull\u00f3n<\/strong>, y con el maestro Yoryi Morel, tanto en sus ateliers como en la Escuela de Bellas Artes de Santiago.\u00a0<\/p>\n<p>En 1970 ingres\u00f3 a la <strong>Escuela de Dise\u00f1o<\/strong> de la <strong>Universidad Nacional Pedro Henr\u00edquez Ure\u00f1a<\/strong> (UNPHU), donde recibi\u00f3 clases de <strong>Antonio Prats-Vent\u00f3s<\/strong> y Aquiles Aznar.<\/p>\n<p>En 1975 realiz\u00f3 su <strong>primera exposici\u00f3n individual<\/strong> en los Salones del <strong>Centro de Recreo<\/strong> de <strong>Santiago de los Caballeros<\/strong> y, en 1977, expuso en Puerto Pr\u00edncipe, Hait\u00ed, invitado por la Universidad Estatal Haitiana. <\/p>\n<p>A lo largo de su carrera realiz\u00f3 doce <strong>exposiciones individuales<\/strong>, la \u00faltima en 1986 en la <strong>Galer\u00eda de Soto<\/strong>, y particip\u00f3 en m\u00faltiples <strong>exposiciones colectivas<\/strong> nacionales.<\/p>\n<p>Su obra se encuentra presente en <strong>colecciones privadas<\/strong> e instituciones tanto en <strong>Rep\u00fablica Dominicana<\/strong> como en otras ciudades del Caribe y <strong>Estados Unidos<\/strong>, consolidando su reputaci\u00f3n como un referente del arte dominicano.<\/p>\n<ul>\n<li>El <strong>Codap<\/strong> y la <strong>comunidad art\u00edstica dominicana<\/strong> lamentan profundamente la partida de <strong>Roberto Flores<\/strong> y <strong>Carlos Grull\u00f3n<\/strong>, reconociendo en ambos la <strong>huella imborrable<\/strong> que dejan como creadores y maestros, cuya obra constituye un verdadero manifiesto del arte aut\u00e9ntico de su tiempo.<\/li>\n<\/ul>\n<article class=\"border-t border-b py-5 mb-5 component nota-incrustada\">    <span class=\"block mb-2\"><strong>Te puede interesar<\/strong><\/span>                <\/p>\n<h2><a href=\"https:\/\/www.diariolibre.com\/revista\/sociales\/2025\/09\/08\/el-codap-juramenta-su-nueva-directiva-en-santiago\/3238201?utm_source=relacionadas&amp;utm_medium=nota&amp;utm_campaign=relacionadas\" title=\"CODAP juramenta su nueva directiva en Santiago\">CODAP juramenta su nueva directiva en Santiago<\/a><\/h2>\n<\/article>\n<p><\/p>\n<p><\/p>\n<p>\u200bLa comunidad art\u00edstica dominicana est\u00e1 de luto tras el fallecimiento de dos destacadas figuras del arte dominicano: el muralista\u00a0Roberto Flores y el pintor, m\u00fasico y autor Carlos Grull\u00f3n.\u00a0Ambos decesos fueron informados por Joel Gonell, presidente del\u00a0Colegio Dominicano de Artistas Pl\u00e1sticos (Codap), quien expres\u00f3 su profundo pesar por la p\u00e9rdida de estos referentes de la pl\u00e1stica nacional.Gonell\u00a0precis\u00f3 que Roberto Flores falleci\u00f3 el pasado Viernes Santo, mientras que Carlos Grull\u00f3n muri\u00f3 este martes.TrayectoriasNacido en Santo Domingo, Flores ingres\u00f3 en 1966 a la Escuela Nacional de Bellas Artes, donde fue disc\u00edpulo de reconocidos maestros como Domingo Liz y Jaime Colson.\u00a0Su obra refleja una profunda conexi\u00f3n con la identidad cultural dominicana, combinando elementos realistas con expresiones simb\u00f3licas, y se mantiene como un pilar fundamental del arte contempor\u00e1neo del pa\u00eds.Flores desarroll\u00f3 tambi\u00e9n una destacada labor docente en la Universidad Aut\u00f3noma de Santo Domingo, la Escuela Nacional de Bellas Artes y la Escuela de Bellas Artes de San Francisco de Macor\u00eds, formando generaciones de artistas.A lo largo de su carrera, realiz\u00f3 exposiciones individuales en instituciones como el Museo de Arte Moderno y galer\u00edas de Santo Domingo, as\u00ed como en Madrid, Curazao, Nueva York y San Juan. Adem\u00e1s, su legado incluye importantes murales y frescos en espacios p\u00fablicos y religiosos de Rep\u00fablica Dominicana.En el caso de Carlos Grull\u00f3n, oriundo de Santiago de los Caballeros, inici\u00f3 sus estudios con su padre, el pintor costumbrista Mario Grull\u00f3n, y con el maestro Yoryi Morel, tanto en sus ateliers como en la Escuela de Bellas Artes de Santiago.\u00a0En 1970 ingres\u00f3 a la Escuela de Dise\u00f1o de la Universidad Nacional Pedro Henr\u00edquez Ure\u00f1a (UNPHU), donde recibi\u00f3 clases de Antonio Prats-Vent\u00f3s y Aquiles Aznar.En 1975 realiz\u00f3 su primera exposici\u00f3n individual en los Salones del Centro de Recreo de Santiago de los Caballeros y, en 1977, expuso en Puerto Pr\u00edncipe, Hait\u00ed, invitado por la Universidad Estatal Haitiana. A lo largo de su carrera realiz\u00f3 doce exposiciones individuales, la \u00faltima en 1986 en la Galer\u00eda de Soto, y particip\u00f3 en m\u00faltiples exposiciones colectivas nacionales.Su obra se encuentra presente en colecciones privadas e instituciones tanto en Rep\u00fablica Dominicana como en otras ciudades del Caribe y Estados Unidos, consolidando su reputaci\u00f3n como un referente del arte dominicano.    El Codap y la comunidad art\u00edstica dominicana lamentan profundamente la partida de Roberto Flores y Carlos Grull\u00f3n, reconociendo en ambos la huella imborrable que dejan como creadores y maestros, cuya obra constituye un verdadero manifiesto del arte aut\u00e9ntico de su tiempo.    Te puede interesar                CODAP juramenta su nueva directiva en Santiago\u00a0\u00a0Revista, Cultura, Diario Libre, Santo Domingo, Codap, Artistas Dominicanos, Pintores dominicanos, Luctuosa, Roberto Flores, Carlos Grull\u00f3n\u00a0<\/p>\n","protected":false},"excerpt":{"rendered":"<p>La comunidad art\u00edstica dominicana est\u00e1 de luto tras el fallecimiento de dos destacadas figuras del arte dominicano: el muralista\u00a0Roberto Flores y el pintor, m\u00fasico y autor Carlos Grull\u00f3n.\u00a0 Ambos decesos fueron informados por Joel Gonell, presidente del\u00a0Colegio Dominicano de Artistas Pl\u00e1sticos (Codap), quien expres\u00f3 su profundo pesar por la p\u00e9rdida de estos referentes de la [&hellip;]<\/p>\n","protected":false},"author":1,"featured_media":14133,"comment_status":"open","ping_status":"open","sticky":false,"template":"","format":"standard","meta":{"amp_status":"","footnotes":""},"categories":[9],"tags":[],"class_list":["post-14433","post","type-post","status-publish","format-standard","has-post-thumbnail","hentry","category-espectaculo"],"_links":{"self":[{"href":"https:\/\/ermdigital.com\/index.php?rest_route=\/wp\/v2\/posts\/14433","targetHints":{"allow":["GET"]}}],"collection":[{"href":"https:\/\/ermdigital.com\/index.php?rest_route=\/wp\/v2\/posts"}],"about":[{"href":"https:\/\/ermdigital.com\/index.php?rest_route=\/wp\/v2\/types\/post"}],"author":[{"embeddable":true,"href":"https:\/\/ermdigital.com\/index.php?rest_route=\/wp\/v2\/users\/1"}],"replies":[{"embeddable":true,"href":"https:\/\/ermdigital.com\/index.php?rest_route=%2Fwp%2Fv2%2Fcomments&post=14433"}],"version-history":[{"count":0,"href":"https:\/\/ermdigital.com\/index.php?rest_route=\/wp\/v2\/posts\/14433\/revisions"}],"wp:featuredmedia":[{"embeddable":true,"href":"https:\/\/ermdigital.com\/index.php?rest_route=\/wp\/v2\/media\/14133"}],"wp:attachment":[{"href":"https:\/\/ermdigital.com\/index.php?rest_route=%2Fwp%2Fv2%2Fmedia&parent=14433"}],"wp:term":[{"taxonomy":"category","embeddable":true,"href":"https:\/\/ermdigital.com\/index.php?rest_route=%2Fwp%2Fv2%2Fcategories&post=14433"},{"taxonomy":"post_tag","embeddable":true,"href":"https:\/\/ermdigital.com\/index.php?rest_route=%2Fwp%2Fv2%2Ftags&post=14433"}],"curies":[{"name":"wp","href":"https:\/\/api.w.org\/{rel}","templated":true}]}}