{"id":14432,"date":"2026-04-07T11:23:00","date_gmt":"2026-04-07T15:23:00","guid":{"rendered":"https:\/\/ermdigital.com\/index.php\/2026\/04\/07\/karol-g-portada-en-playboy-y-debut-en-coachella\/"},"modified":"2026-04-07T11:23:00","modified_gmt":"2026-04-07T15:23:00","slug":"karol-g-portada-en-playboy-y-debut-en-coachella","status":"publish","type":"post","link":"https:\/\/ermdigital.com\/?p=14432","title":{"rendered":"Karol G: portada en Playboy y debut en Coachella"},"content":{"rendered":"<p>La artista colombiana <strong>Karol G<\/strong> atraviesa uno de los momentos m\u00e1s decisivos de su carrera y lo hace desde una doble exposici\u00f3n: liderando escenarios globales y mostrando una versi\u00f3n m\u00e1s \u00edntima de s\u00ed misma. <\/p>\n<p>Su aparici\u00f3n hoy, en un avance de la edici\u00f3n de primavera 2026 de <em><strong>Playboy<\/strong><\/em>, coincide con un hito en su trayectoria: <strong>convertirse<\/strong> en la primera latina en encabezar el cartel del festival Coachella.<\/p>\n<h2>Una portada con significado<\/h2>\n<p>Lejos de limitarse a una sesi\u00f3n fotogr\u00e1fica, el <strong>reportaje<\/strong>\u00a0-captado en Los \u00c1ngeles por <strong>Gray Sorrenti<\/strong>&#8211; funciona como una radiograf\u00eda emocional. <strong>Karol G<\/strong> se muestra en un punto de inflexi\u00f3n tras una ruptura sentimental que, seg\u00fan reconoce, la oblig\u00f3 a <strong>reconstruirse desde cero<\/strong>.<\/p>\n<figure class=\"my-12 component infografia\">\n<div class=\"expand-img-placeholder\"><img loading=\"lazy\" decoding=\"async\" src=\"https:\/\/resources.diariolibre.com\/images\/expand.svg\" alt=\"Expandir imagen\" width=\"20\" height=\"20\"><span class=\"rutaimagenoriginal-placeholder\">https:\/\/resources.diariolibre.com\/images\/2026\/04\/07\/karol-g-poso-para-la-revista-playboy-y-es-la-nueva-portada-de-la-marca-4-f397a7ea.jpg<\/span><\/div>\n<p><img decoding=\"async\" loading=\"lazy\" src=\"https:\/\/resources.diariolibre.com\/images\/2026\/04\/07\/karol-g-poso-para-la-revista-playboy-y-es-la-nueva-portada-de-la-marca-4-f397a7ea.jpg\" width=\"auto\" height=\"350\" alt=\"Infograf\u00eda\" class=\"mx-auto\"><\/figure>\n<p>El proceso incluy\u00f3 aislarse, <strong>viajar<\/strong> a Haw\u00e1i y tomar decisiones simb\u00f3licas como cortar su <strong>cabello<\/strong>, en un intento por redefinir su identidad personal y art\u00edstica.<\/p>\n<p>En ese tr\u00e1nsito, la cantante reivindica la <strong>solter\u00eda<\/strong> como un espacio de <strong>crecimiento<\/strong>. M\u00e1s que una ausencia, la describe como una etapa productiva que le ha permitido replantearse prioridades y cuestionar los est\u00e1ndares tradicionales que pesan sobre la mujer latina.<\/p>\n<p>\u201cNo siento que voy tarde\u201d, deja claro, al referirse a las expectativas sobre la maternidad y la <strong>vida personal.<\/strong><\/p>\n<p>Su decisi\u00f3n de posar para<a href=\"https:\/\/www.playboy.com\/read\/entertainment-culture\/karol-g-cover-spring-2026-issue\" title=\" Playboy\" target=\"_blank\" rel=\"nofollow noopener noreferrer\"> <strong>Playboy<\/strong><\/a> tambi\u00e9n responde a esa l\u00f3gica de <strong>autonom\u00eda<\/strong>. La int\u00e9rprete no lo plantea como una provocaci\u00f3n, sino como una afirmaci\u00f3n de control sobre su imagen y su narrativa. Antes de aceptar, busc\u00f3 la opini\u00f3n de <strong>Sof\u00eda Vergara<\/strong>, quien la impuls\u00f3 a asumir el momento con claridad sobre sus motivos.<\/p>\n<div class=\"w-full pt-2 float-left inside-related\">    <span class=\"border-b border-black pb-3 mb-4 block\"><strong>RELACIONADAS<\/strong><\/span>                <\/p>\n<article class=\"flex flex-wrap border-b pb-4 mb-3 inline-block\">\n<div class=\"xl:w-2\/12 w-4\/12\">\n<figure class=\"mb-0\">                                                    <a href=\"https:\/\/www.diariolibre.com\/revista\/musica\/2025\/10\/15\/karol-g-brilla-en-el-victorias-secret-fashion-show\/3279208?utm_source=relacionadas&amp;utm_medium=nota&amp;utm_campaign=relacionadas\" title=\"                                                                                                                            \">                                                                <img decoding=\"async\" loading=\"lazy\" src=\"https:\/\/resources.diariolibre.com\/images\/2025\/10\/16\/karol-g-brilla-en-el-victorias-secret-fashion-show-daeb9d79-focus-0.1-0.54-149-99.jpg\" width=\"149\" height=\"99\" title=\"Karol G lleva su Latina foreva al Victoria\u2019s Secret Fashion Show\" alt=\"Karol G lleva su Latina foreva al Victoria\u2019s Secret Fashion Show\" class=\"object-cover\">                                                            <\/a>                                            <\/figure>\n<\/p><\/div>\n<div class=\"xl:w-10\/12 w-8\/12 pl-3\">\n<div class=\"text-md mb-2 meta\">                        <a href=\"https:\/\/www.diariolibre.com\/revista\/musica\" title=\"M\u00fasica\">M\u00fasica<\/a>                    <\/div>\n<h2><a href=\"https:\/\/www.diariolibre.com\/revista\/musica\/2025\/10\/15\/karol-g-brilla-en-el-victorias-secret-fashion-show\/3279208?utm_source=relacionadas&amp;utm_medium=nota&amp;utm_campaign=relacionadas\" title=\"Karol G lleva su Latina foreva al Victoria\u2019s Secret Fashion Show\">Karol G lleva su \"Latina foreva\" al Victoria\u2019s Secret Fashion Show<\/a><\/h2>\n<\/p><\/div>\n<\/article>\n<article class=\"flex flex-wrap border-b pb-4 mb-3 inline-block\">\n<div class=\"xl:w-2\/12 w-4\/12\">\n<figure class=\"mb-0\">                                                    <a href=\"https:\/\/www.diariolibre.com\/revista\/musica\/2025\/06\/20\/karol-g-incluye-un-merengue-y-una-bachata-en-tropicoqueta\/3156581?utm_source=relacionadas&amp;utm_medium=nota&amp;utm_campaign=relacionadas\" title=\"                                                                                                                            \">                                                                <img decoding=\"async\" loading=\"lazy\" src=\"https:\/\/resources.diariolibre.com\/images\/2025\/06\/20\/httpswwwinstagramcompdj68nuetcg6-04e98785-focus-min0.05-0.69-149-99.jpg\" width=\"149\" height=\"99\" title=\"Karol G lanza Tropicoqueta, un homenaje a lo latino que va del merengue y la bachata a la ranchera\" alt=\"Karol G lanza Tropicoqueta, un homenaje a lo latino que va del merengue y la bachata a la ranchera\" class=\"object-cover\">                                                            <\/a>                                            <\/figure>\n<\/p><\/div>\n<div class=\"xl:w-10\/12 w-8\/12 pl-3\">\n<div class=\"text-md mb-2 meta\">                        <a href=\"https:\/\/www.diariolibre.com\/revista\/musica\" title=\"M\u00fasica\">M\u00fasica<\/a>                    <\/div>\n<h2><a href=\"https:\/\/www.diariolibre.com\/revista\/musica\/2025\/06\/20\/karol-g-incluye-un-merengue-y-una-bachata-en-tropicoqueta\/3156581?utm_source=relacionadas&amp;utm_medium=nota&amp;utm_campaign=relacionadas\" title=\"Karol G lanza Tropicoqueta, un homenaje a lo latino que va del merengue y la bachata a la ranchera\">Karol G lanza \"Tropicoqueta\", un homenaje a lo latino que va del merengue y la bachata a la ranchera<\/a><\/h2>\n<\/p><\/div>\n<\/article><\/div>\n<h2>Su participaci\u00f3n en Coachella y Playboy<\/h2>\n<p>M\u00e1s all\u00e1 de lo est\u00e9tico, <strong>Karol G<\/strong> subraya su compromiso con la <strong>representaci\u00f3n latina<\/strong>, aunque advierte que su inter\u00e9s no se queda en lo simb\u00f3lico. Aspira a que su presencia en escenarios internacionales tenga un <strong>impacto tangible<\/strong> en la percepci\u00f3n de la <strong>comunidad<\/strong>.<\/p>\n<figure class=\"inline-block\">\n<div class=\"expand-img-placeholder\"><img loading=\"lazy\" decoding=\"async\" src=\"https:\/\/resources.diariolibre.com\/images\/expand.svg\" alt=\"Expandir imagen\" width=\"20\" height=\"20\"><span class=\"rutaimagenoriginal-placeholder\">https:\/\/resources.diariolibre.com\/images\/2026\/04\/07\/karol-g-6afbbab8.jpg<\/span><\/div>\n<p><img decoding=\"async\" loading=\"lazy\" src=\"https:\/\/resources.diariolibre.com\/images\/2026\/04\/07\/karol-g-6afbbab8.jpg\" width=\"auto\" height=\"350\" alt=\"[object HTMLTextAreaElement]\" class=\"mx-auto\"><figcaption><span>Karol G en una imagen de la fot\u00f3grafa Gray Sorrenti para la revista Playboy.<\/span><span> (<strong>CORTES\u00cdA DE GRAY SORRENTI \/ PLAYBOY<\/strong>)<\/span><\/figcaption><\/figure>\n<p>Sobre <strong>Coachella<\/strong>, su discurso se distancia de la idea de consagraci\u00f3n. En lugar de verlo como una meta alcanzada, lo interpreta como un <strong>punto de partida<\/strong>. La magnitud del evento no le es indiferente -admite la <strong>presi\u00f3n<\/strong>-, pero tambi\u00e9n lo asume como una oportunidad para consolidarse en una nueva dimensi\u00f3n art\u00edstica.<\/p>\n<p>La edici\u00f3n de primavera de <strong>Playboy<\/strong>, que llegar\u00e1 al p\u00fablico el 14 de abril, marca as\u00ed no solo una portada m\u00e1s en su carrera, sino un <strong>momento de transici\u00f3n<\/strong> donde imagen, discurso y ambici\u00f3n convergen en una misma narrativa.<\/p>\n<div class=\"social-embed mb-4\">\n<div class=\"placeholderYoutube\"><\/div>\n<\/div>\n<p>\u200bLa artista colombiana Karol G atraviesa uno de los momentos m\u00e1s decisivos de su carrera y lo hace desde una doble exposici\u00f3n: liderando escenarios globales y mostrando una versi\u00f3n m\u00e1s \u00edntima de s\u00ed misma. Su aparici\u00f3n hoy, en un avance de la edici\u00f3n de primavera 2026 de Playboy, coincide con un hito en su trayectoria: convertirse en la primera latina en encabezar el cartel del festival Coachella.Una portada con significadoLejos de limitarse a una sesi\u00f3n fotogr\u00e1fica, el reportaje\u00a0-captado en Los \u00c1ngeles por Gray Sorrenti- funciona como una radiograf\u00eda emocional. Karol G se muestra en un punto de inflexi\u00f3n tras una ruptura sentimental que, seg\u00fan reconoce, la oblig\u00f3 a reconstruirse desde cero.https:\/\/resources.diariolibre.com\/images\/2026\/04\/07\/karol-g-poso-para-la-revista-playboy-y-es-la-nueva-portada-de-la-marca-4-f397a7ea.jpgEl proceso incluy\u00f3 aislarse, viajar a Haw\u00e1i y tomar decisiones simb\u00f3licas como cortar su cabello, en un intento por redefinir su identidad personal y art\u00edstica.En ese tr\u00e1nsito, la cantante reivindica la solter\u00eda como un espacio de crecimiento. M\u00e1s que una ausencia, la describe como una etapa productiva que le ha permitido replantearse prioridades y cuestionar los est\u00e1ndares tradicionales que pesan sobre la mujer latina.\u201cNo siento que voy tarde\u201d, deja claro, al referirse a las expectativas sobre la maternidad y la vida personal.Su decisi\u00f3n de posar para Playboy tambi\u00e9n responde a esa l\u00f3gica de autonom\u00eda. La int\u00e9rprete no lo plantea como una provocaci\u00f3n, sino como una afirmaci\u00f3n de control sobre su imagen y su narrativa. Antes de aceptar, busc\u00f3 la opini\u00f3n de Sof\u00eda Vergara, quien la impuls\u00f3 a asumir el momento con claridad sobre sus motivos.    RELACIONADAS                                                                                                                                                                                                                                                                                                                                                            M\u00fasica                                        Karol G lleva su \"Latina foreva\" al Victoria\u2019s Secret Fashion Show                                                                                                                                                                                                                                                                                                                                                                                            M\u00fasica                                        Karol G lanza \"Tropicoqueta\", un homenaje a lo latino que va del merengue y la bachata a la ranchera                                    Su participaci\u00f3n en Coachella y PlayboyM\u00e1s all\u00e1 de lo est\u00e9tico, Karol G subraya su compromiso con la representaci\u00f3n latina, aunque advierte que su inter\u00e9s no se queda en lo simb\u00f3lico. Aspira a que su presencia en escenarios internacionales tenga un impacto tangible en la percepci\u00f3n de la comunidad.https:\/\/resources.diariolibre.com\/images\/2026\/04\/07\/karol-g-6afbbab8.jpgKarol G en una imagen de la fot\u00f3grafa Gray Sorrenti para la revista Playboy. (CORTES\u00cdA DE GRAY SORRENTI \/ PLAYBOY)Sobre Coachella, su discurso se distancia de la idea de consagraci\u00f3n. En lugar de verlo como una meta alcanzada, lo interpreta como un punto de partida. La magnitud del evento no le es indiferente -admite la presi\u00f3n-, pero tambi\u00e9n lo asume como una oportunidad para consolidarse en una nueva dimensi\u00f3n art\u00edstica.La edici\u00f3n de primavera de Playboy, que llegar\u00e1 al p\u00fablico el 14 de abril, marca as\u00ed no solo una portada m\u00e1s en su carrera, sino un momento de transici\u00f3n donde imagen, discurso y ambici\u00f3n convergen en una misma narrativa.\u00a0\u00a0Revista, M\u00fasica, Diario Libre, Santo Domingo, Karol G, revista Playboy, ruptura amorosa Karol G, Coachella artista latina, transformaci\u00f3n personal Karol G, responsabilidad comunidad latina, portada en Playboy\u00a0<\/p>\n","protected":false},"excerpt":{"rendered":"<p>La artista colombiana Karol G atraviesa uno de los momentos m\u00e1s decisivos de su carrera y lo hace desde una doble exposici\u00f3n: liderando escenarios globales y mostrando una versi\u00f3n m\u00e1s \u00edntima de s\u00ed misma. Su aparici\u00f3n hoy, en un avance de la edici\u00f3n de primavera 2026 de Playboy, coincide con un hito en su trayectoria: [&hellip;]<\/p>\n","protected":false},"author":1,"featured_media":14173,"comment_status":"open","ping_status":"open","sticky":false,"template":"","format":"standard","meta":{"amp_status":"","footnotes":""},"categories":[9],"tags":[],"class_list":["post-14432","post","type-post","status-publish","format-standard","has-post-thumbnail","hentry","category-espectaculo"],"_links":{"self":[{"href":"https:\/\/ermdigital.com\/index.php?rest_route=\/wp\/v2\/posts\/14432","targetHints":{"allow":["GET"]}}],"collection":[{"href":"https:\/\/ermdigital.com\/index.php?rest_route=\/wp\/v2\/posts"}],"about":[{"href":"https:\/\/ermdigital.com\/index.php?rest_route=\/wp\/v2\/types\/post"}],"author":[{"embeddable":true,"href":"https:\/\/ermdigital.com\/index.php?rest_route=\/wp\/v2\/users\/1"}],"replies":[{"embeddable":true,"href":"https:\/\/ermdigital.com\/index.php?rest_route=%2Fwp%2Fv2%2Fcomments&post=14432"}],"version-history":[{"count":0,"href":"https:\/\/ermdigital.com\/index.php?rest_route=\/wp\/v2\/posts\/14432\/revisions"}],"wp:featuredmedia":[{"embeddable":true,"href":"https:\/\/ermdigital.com\/index.php?rest_route=\/wp\/v2\/media\/14173"}],"wp:attachment":[{"href":"https:\/\/ermdigital.com\/index.php?rest_route=%2Fwp%2Fv2%2Fmedia&parent=14432"}],"wp:term":[{"taxonomy":"category","embeddable":true,"href":"https:\/\/ermdigital.com\/index.php?rest_route=%2Fwp%2Fv2%2Fcategories&post=14432"},{"taxonomy":"post_tag","embeddable":true,"href":"https:\/\/ermdigital.com\/index.php?rest_route=%2Fwp%2Fv2%2Ftags&post=14432"}],"curies":[{"name":"wp","href":"https:\/\/api.w.org\/{rel}","templated":true}]}}