{"id":14407,"date":"2026-04-07T09:01:00","date_gmt":"2026-04-07T13:01:00","guid":{"rendered":"https:\/\/ermdigital.com\/index.php\/2026\/04\/07\/celine-dion-agrega-seis-conciertos-a-regreso-a-los-escenarios\/"},"modified":"2026-04-07T09:01:00","modified_gmt":"2026-04-07T13:01:00","slug":"celine-dion-agrega-seis-conciertos-a-regreso-a-los-escenarios","status":"publish","type":"post","link":"https:\/\/ermdigital.com\/?p=14407","title":{"rendered":"C\u00e9line Dion agrega seis conciertos a regreso a los escenarios"},"content":{"rendered":"<p>La estrella canadiense <strong>C\u00e9line Dion<\/strong> <strong>anunci\u00f3<\/strong> este martes que a\u00f1adir\u00e1 <strong>seis fechas suplementarias<\/strong> a los diez <strong>conciertos<\/strong> que ya hab\u00eda anunciado para su gran retorno al escenario el pr\u00f3ximo oto\u00f1o en <strong>Par\u00eds<\/strong>, ante el gran inter\u00e9s generado, que se ha traducido en millones de inscripciones para la preventa de entradas.<\/p>\n<p>En total ser\u00e1n <strong>diecis\u00e9is conciertos<\/strong> en el pabell\u00f3n <strong>La D\u00e9fense Arena<\/strong>, que tiene una capacidad total modulable de hasta 45,000 espectadores, con un planteamiento \"in\u00e9dito\", especialmente imaginado para la ocasi\u00f3n, seg\u00fan indic\u00f3 la organizaci\u00f3n de los recitales en un comunicado.<\/p>\n<p>\"Ser\u00e1 una <strong>experiencia musical<\/strong> que rendir\u00e1 homenaje a sus <strong>mayores \u00e9xitos<\/strong> en <strong>franc\u00e9s e ingl\u00e9s<\/strong>, un emotivo tributo a las <strong>canciones<\/strong> que han marcado su notable carrera en todo el mundo a lo largo de generaciones\", detalla el anuncio.<\/p>\n<p>Seg\u00fan la <strong>prensa francesa<\/strong>, para las distintas preventas -que permitir\u00e1n acceder a la compra de las primeras entradas la pr\u00f3xima semana, pero solo a los afortunados que reciban un c\u00f3digo por sorteo- se registraron un total de <strong>9 millones<\/strong> de inscripciones.<\/p>\n<p>La <strong>venta general<\/strong> tendr\u00e1 lugar a partir del <strong>10 de abril<\/strong> y los <strong>conciertos<\/strong> se desarrollar\u00e1n entre el <strong>12 de septiembre<\/strong> y el 17 de octubre.<\/p>\n<p>\"Estoy tan feliz, estoy lista para hacer esto. Me siento bien, estoy fuerte, me siento emocionada. Por supuesto, un poco nerviosa, pero sobre todo estoy agradecida a todos vosotros. No puedo esperar a veros de nuevo\", expres\u00f3 Dion en su <strong>mensaje<\/strong> el <strong>30 de marzo<\/strong> -fecha, adem\u00e1s, de su 58 cumplea\u00f1os- para confirmar su retorno.<\/p>\n<p>Era casi un secreto a voces en <strong>Par\u00eds<\/strong>, donde la semana anterior hab\u00edan empezado a aparecer <strong>misteriosos carteles<\/strong> con t\u00edtulos de sus <strong>canciones<\/strong>.<\/p>\n<p>Su <strong>\u00faltima actuaci\u00f3n<\/strong> p\u00fablica hab\u00eda sido precisamente en la capital francesa, en la apertura de los <strong>Juegos Ol\u00edmpicos<\/strong> de <strong>Par\u00eds<\/strong> de <strong>2024<\/strong>, donde interpret\u00f3 '<strong>Hymne \u00e0 l\u2019amour<\/strong>', de Edith Piaf, desde lo alto de la torre Eiffel.<\/p>\n<p>Aquella hab\u00eda sido tambi\u00e9n una reaparici\u00f3n muy esperada, dado que el a\u00f1o anterior hab\u00eda tenido que cancelar su gira mundial <strong>Courage World Tour<\/strong> por los graves problemas que le causa el s\u00edndrome de la persona r\u00edgida (<strong>SPR<\/strong>) que padece, lo que afecta a su sistema nervioso y le provoca espasmos.<\/p>\n<p>La ganadora de <strong>dos Oscar<\/strong> y varios Grammy debe someterse a un <strong>trabajo intenso<\/strong> para lograr controlar sus m\u00fasculos -incluido para poder realizar las tareas del d\u00eda a d\u00eda, como caminar- y las complicaciones afectan igualmente a sus <strong>cuerdas vocales<\/strong>.<\/p>\n<p>Los entresijos de esa lucha los mostr\u00f3 en <strong>2024<\/strong> en el <strong>documental<\/strong> <em>I am <strong>C\u00e9line Dion<\/strong>.<\/em><\/p>\n<p>El <strong>SPR<\/strong>, sobre el que hay muy <strong>poca investigaci\u00f3n<\/strong> cient\u00edfica, es una enfermedad que padecen muy pocas personas en el mundo y que provoca que, con el paso del tiempo, los pies y las manos se vuelvan r\u00edgidos, hasta el punto de no poder moverlos.<\/p>\n<h2>M\u00e1s<\/h2>\n<ul>\n<li>Su \u00faltimo gran concierto en solitario fue en la primavera de 2020, en <strong>Nueva York<\/strong>, dentro de una gira que tuvo que ser suspendida por la pandemia de covid-19 y que despu\u00e9s no pudo ser retomada por los problemas de salud de Dion.<\/li>\n<\/ul>\n<article class=\"border-t border-b py-5 mb-5 component nota-incrustada\">    <span class=\"block mb-2\"><strong>Te puede interesar<\/strong><\/span>                <\/p>\n<h2><a href=\"https:\/\/www.diariolibre.com\/revista\/musica\/2026\/04\/05\/conciertos-de-celine-dion-en-paris-preventas-alcanzan-cifras-record\/3492047?utm_source=relacionadas&amp;utm_medium=nota&amp;utm_campaign=relacionadas\" title=\"Nueve millones de inscritos en la preventa para los conciertos de C\u00e9line Dion\">Nueve millones de inscritos en la preventa para los conciertos de C\u00e9line Dion<\/a><\/h2>\n<\/article>\n<p><\/p>\n<p>\u200bLa estrella canadiense C\u00e9line Dion anunci\u00f3 este martes que a\u00f1adir\u00e1 seis fechas suplementarias a los diez conciertos que ya hab\u00eda anunciado para su gran retorno al escenario el pr\u00f3ximo oto\u00f1o en Par\u00eds, ante el gran inter\u00e9s generado, que se ha traducido en millones de inscripciones para la preventa de entradas.En total ser\u00e1n diecis\u00e9is conciertos en el pabell\u00f3n La D\u00e9fense Arena, que tiene una capacidad total modulable de hasta 45,000 espectadores, con un planteamiento \"in\u00e9dito\", especialmente imaginado para la ocasi\u00f3n, seg\u00fan indic\u00f3 la organizaci\u00f3n de los recitales en un comunicado.\"Ser\u00e1 una experiencia musical que rendir\u00e1 homenaje a sus mayores \u00e9xitos en franc\u00e9s e ingl\u00e9s, un emotivo tributo a las canciones que han marcado su notable carrera en todo el mundo a lo largo de generaciones\", detalla el anuncio.Seg\u00fan la prensa francesa, para las distintas preventas -que permitir\u00e1n acceder a la compra de las primeras entradas la pr\u00f3xima semana, pero solo a los afortunados que reciban un c\u00f3digo por sorteo- se registraron un total de 9 millones de inscripciones.La venta general tendr\u00e1 lugar a partir del 10 de abril y los conciertos se desarrollar\u00e1n entre el 12 de septiembre y el 17 de octubre.\"Estoy tan feliz, estoy lista para hacer esto. Me siento bien, estoy fuerte, me siento emocionada. Por supuesto, un poco nerviosa, pero sobre todo estoy agradecida a todos vosotros. No puedo esperar a veros de nuevo\", expres\u00f3 Dion en su mensaje el 30 de marzo -fecha, adem\u00e1s, de su 58 cumplea\u00f1os- para confirmar su retorno.Era casi un secreto a voces en Par\u00eds, donde la semana anterior hab\u00edan empezado a aparecer misteriosos carteles con t\u00edtulos de sus canciones.Su \u00faltima actuaci\u00f3n p\u00fablica hab\u00eda sido precisamente en la capital francesa, en la apertura de los Juegos Ol\u00edmpicos de Par\u00eds de 2024, donde interpret\u00f3 'Hymne \u00e0 l\u2019amour', de Edith Piaf, desde lo alto de la torre Eiffel.Aquella hab\u00eda sido tambi\u00e9n una reaparici\u00f3n muy esperada, dado que el a\u00f1o anterior hab\u00eda tenido que cancelar su gira mundial Courage World Tour por los graves problemas que le causa el s\u00edndrome de la persona r\u00edgida (SPR) que padece, lo que afecta a su sistema nervioso y le provoca espasmos.La ganadora de dos Oscar y varios Grammy debe someterse a un trabajo intenso para lograr controlar sus m\u00fasculos -incluido para poder realizar las tareas del d\u00eda a d\u00eda, como caminar- y las complicaciones afectan igualmente a sus cuerdas vocales.Los entresijos de esa lucha los mostr\u00f3 en 2024 en el documental I am C\u00e9line Dion.El SPR, sobre el que hay muy poca investigaci\u00f3n cient\u00edfica, es una enfermedad que padecen muy pocas personas en el mundo y que provoca que, con el paso del tiempo, los pies y las manos se vuelvan r\u00edgidos, hasta el punto de no poder moverlos.M\u00e1s    Su \u00faltimo gran concierto en solitario fue en la primavera de 2020, en Nueva York, dentro de una gira que tuvo que ser suspendida por la pandemia de covid-19 y que despu\u00e9s no pudo ser retomada por los problemas de salud de Dion.    Te puede interesar                Nueve millones de inscritos en la preventa para los conciertos de C\u00e9line Dion\u00a0\u00a0Revista, M\u00fasica, EFE, Par\u00eds, Conciertos, C\u00e9line Dion, Regreso a los escenarios de C\u00e9line Dion\u00a0<\/p>\n","protected":false},"excerpt":{"rendered":"<p>La estrella canadiense C\u00e9line Dion anunci\u00f3 este martes que a\u00f1adir\u00e1 seis fechas suplementarias a los diez conciertos que ya hab\u00eda anunciado para su gran retorno al escenario el pr\u00f3ximo oto\u00f1o en Par\u00eds, ante el gran inter\u00e9s generado, que se ha traducido en millones de inscripciones para la preventa de entradas. En total ser\u00e1n diecis\u00e9is conciertos [&hellip;]<\/p>\n","protected":false},"author":1,"featured_media":14098,"comment_status":"open","ping_status":"open","sticky":false,"template":"","format":"standard","meta":{"amp_status":"","footnotes":""},"categories":[9],"tags":[],"class_list":["post-14407","post","type-post","status-publish","format-standard","has-post-thumbnail","hentry","category-espectaculo"],"_links":{"self":[{"href":"https:\/\/ermdigital.com\/index.php?rest_route=\/wp\/v2\/posts\/14407","targetHints":{"allow":["GET"]}}],"collection":[{"href":"https:\/\/ermdigital.com\/index.php?rest_route=\/wp\/v2\/posts"}],"about":[{"href":"https:\/\/ermdigital.com\/index.php?rest_route=\/wp\/v2\/types\/post"}],"author":[{"embeddable":true,"href":"https:\/\/ermdigital.com\/index.php?rest_route=\/wp\/v2\/users\/1"}],"replies":[{"embeddable":true,"href":"https:\/\/ermdigital.com\/index.php?rest_route=%2Fwp%2Fv2%2Fcomments&post=14407"}],"version-history":[{"count":0,"href":"https:\/\/ermdigital.com\/index.php?rest_route=\/wp\/v2\/posts\/14407\/revisions"}],"wp:featuredmedia":[{"embeddable":true,"href":"https:\/\/ermdigital.com\/index.php?rest_route=\/wp\/v2\/media\/14098"}],"wp:attachment":[{"href":"https:\/\/ermdigital.com\/index.php?rest_route=%2Fwp%2Fv2%2Fmedia&parent=14407"}],"wp:term":[{"taxonomy":"category","embeddable":true,"href":"https:\/\/ermdigital.com\/index.php?rest_route=%2Fwp%2Fv2%2Fcategories&post=14407"},{"taxonomy":"post_tag","embeddable":true,"href":"https:\/\/ermdigital.com\/index.php?rest_route=%2Fwp%2Fv2%2Ftags&post=14407"}],"curies":[{"name":"wp","href":"https:\/\/api.w.org\/{rel}","templated":true}]}}