{"id":14374,"date":"2026-04-07T08:32:00","date_gmt":"2026-04-07T12:32:00","guid":{"rendered":"https:\/\/ermdigital.com\/index.php\/2026\/04\/07\/anna-wintour-y-meryl-streep-en-nueva-portada-de-vogue\/"},"modified":"2026-04-07T08:32:00","modified_gmt":"2026-04-07T12:32:00","slug":"anna-wintour-y-meryl-streep-en-nueva-portada-de-vogue","status":"publish","type":"post","link":"https:\/\/ermdigital.com\/?p=14374","title":{"rendered":"Anna Wintour y Meryl Streep en nueva portada de Vogue"},"content":{"rendered":"<p>La ic\u00f3nica editora de <strong>moda<\/strong> <strong>Anna Wintour<\/strong> y la legendaria actriz <strong>Meryl Streep<\/strong> protagonizan la m\u00e1s reciente portada de la edici\u00f3n estadounidense de <strong>Vogue<\/strong>, en un encuentro que combina <strong>moda<\/strong>, humor y nostalgia, justo antes del estreno de <em>The Devil Wears Prada 2<\/em> (<em><strong>El diablo viste a la moda 2)<\/strong>.<\/em><\/p>\n<p>La sesi\u00f3n fotogr\u00e1fica, a cargo de la reconocida fot\u00f3grafa <strong>Annie Leibovitz<\/strong>, cont\u00f3 con ambas figuras posando con elegantes dise\u00f1os de <strong>Prada<\/strong>, en un gui\u00f1o directo al personaje de <strong>Miranda Priestly<\/strong>, inspirado en <strong>Wintour<\/strong> y magistralmente interpretado por <strong>Streep<\/strong> en la pel\u00edcula original de 2006.<\/p>\n<p>La portada no es casualidad: <strong>Wintour<\/strong> fue la principal inspiraci\u00f3n para el <strong>personaje de Streep<\/strong>, y la historia original retrata el exigente <strong>mundo editorial<\/strong> a trav\u00e9s de la relaci\u00f3n entre la poderosa editora y su asistente.<\/p>\n<figure class=\"my-12 component infografia\">\n<div class=\"expand-img-placeholder\"><img loading=\"lazy\" decoding=\"async\" src=\"https:\/\/resources.diariolibre.com\/images\/expand.svg\" alt=\"Expandir imagen\" width=\"20\" height=\"20\"><span class=\"rutaimagenoriginal-placeholder\">https:\/\/resources.diariolibre.com\/images\/2026\/04\/07\/anna-y-meryl-bd98a28f.jpg<\/span><\/div>\n<p><img decoding=\"async\" loading=\"lazy\" src=\"https:\/\/resources.diariolibre.com\/images\/2026\/04\/07\/anna-y-meryl-bd98a28f.jpg\" width=\"auto\" height=\"350\" alt=\"Infograf\u00eda\" class=\"mx-auto\"><\/figure>\n<p>Para esta ocasi\u00f3n especial, ambas compartieron una conversaci\u00f3n moderada por la cineasta <strong>Greta Gerwig<\/strong>, hablando de <strong>moda<\/strong>, familia, <strong>amistad<\/strong> y la esperada secuela.<\/p>\n<p>Con su caracter\u00edstico humor, <strong>Wintour<\/strong> <strong>brome\u00f3<\/strong> sobre s\u00ed misma al descartar una <strong>carrera como actriz<\/strong>:<\/p>\n<p>\u201cNo tengo ning\u00fan talento\u201d, dijo, en contraste con la admiraci\u00f3n que expres\u00f3 hacia <strong>Streep<\/strong> por dar vida a una versi\u00f3n ficticia de su <strong>figura<\/strong>.<\/p>\n<p><strong>Streep<\/strong>, por su parte, record\u00f3 los <strong>desaf\u00edos<\/strong> de asumir el papel de una editora de <strong>moda<\/strong>, especialmente en lo relacionado con el <strong>vestuario<\/strong>: \u201cEn la primera pel\u00edcula fue dif\u00edcil conseguir prendas de dise\u00f1ador\u201d, confes\u00f3.<\/p>\n<div class=\"social-embed mb-4\">\n<blockquote class=\"instagram-media\" data-instgrm-permalink=\"https:\/\/www.instagram.com\/p\/DW1ItoHlO0X\/?utm_source=ig_embed&amp;utm_campaign=loading\" data-instgrm-version=\"14\">\n<div> <a href=\"https:\/\/www.instagram.com\/p\/DW1ItoHlO0X\/?utm_source=ig_embed&amp;utm_campaign=loading\" target=\"_blank\" title=\"       Ver esta publicaci\u00f3n en Instagram            \" rel=\"nofollow noopener noreferrer\"> <\/p>\n<div>\n<div><\/div>\n<div>\n<div><\/div>\n<div><\/div>\n<\/div>\n<\/div>\n<div><\/div>\n<div><\/div>\n<div>\n<div>Ver esta publicaci\u00f3n en Instagram<\/div>\n<\/div>\n<div><\/div>\n<div>\n<div>\n<div><\/div>\n<div><\/div>\n<div><\/div>\n<\/div>\n<div>\n<div><\/div>\n<div><\/div>\n<\/div>\n<div>\n<div><\/div>\n<div><\/div>\n<div><\/div>\n<\/div>\n<\/div>\n<div>\n<div><\/div>\n<div><\/div>\n<\/div>\n<p><\/a><\/p>\n<p><a href=\"https:\/\/www.instagram.com\/p\/DW1ItoHlO0X\/?utm_source=ig_embed&amp;utm_campaign=loading\" target=\"_blank\" title=\"Una publicaci\u00f3n compartida de Vogue (@voguemagazine)\" rel=\"nofollow noopener noreferrer\">Una publicaci\u00f3n compartida de Vogue (@voguemagazine)<\/a><\/p>\n<\/div>\n<\/blockquote>\n<div class=\"lazyload\" data-script=\"https:\/\/www.instagram.com\/embed.js\"><\/div>\n<\/div>\n<p>Para acompa\u00f1ar la edici\u00f3n, <strong>Vogue<\/strong> lanz\u00f3 un <strong>corto \u201cmeta\u201d<\/strong> que ya es tendencia mundial. En \u00e9l, Miranda y Anna coinciden en un ascensor blanco y se miden de arriba abajo con una mirada letal.<\/p>\n<div class=\"social-embed mb-4\">\n<blockquote class=\"twitter-tweet\">\n<p lang=\"en\" dir=\"ltr\">Meryl Streep (Miranda Priestly) and Anna Wintour take an elevator ride\u2026 <a href=\"https:\/\/t.co\/RoS2zjfySz\" title=\"pic.twitter.com\/RoS2zjfySz\" target=\"_blank\" rel=\"nofollow noopener noreferrer\">pic.twitter.com\/RoS2zjfySz<\/a><\/p>\n<p>\u2014 maddie ?.* (@merylsglasses) <a href=\"https:\/\/twitter.com\/merylsglasses\/status\/2041536840939847702?ref_src=twsrc%5Etfw\" title=\"April 7, 2026\" target=\"_blank\" rel=\"nofollow noopener noreferrer\">April 7, 2026<\/a><\/p><\/blockquote>\n<div class=\"lazyload\" data-script=\"https:\/\/platform.twitter.com\/widgets.js\"><\/div>\n<\/div>\n<h2>La <strong>moda<\/strong> como industria global<\/h2>\n<p><strong>Wintour<\/strong> tambi\u00e9n reflexion\u00f3 sobre el <strong>impacto cultural<\/strong> y econ\u00f3mico de la cinta original: logr\u00f3 mostrar al mundo que la <strong>moda<\/strong> es \u201cuna verdadera <strong>fuerza econ\u00f3mica<\/strong> a nivel global\u201d.\u00a0<\/p>\n<p>Adem\u00e1s, revel\u00f3 que contact\u00f3 personalmente a <strong>Streep<\/strong> cuando surgieron los primeros rumores de la secuela para conocer su opini\u00f3n sobre el <strong>guion<\/strong>: \u201cSab\u00eda que ella me dir\u00eda si iba a estar bien\u201d, coment\u00f3.<\/p>\n<ul>\n<li>La nueva entrega de <em>El diablo viste a la <strong>moda<\/strong><\/em> llegar\u00e1 a los cines el pr\u00f3ximo <strong>1 de mayo<\/strong>, en medio de una intensa <strong>campa\u00f1a promocional<\/strong> que ha incluido alfombras rojas, entrevistas y, ahora, esta portada especial que celebra la <strong>moda<\/strong>, la <strong>amistad<\/strong> y la ic\u00f3nica relaci\u00f3n entre estas dos figuras.<\/li>\n<\/ul>\n<article class=\"border-t border-b py-5 mb-5 component nota-incrustada\">    <span class=\"block mb-2\"><strong>Te puede interesar<\/strong><\/span>                <\/p>\n<h2><a href=\"https:\/\/www.diariolibre.com\/revista\/cultura\/2026\/03\/12\/el-diablo-viste-a-la-moda-2-lanza-nuevo-trailer\/3467314?utm_source=relacionadas&amp;utm_medium=nota&amp;utm_campaign=relacionadas\" title=\"\u201cEl Diablo viste a la moda 2\u201d lanza nuevo tr\u00e1iler y confirma su fecha de estreno mundial\">\u201cEl Diablo viste a la moda 2\u201d lanza nuevo tr\u00e1iler y confirma su fecha de estreno mundial<\/a><\/h2>\n<\/article>\n<p><\/p>\n<p><\/p>\n<p>\u200bLa ic\u00f3nica editora de moda Anna Wintour y la legendaria actriz Meryl Streep protagonizan la m\u00e1s reciente portada de la edici\u00f3n estadounidense de Vogue, en un encuentro que combina moda, humor y nostalgia, justo antes del estreno de The Devil Wears Prada 2 (El diablo viste a la moda 2).La sesi\u00f3n fotogr\u00e1fica, a cargo de la reconocida fot\u00f3grafa Annie Leibovitz, cont\u00f3 con ambas figuras posando con elegantes dise\u00f1os de Prada, en un gui\u00f1o directo al personaje de Miranda Priestly, inspirado en Wintour y magistralmente interpretado por Streep en la pel\u00edcula original de 2006.La portada no es casualidad: Wintour fue la principal inspiraci\u00f3n para el personaje de Streep, y la historia original retrata el exigente mundo editorial a trav\u00e9s de la relaci\u00f3n entre la poderosa editora y su asistente.https:\/\/resources.diariolibre.com\/images\/2026\/04\/07\/anna-y-meryl-bd98a28f.jpgPara esta ocasi\u00f3n especial, ambas compartieron una conversaci\u00f3n moderada por la cineasta Greta Gerwig, hablando de moda, familia, amistad y la esperada secuela.Con su caracter\u00edstico humor, Wintour brome\u00f3 sobre s\u00ed misma al descartar una carrera como actriz:\u201cNo tengo ning\u00fan talento\u201d, dijo, en contraste con la admiraci\u00f3n que expres\u00f3 hacia Streep por dar vida a una versi\u00f3n ficticia de su figura.Streep, por su parte, record\u00f3 los desaf\u00edos de asumir el papel de una editora de moda, especialmente en lo relacionado con el vestuario: \u201cEn la primera pel\u00edcula fue dif\u00edcil conseguir prendas de dise\u00f1ador\u201d, confes\u00f3.        Ver esta publicaci\u00f3n en Instagram            Una publicaci\u00f3n compartida de Vogue (@voguemagazine) Para acompa\u00f1ar la edici\u00f3n, Vogue lanz\u00f3 un corto \u201cmeta\u201d que ya es tendencia mundial. En \u00e9l, Miranda y Anna coinciden en un ascensor blanco y se miden de arriba abajo con una mirada letal.Meryl Streep (Miranda Priestly) and Anna Wintour take an elevator ride\u2026 pic.twitter.com\/RoS2zjfySz\u2014 maddie ?.* (@merylsglasses) April 7, 2026 La moda como industria globalWintour tambi\u00e9n reflexion\u00f3 sobre el impacto cultural y econ\u00f3mico de la cinta original: logr\u00f3 mostrar al mundo que la moda es \u201cuna verdadera fuerza econ\u00f3mica a nivel global\u201d.\u00a0Adem\u00e1s, revel\u00f3 que contact\u00f3 personalmente a Streep cuando surgieron los primeros rumores de la secuela para conocer su opini\u00f3n sobre el guion: \u201cSab\u00eda que ella me dir\u00eda si iba a estar bien\u201d, coment\u00f3.    La nueva entrega de El diablo viste a la moda llegar\u00e1 a los cines el pr\u00f3ximo 1 de mayo, en medio de una intensa campa\u00f1a promocional que ha incluido alfombras rojas, entrevistas y, ahora, esta portada especial que celebra la moda, la amistad y la ic\u00f3nica relaci\u00f3n entre estas dos figuras.    Te puede interesar                \u201cEl Diablo viste a la moda 2\u201d lanza nuevo tr\u00e1iler y confirma su fecha de estreno mundial\u00a0\u00a0Revista, Moda, Diario Libre, Santo Domingo, Meryl Streep, Anna Wintour, Vogue, El Diablo viste a la Moda\u00a0<\/p>\n","protected":false},"excerpt":{"rendered":"<p>La ic\u00f3nica editora de moda Anna Wintour y la legendaria actriz Meryl Streep protagonizan la m\u00e1s reciente portada de la edici\u00f3n estadounidense de Vogue, en un encuentro que combina moda, humor y nostalgia, justo antes del estreno de The Devil Wears Prada 2 (El diablo viste a la moda 2). La sesi\u00f3n fotogr\u00e1fica, a cargo [&hellip;]<\/p>\n","protected":false},"author":1,"featured_media":14063,"comment_status":"open","ping_status":"open","sticky":false,"template":"","format":"standard","meta":{"amp_status":"","footnotes":""},"categories":[9],"tags":[],"class_list":["post-14374","post","type-post","status-publish","format-standard","has-post-thumbnail","hentry","category-espectaculo"],"_links":{"self":[{"href":"https:\/\/ermdigital.com\/index.php?rest_route=\/wp\/v2\/posts\/14374","targetHints":{"allow":["GET"]}}],"collection":[{"href":"https:\/\/ermdigital.com\/index.php?rest_route=\/wp\/v2\/posts"}],"about":[{"href":"https:\/\/ermdigital.com\/index.php?rest_route=\/wp\/v2\/types\/post"}],"author":[{"embeddable":true,"href":"https:\/\/ermdigital.com\/index.php?rest_route=\/wp\/v2\/users\/1"}],"replies":[{"embeddable":true,"href":"https:\/\/ermdigital.com\/index.php?rest_route=%2Fwp%2Fv2%2Fcomments&post=14374"}],"version-history":[{"count":0,"href":"https:\/\/ermdigital.com\/index.php?rest_route=\/wp\/v2\/posts\/14374\/revisions"}],"wp:featuredmedia":[{"embeddable":true,"href":"https:\/\/ermdigital.com\/index.php?rest_route=\/wp\/v2\/media\/14063"}],"wp:attachment":[{"href":"https:\/\/ermdigital.com\/index.php?rest_route=%2Fwp%2Fv2%2Fmedia&parent=14374"}],"wp:term":[{"taxonomy":"category","embeddable":true,"href":"https:\/\/ermdigital.com\/index.php?rest_route=%2Fwp%2Fv2%2Fcategories&post=14374"},{"taxonomy":"post_tag","embeddable":true,"href":"https:\/\/ermdigital.com\/index.php?rest_route=%2Fwp%2Fv2%2Ftags&post=14374"}],"curies":[{"name":"wp","href":"https:\/\/api.w.org\/{rel}","templated":true}]}}