{"id":14207,"date":"2026-04-07T06:57:00","date_gmt":"2026-04-07T10:57:00","guid":{"rendered":"https:\/\/ermdigital.com\/index.php\/2026\/04\/07\/dia-mundial-de-la-salud-la-clave-esta-en-prevenir\/"},"modified":"2026-04-07T06:57:00","modified_gmt":"2026-04-07T10:57:00","slug":"dia-mundial-de-la-salud-la-clave-esta-en-prevenir","status":"publish","type":"post","link":"https:\/\/ermdigital.com\/?p=14207","title":{"rendered":"D\u00eda Mundial de la Salud: la clave est\u00e1 en prevenir"},"content":{"rendered":"<p>Cada <strong>7 de abril<\/strong>, la <strong>Organizaci\u00f3n Mundial de la Salud<\/strong> convoca al mundo a detenerse y reflexionar sobre c\u00f3mo vivimos y qu\u00e9 hacemos para cuidar nuestra <strong>salud<\/strong>.\u00a0<\/p>\n<p>En un contexto dominado por el estr\u00e9s constante, la inactividad f\u00edsica y estilos de vida poco saludables, se hace evidente que el <strong>incremento<\/strong> del <strong>c\u00e1ncer<\/strong> en todo el mundo contin\u00faa siendo uno de los principales retos para la <strong>salud<\/strong> <strong>p\u00fablica.<\/strong><\/p>\n<p>La <strong>doctora Jazm\u00edn Garc\u00eda<\/strong>, radionc\u00f3loga del Centro de <strong>Radioterapia<\/strong> Integral (Radonic), recuerda que \u201cla <strong>salud<\/strong> no es solo la ausencia de enfermedad. Es un estado de equilibrio f\u00edsico, mental y social, y hoy vivimos en un <strong>constante desequilibrio<\/strong> que muchas veces hemos normalizado\u201d.\u00a0<\/p>\n<p>Ese <strong>desequilibrio<\/strong> se traduce en <strong>factores de riesgo<\/strong> modificables que repercuten directamente en la <strong>incidencia del c\u00e1ncer<\/strong>.<\/p>\n<p>Seg\u00fan la <strong>OMS<\/strong>, entre el 30 % y el 50 % de los c\u00e1nceres podr\u00edan prevenirse. El tabaquismo, la obesidad, el consumo excesivo de alcohol, una alimentaci\u00f3n poco saludable y la falta de <strong>actividad f\u00edsica<\/strong> son causas evitables y est\u00e1n detr\u00e1s de buena parte del incremento de casos.\u00a0<\/p>\n<p>Adem\u00e1s, el <strong>envejecimiento poblacional<\/strong> contribuye a que el <strong>n\u00famero absoluto<\/strong> de diagn\u00f3sticos aumente en todo el mundo.<\/p>\n<p>\u201cEl <strong>c\u00e1ncer<\/strong> no es \u00fanicamente una cuesti\u00f3n gen\u00e9tica ni de mala suerte. Nuestros <strong>h\u00e1bitos<\/strong>, lo que comemos, c\u00f3mo dormimos, cu\u00e1nto nos movemos y c\u00f3mo gestionamos el estr\u00e9s, influyen directamente en nuestro <strong>riesgo<\/strong>\u201d, explica la especialista.\u00a0<\/p>\n<p>Frente a ello, las <strong>estrategias de prevenci\u00f3n<\/strong> se vuelven fundamentales: evitar el tabaco, mantener un peso saludable, optar por una alimentaci\u00f3n balanceada, realizar <strong>actividad f\u00edsica<\/strong> de forma regular, limitar el alcohol y participar en programas de vacunaci\u00f3n y detecci\u00f3n temprana son medidas respaldadas por la evidencia cient\u00edfica.<\/p>\n<p>\u201c<strong>Prevenir<\/strong> no significa tener control absoluto, pero s\u00ed reducir significativamente el <strong>riesgo<\/strong>. Es una <strong>inversi\u00f3n en salud<\/strong> que empieza mucho antes de que aparezca cualquier s\u00edntoma\u201d, subraya Garc\u00eda.\u00a0<\/p>\n<p>Tambi\u00e9n recuerda que la conversaci\u00f3n sobre <strong>salud<\/strong> debe abarcar m\u00e1s que lo f\u00edsico: \u201cNecesitamos hablar de <strong>salud mental<\/strong>, de <strong>descanso<\/strong>, de <strong>calidad de vida<\/strong>. No todo es enfermedad, pero todo influye\u201d.<\/p>\n<h2>Peque\u00f1os pasos, grandes resultados<\/h2>\n<ul>\n<li>Este <strong>D\u00eda Mundial de la Salud<\/strong> el mensaje es claro: cuidar la <strong>salud<\/strong> no es un acto aislado ni espor\u00e1dico, es una <strong>pr\u00e1ctica diaria<\/strong>, <strong>individual y colectiva<\/strong>.<\/li>\n<li>Adoptar <strong>h\u00e1bitos<\/strong> m\u00e1s saludables puede cambiar el curso de muchas enfermedades, incluido el <strong>c\u00e1ncer<\/strong>. Empezar hoy, con <strong>peque\u00f1os cambios<\/strong> sostenidos, es la mejor inversi\u00f3n para un futuro m\u00e1s sano.<\/li>\n<\/ul>\n<article class=\"border-t border-b py-5 mb-5 component nota-incrustada\">    <span class=\"block mb-2\"><strong>Te puede interesar<\/strong><\/span>                <\/p>\n<h2><a href=\"https:\/\/www.diariolibre.com\/revista\/buena-vida\/2025\/10\/25\/por-que-el-desayuno-es-clave-para-prevenir-el-sindrome-metabolico\/3289085?utm_source=relacionadas&amp;utm_medium=nota&amp;utm_campaign=relacionadas\" title=\"Desayuno: la peque\u00f1a gran arma para cuidar tu salud\">Desayuno: la peque\u00f1a gran arma para cuidar tu salud<\/a><\/h2>\n<\/article>\n<p><\/p>\n<p><\/p>\n<p>\u200bCada 7 de abril, la Organizaci\u00f3n Mundial de la Salud convoca al mundo a detenerse y reflexionar sobre c\u00f3mo vivimos y qu\u00e9 hacemos para cuidar nuestra salud.\u00a0En un contexto dominado por el estr\u00e9s constante, la inactividad f\u00edsica y estilos de vida poco saludables, se hace evidente que el incremento del c\u00e1ncer en todo el mundo contin\u00faa siendo uno de los principales retos para la salud p\u00fablica.La doctora Jazm\u00edn Garc\u00eda, radionc\u00f3loga del Centro de Radioterapia Integral (Radonic), recuerda que \u201cla salud no es solo la ausencia de enfermedad. Es un estado de equilibrio f\u00edsico, mental y social, y hoy vivimos en un constante desequilibrio que muchas veces hemos normalizado\u201d.\u00a0Ese desequilibrio se traduce en factores de riesgo modificables que repercuten directamente en la incidencia del c\u00e1ncer.Seg\u00fan la OMS, entre el 30 % y el 50 % de los c\u00e1nceres podr\u00edan prevenirse. El tabaquismo, la obesidad, el consumo excesivo de alcohol, una alimentaci\u00f3n poco saludable y la falta de actividad f\u00edsica son causas evitables y est\u00e1n detr\u00e1s de buena parte del incremento de casos.\u00a0Adem\u00e1s, el envejecimiento poblacional contribuye a que el n\u00famero absoluto de diagn\u00f3sticos aumente en todo el mundo.\u201cEl c\u00e1ncer no es \u00fanicamente una cuesti\u00f3n gen\u00e9tica ni de mala suerte. Nuestros h\u00e1bitos, lo que comemos, c\u00f3mo dormimos, cu\u00e1nto nos movemos y c\u00f3mo gestionamos el estr\u00e9s, influyen directamente en nuestro riesgo\u201d, explica la especialista.\u00a0Frente a ello, las estrategias de prevenci\u00f3n se vuelven fundamentales: evitar el tabaco, mantener un peso saludable, optar por una alimentaci\u00f3n balanceada, realizar actividad f\u00edsica de forma regular, limitar el alcohol y participar en programas de vacunaci\u00f3n y detecci\u00f3n temprana son medidas respaldadas por la evidencia cient\u00edfica.\u201cPrevenir no significa tener control absoluto, pero s\u00ed reducir significativamente el riesgo. Es una inversi\u00f3n en salud que empieza mucho antes de que aparezca cualquier s\u00edntoma\u201d, subraya Garc\u00eda.\u00a0Tambi\u00e9n recuerda que la conversaci\u00f3n sobre salud debe abarcar m\u00e1s que lo f\u00edsico: \u201cNecesitamos hablar de salud mental, de descanso, de calidad de vida. No todo es enfermedad, pero todo influye\u201d.Peque\u00f1os pasos, grandes resultados    Este D\u00eda Mundial de la Salud el mensaje es claro: cuidar la salud no es un acto aislado ni espor\u00e1dico, es una pr\u00e1ctica diaria, individual y colectiva.    Adoptar h\u00e1bitos m\u00e1s saludables puede cambiar el curso de muchas enfermedades, incluido el c\u00e1ncer. Empezar hoy, con peque\u00f1os cambios sostenidos, es la mejor inversi\u00f3n para un futuro m\u00e1s sano.    Te puede interesar                Desayuno: la peque\u00f1a gran arma para cuidar tu salud\u00a0\u00a0Revista, Buena vida, Diario Libre, Santo Domingo, Salud, C\u00e1ncer, radioterapia, D\u00eda Mundial de la Salud\u00a0<\/p>\n","protected":false},"excerpt":{"rendered":"<p>Cada 7 de abril, la Organizaci\u00f3n Mundial de la Salud convoca al mundo a detenerse y reflexionar sobre c\u00f3mo vivimos y qu\u00e9 hacemos para cuidar nuestra salud.\u00a0 En un contexto dominado por el estr\u00e9s constante, la inactividad f\u00edsica y estilos de vida poco saludables, se hace evidente que el incremento del c\u00e1ncer en todo el [&hellip;]<\/p>\n","protected":false},"author":1,"featured_media":14020,"comment_status":"open","ping_status":"open","sticky":false,"template":"","format":"standard","meta":{"amp_status":"","footnotes":""},"categories":[9],"tags":[],"class_list":["post-14207","post","type-post","status-publish","format-standard","has-post-thumbnail","hentry","category-espectaculo"],"_links":{"self":[{"href":"https:\/\/ermdigital.com\/index.php?rest_route=\/wp\/v2\/posts\/14207","targetHints":{"allow":["GET"]}}],"collection":[{"href":"https:\/\/ermdigital.com\/index.php?rest_route=\/wp\/v2\/posts"}],"about":[{"href":"https:\/\/ermdigital.com\/index.php?rest_route=\/wp\/v2\/types\/post"}],"author":[{"embeddable":true,"href":"https:\/\/ermdigital.com\/index.php?rest_route=\/wp\/v2\/users\/1"}],"replies":[{"embeddable":true,"href":"https:\/\/ermdigital.com\/index.php?rest_route=%2Fwp%2Fv2%2Fcomments&post=14207"}],"version-history":[{"count":0,"href":"https:\/\/ermdigital.com\/index.php?rest_route=\/wp\/v2\/posts\/14207\/revisions"}],"wp:featuredmedia":[{"embeddable":true,"href":"https:\/\/ermdigital.com\/index.php?rest_route=\/wp\/v2\/media\/14020"}],"wp:attachment":[{"href":"https:\/\/ermdigital.com\/index.php?rest_route=%2Fwp%2Fv2%2Fmedia&parent=14207"}],"wp:term":[{"taxonomy":"category","embeddable":true,"href":"https:\/\/ermdigital.com\/index.php?rest_route=%2Fwp%2Fv2%2Fcategories&post=14207"},{"taxonomy":"post_tag","embeddable":true,"href":"https:\/\/ermdigital.com\/index.php?rest_route=%2Fwp%2Fv2%2Ftags&post=14207"}],"curies":[{"name":"wp","href":"https:\/\/api.w.org\/{rel}","templated":true}]}}