{"id":14107,"date":"2026-04-06T19:59:00","date_gmt":"2026-04-06T23:59:00","guid":{"rendered":"https:\/\/ermdigital.com\/index.php\/2026\/04\/06\/los-muchachos-de-la-democracia-la-nueva-obra-de-soto-jimenez\/"},"modified":"2026-04-06T19:59:00","modified_gmt":"2026-04-06T23:59:00","slug":"los-muchachos-de-la-democracia-la-nueva-obra-de-soto-jimenez","status":"publish","type":"post","link":"https:\/\/ermdigital.com\/?p=14107","title":{"rendered":"\"Los muchachos de la democracia\u201d, la nueva obra de Soto Jim\u00e9nez"},"content":{"rendered":"<p>El <strong>general retirado<\/strong> <strong>Jos\u00e9 Miguel Soto Jim\u00e9nez<\/strong> puso a circular su <strong>nueva obra<\/strong> \u201c<strong>Los muchachos de la democracia<\/strong>\u201d en un lanzamiento a casa llena que tuvo lugar en las instalaciones de la <strong>Universidad del Caribe<\/strong> y cont\u00f3 con la presencia de los expresidentes de la Rep\u00fablica Dominicana, <strong>Leonel Fern\u00e1ndez<\/strong> e <strong>Hip\u00f3lito Mej\u00eda<\/strong>.<\/p>\n<p><strong>Soto Jim\u00e9nez<\/strong>, quien fungi\u00f3 como <strong>secretario general<\/strong> de las <strong>Fuerzas Armadas<\/strong> en el periodo 2000-2004, hizo un recuento de los hechos que dieron lugar a la conformaci\u00f3n del grupo de oficiales llamados \u201c<strong>Los muchachos de la democracia<\/strong>\u201d, debido a su juventud, cuya fecha exacta fue el <strong>16 de mayo de 1990<\/strong>. <\/p>\n<p>\u201cPara esa \u00e9poca, yo estaba <strong>completamente inmerso<\/strong> en asuntos puramente militares, tanto en el comando de mi unidad, el <strong>Sexto Batall\u00f3n de Cazadores<\/strong>, como en la docencia peri\u00f3dica en el curso de Comando y Estado Mayor\u201d, narr\u00f3 el general durante su discurso al que acudieron amigos militares y figuras pol\u00edticas de los principales partidos, entre ellos, el exvicepresidente de la Rep\u00fablica, <strong>Rafael Alburquerque<\/strong>.<\/p>\n<div class=\"w-full pt-2 float-left inside-related\">    <span class=\"border-b border-black pb-3 mb-4 block\"><strong>RELACIONADAS<\/strong><\/span>                <\/p>\n<article class=\"flex flex-wrap border-b pb-4 mb-3 inline-block\">\n<div class=\"xl:w-2\/12 w-4\/12\">\n<figure class=\"mb-0\">                                                    <a href=\"https:\/\/www.diariolibre.com\/revista\/sociales\/2025\/03\/11\/presentan-nueva-obra-de-jose-miguel-soto-jimenez\/3029706?utm_source=relacionadas&amp;utm_medium=nota&amp;utm_campaign=relacionadas\" title=\"                                                                                                                            \">                                                                <img decoding=\"async\" loading=\"lazy\" src=\"https:\/\/resources.diariolibre.com\/images\/2025\/03\/11\/dsc0727-ojo-principal-sifrido-pared-leonel-fernandez-reyna-jose-miguel-soto-jimenez-matos-de-la-cruz-y-ramon-colombo-a3079905-focus-min0.04-0.48-149-99.jpg\" width=\"149\" height=\"99\" title=\"\u201cCuentos de Guardia: Relatos Ver\u00eddicos, nueva obra testimonial de Jos\u00e9 Miguel Soto Jim\u00e9nez\" alt=\"\u201cCuentos de Guardia: Relatos Ver\u00eddicos, nueva obra testimonial de Jos\u00e9 Miguel Soto Jim\u00e9nez\" class=\"object-cover\">                                                            <\/a>                                            <\/figure>\n<\/p><\/div>\n<div class=\"xl:w-10\/12 w-8\/12 pl-3\">\n<div class=\"text-md mb-2 meta\">                        <a href=\"https:\/\/www.diariolibre.com\/revista\/sociales\" title=\"Sociales\">Sociales<\/a>                    <\/div>\n<h2><a href=\"https:\/\/www.diariolibre.com\/revista\/sociales\/2025\/03\/11\/presentan-nueva-obra-de-jose-miguel-soto-jimenez\/3029706?utm_source=relacionadas&amp;utm_medium=nota&amp;utm_campaign=relacionadas\" title=\"\u201cCuentos de Guardia: Relatos Ver\u00eddicos, nueva obra testimonial de Jos\u00e9 Miguel Soto Jim\u00e9nez\">\u201cCuentos de Guardia: Relatos Ver\u00eddicos\", nueva obra testimonial de Jos\u00e9 Miguel Soto Jim\u00e9nez<\/a><\/h2>\n<\/p><\/div>\n<\/article><\/div>\n<p>El libro, contado por su protagonista, se enfoca en la <strong>crisis electoral<\/strong> del llamado \u201c<strong>fraude colosal<\/strong>\u201d que sacudi\u00f3 al pa\u00eds y que vivieron tres l\u00edderes hist\u00f3ricos: Joaqu\u00edn\u00a0<strong>Balaguer<\/strong> (PRSC), Juan Bosch (PLD), y Jos\u00e9 Francisco Pe\u00f1a G\u00f3mez (PRD).<\/p>\n<figure class=\"inline-block\">\n<div class=\"expand-img-placeholder\"><img loading=\"lazy\" decoding=\"async\" src=\"https:\/\/resources.diariolibre.com\/images\/expand.svg\" alt=\"Expandir imagen\" width=\"20\" height=\"20\"><span class=\"rutaimagenoriginal-placeholder\">https:\/\/resources.diariolibre.com\/images\/2026\/04\/07\/leonel-e-hipolitojpg-iwhatsapp-image-2026-04-06-at-94752-pm-8b8f6b01.jpeg<\/span><\/div>\n<p><img decoding=\"async\" loading=\"lazy\" src=\"https:\/\/resources.diariolibre.com\/images\/2026\/04\/07\/leonel-e-hipolitojpg-iwhatsapp-image-2026-04-06-at-94752-pm-8b8f6b01.jpeg\" width=\"auto\" height=\"350\" alt=\"Infograf\u00eda\" class=\"mx-auto\"><figcaption><span>Los expresidentes Leonel Fern\u00e1ndez e Hip\u00f3lito Mej\u00eda dieron unas palabras en el lanzamiento.<\/span><span> (<strong>DIARIO LIBRE\/ SAMIL MATEO<\/strong>)<\/span><\/figcaption><\/figure>\n<ul>\n<li class=\"uxboldswrong\">La actividad cont\u00f3 con la presentaci\u00f3n formal de la obra a cargo del reconocido historiador Roberto Cass\u00e1.<\/li>\n<\/ul>\n<p>El texto recoge los acontecimientos vinculados a las <strong>crisis electorales<\/strong> de 1990,1994 y 1996, as\u00ed como el papel desempe\u00f1ado por un grupo de oficiales entre los que se destacan Manuel Ernesto Polanco Salvador, Gonz\u00e1lez Ram\u00edrez, Zorrilla Ozuna, Uribe Peguero y otros coroneles que, en palabras del autor, estaban comprometidos con la <strong>defensa de la institucionalidad<\/strong> democr\u00e1tica, \u201casumiendo decisiones firmes orientadas a preservar la estabilidad institucional del pa\u00eds\u201d.\u00a0<\/p>\n<figure class=\"inline-block\">\n<div class=\"expand-img-placeholder\"><img loading=\"lazy\" decoding=\"async\" src=\"https:\/\/resources.diariolibre.com\/images\/expand.svg\" alt=\"Expandir imagen\" width=\"20\" height=\"20\"><span class=\"rutaimagenoriginal-placeholder\">https:\/\/resources.diariolibre.com\/images\/2026\/04\/07\/31fa77b1-7807-40c8-8c43-f283d94674c7-074b4fa1.jpg<\/span><\/div>\n<p><img decoding=\"async\" loading=\"lazy\" src=\"https:\/\/resources.diariolibre.com\/images\/2026\/04\/07\/31fa77b1-7807-40c8-8c43-f283d94674c7-074b4fa1.jpg\" width=\"auto\" height=\"350\" alt=\"Infograf\u00eda\" class=\"mx-auto\"><figcaption><span>Portada del libro de Soto Jim\u00e9nez.<\/span><span> (<strong>SAMIL MATEO<\/strong>)<\/span><\/figcaption><\/figure>\n<p>Posterior a sus palabras, <strong>Hip\u00f3lito Mej\u00eda<\/strong> habl\u00f3 del libro y reafirm\u00f3 todo lo que all\u00ed se cuenta, expresando, con un poco de su humor, que lo <strong>ley\u00f3 tres veces<\/strong>, y destac\u00f3 el <strong>trabajo de los militares<\/strong>.<\/p>\n<ul>\n<li> M\u00e1s adelante, <strong>Leonel Fern\u00e1ndez<\/strong> hizo un an\u00e1lisis de la <strong>historia dominicana<\/strong> de los \u00faltimos 60 a\u00f1os subrayando la <strong>fortaleza de la democracia<\/strong>.<\/li>\n<\/ul>\n<p>\"A partir de <strong>1978<\/strong>, con la llegada de un nuevo escenario pol\u00edtico, ese debate comenz\u00f3 a transformarse. La democracia se consolid\u00f3 como sistema, y entonces el enfoque empez\u00f3 a desplazarse hacia temas econ\u00f3micos y sociales, que hoy siguen siendo el eje central del <strong>debate nacional<\/strong>\u201d, dijo.<\/p>\n<figure class=\"inline-block\">\n<div class=\"expand-img-placeholder\"><img loading=\"lazy\" decoding=\"async\" src=\"https:\/\/resources.diariolibre.com\/images\/expand.svg\" alt=\"Expandir imagen\" width=\"20\" height=\"20\"><span class=\"rutaimagenoriginal-placeholder\">https:\/\/resources.diariolibre.com\/images\/2026\/04\/07\/e58ce96e-b715-430c-978d-bfaf1f6b2222-08ef54d9.jpg<\/span><\/div>\n<p><img decoding=\"async\" loading=\"lazy\" src=\"https:\/\/resources.diariolibre.com\/images\/2026\/04\/07\/e58ce96e-b715-430c-978d-bfaf1f6b2222-08ef54d9.jpg\" width=\"auto\" height=\"350\" alt=\"Infograf\u00eda\" class=\"mx-auto\"><figcaption><span>El general retirado Jos\u00e9 Miguel Soto Jim\u00e9nez durante sus palabras de apertura.<\/span><span> (<strong>SAMIL MATEO<\/strong>)<\/span><\/figcaption><\/figure>\n<p> Leonel confes\u00f3 que lo <strong>ley\u00f3 una vez<\/strong> y de igual forma ponder\u00f3 la importancia del grupo. \u201cLa historia ha demostrado que esos procesos no son lineales, sino complejos\u201d. Ambos l\u00edderes se saludaron con abrazos al terminar sus intervenciones.<\/p>\n<p>\u200bEl general retirado Jos\u00e9 Miguel Soto Jim\u00e9nez puso a circular su nueva obra \u201cLos muchachos de la democracia\u201d en un lanzamiento a casa llena que tuvo lugar en las instalaciones de la Universidad del Caribe y cont\u00f3 con la presencia de los expresidentes de la Rep\u00fablica Dominicana, Leonel Fern\u00e1ndez e Hip\u00f3lito Mej\u00eda.Soto Jim\u00e9nez, quien fungi\u00f3 como secretario general de las Fuerzas Armadas en el periodo 2000-2004, hizo un recuento de los hechos que dieron lugar a la conformaci\u00f3n del grupo de oficiales llamados \u201cLos muchachos de la democracia\u201d, debido a su juventud, cuya fecha exacta fue el 16 de mayo de 1990. \u201cPara esa \u00e9poca, yo estaba completamente inmerso en asuntos puramente militares, tanto en el comando de mi unidad, el Sexto Batall\u00f3n de Cazadores, como en la docencia peri\u00f3dica en el curso de Comando y Estado Mayor\u201d, narr\u00f3 el general durante su discurso al que acudieron amigos militares y figuras pol\u00edticas de los principales partidos, entre ellos, el exvicepresidente de la Rep\u00fablica, Rafael Alburquerque.    RELACIONADAS                                                                                                                                                                                                                                                                                                                                                            Sociales                                        \u201cCuentos de Guardia: Relatos Ver\u00eddicos\", nueva obra testimonial de Jos\u00e9 Miguel Soto Jim\u00e9nez                                    El libro, contado por su protagonista, se enfoca en la crisis electoral del llamado \u201cfraude colosal\u201d que sacudi\u00f3 al pa\u00eds y que vivieron tres l\u00edderes hist\u00f3ricos: Joaqu\u00edn\u00a0Balaguer (PRSC), Juan Bosch (PLD), y Jos\u00e9 Francisco Pe\u00f1a G\u00f3mez (PRD).https:\/\/resources.diariolibre.com\/images\/2026\/04\/07\/leonel-e-hipolitojpg-iwhatsapp-image-2026-04-06-at-94752-pm-8b8f6b01.jpegLos expresidentes Leonel Fern\u00e1ndez e Hip\u00f3lito Mej\u00eda dieron unas palabras en el lanzamiento. (DIARIO LIBRE\/ SAMIL MATEO)    La actividad cont\u00f3 con la presentaci\u00f3n formal de la obra a cargo del reconocido historiador Roberto Cass\u00e1.El texto recoge los acontecimientos vinculados a las crisis electorales de 1990,1994 y 1996, as\u00ed como el papel desempe\u00f1ado por un grupo de oficiales entre los que se destacan Manuel Ernesto Polanco Salvador, Gonz\u00e1lez Ram\u00edrez, Zorrilla Ozuna, Uribe Peguero y otros coroneles que, en palabras del autor, estaban comprometidos con la defensa de la institucionalidad democr\u00e1tica, \u201casumiendo decisiones firmes orientadas a preservar la estabilidad institucional del pa\u00eds\u201d.\u00a0https:\/\/resources.diariolibre.com\/images\/2026\/04\/07\/31fa77b1-7807-40c8-8c43-f283d94674c7-074b4fa1.jpgPortada del libro de Soto Jim\u00e9nez. (SAMIL MATEO)Posterior a sus palabras, Hip\u00f3lito Mej\u00eda habl\u00f3 del libro y reafirm\u00f3 todo lo que all\u00ed se cuenta, expresando, con un poco de su humor, que lo ley\u00f3 tres veces, y destac\u00f3 el trabajo de los militares.     M\u00e1s adelante, Leonel Fern\u00e1ndez hizo un an\u00e1lisis de la historia dominicana de los \u00faltimos 60 a\u00f1os subrayando la fortaleza de la democracia.\"A partir de 1978, con la llegada de un nuevo escenario pol\u00edtico, ese debate comenz\u00f3 a transformarse. La democracia se consolid\u00f3 como sistema, y entonces el enfoque empez\u00f3 a desplazarse hacia temas econ\u00f3micos y sociales, que hoy siguen siendo el eje central del debate nacional\u201d, dijo.https:\/\/resources.diariolibre.com\/images\/2026\/04\/07\/e58ce96e-b715-430c-978d-bfaf1f6b2222-08ef54d9.jpgEl general retirado Jos\u00e9 Miguel Soto Jim\u00e9nez durante sus palabras de apertura. (SAMIL MATEO) Leonel confes\u00f3 que lo ley\u00f3 una vez y de igual forma ponder\u00f3 la importancia del grupo. \u201cLa historia ha demostrado que esos procesos no son lineales, sino complejos\u201d. Ambos l\u00edderes se saludaron con abrazos al terminar sus intervenciones.\u00a0\u00a0Revista, Cultura, Daniela Pujols, Santo Domingo, Jos\u00e9 Miguel Soto Jim\u00e9nez, Fraude electoral, General retirado, Soto Jim\u00e9nez, Los muchachos de la democracia\u00a0<\/p>\n","protected":false},"excerpt":{"rendered":"<p>El general retirado Jos\u00e9 Miguel Soto Jim\u00e9nez puso a circular su nueva obra \u201cLos muchachos de la democracia\u201d en un lanzamiento a casa llena que tuvo lugar en las instalaciones de la Universidad del Caribe y cont\u00f3 con la presencia de los expresidentes de la Rep\u00fablica Dominicana, Leonel Fern\u00e1ndez e Hip\u00f3lito Mej\u00eda. Soto Jim\u00e9nez, quien [&hellip;]<\/p>\n","protected":false},"author":1,"featured_media":13726,"comment_status":"open","ping_status":"open","sticky":false,"template":"","format":"standard","meta":{"amp_status":"","footnotes":""},"categories":[9],"tags":[],"class_list":["post-14107","post","type-post","status-publish","format-standard","has-post-thumbnail","hentry","category-espectaculo"],"_links":{"self":[{"href":"https:\/\/ermdigital.com\/index.php?rest_route=\/wp\/v2\/posts\/14107","targetHints":{"allow":["GET"]}}],"collection":[{"href":"https:\/\/ermdigital.com\/index.php?rest_route=\/wp\/v2\/posts"}],"about":[{"href":"https:\/\/ermdigital.com\/index.php?rest_route=\/wp\/v2\/types\/post"}],"author":[{"embeddable":true,"href":"https:\/\/ermdigital.com\/index.php?rest_route=\/wp\/v2\/users\/1"}],"replies":[{"embeddable":true,"href":"https:\/\/ermdigital.com\/index.php?rest_route=%2Fwp%2Fv2%2Fcomments&post=14107"}],"version-history":[{"count":0,"href":"https:\/\/ermdigital.com\/index.php?rest_route=\/wp\/v2\/posts\/14107\/revisions"}],"wp:featuredmedia":[{"embeddable":true,"href":"https:\/\/ermdigital.com\/index.php?rest_route=\/wp\/v2\/media\/13726"}],"wp:attachment":[{"href":"https:\/\/ermdigital.com\/index.php?rest_route=%2Fwp%2Fv2%2Fmedia&parent=14107"}],"wp:term":[{"taxonomy":"category","embeddable":true,"href":"https:\/\/ermdigital.com\/index.php?rest_route=%2Fwp%2Fv2%2Fcategories&post=14107"},{"taxonomy":"post_tag","embeddable":true,"href":"https:\/\/ermdigital.com\/index.php?rest_route=%2Fwp%2Fv2%2Ftags&post=14107"}],"curies":[{"name":"wp","href":"https:\/\/api.w.org\/{rel}","templated":true}]}}