{"id":14106,"date":"2026-04-06T20:01:00","date_gmt":"2026-04-07T00:01:00","guid":{"rendered":"https:\/\/ermdigital.com\/index.php\/2026\/04\/06\/angela-carrasco-proyectos-entre-espana-y-republica-dominicana\/"},"modified":"2026-04-06T20:01:00","modified_gmt":"2026-04-07T00:01:00","slug":"angela-carrasco-proyectos-entre-espana-y-republica-dominicana","status":"publish","type":"post","link":"https:\/\/ermdigital.com\/?p=14106","title":{"rendered":"\u00c1ngela Carrasco: proyectos entre Espa\u00f1a y Rep\u00fablica Dominicana"},"content":{"rendered":"<p>La destacada cantante dominicana <strong>\u00c1ngela Carrasco<\/strong>, quien desarroll\u00f3 gran parte de su carrera en <strong>Espa\u00f1a<\/strong> y alcanz\u00f3 proyecci\u00f3n internacional tras su debut en el musical Jesucristo Superstar junto al fenecido cantautor <strong>Camilo Sesto<\/strong>, regresar\u00e1 a la <strong>Rep\u00fablica Dominicana<\/strong> para protagonizar dos <strong>conciertos sinf\u00f3nicos<\/strong> junto al maestro Amaury S\u00e1nchez y la Orquesta Filarm\u00f3nica de <strong>Santo Domingo<\/strong>.\u00a0<\/p>\n<p>Con m\u00e1s de <strong>cinco d\u00e9cadas<\/strong> de trayectoria, la artista mantiene una <strong>agenda activa<\/strong> que incluye su participaci\u00f3n en un programa de nuevos talentos en la <strong>Radio Televisi\u00f3n Espa\u00f1ola<\/strong>.<\/p>\n<figure class=\"my-12 component infografia\">\n<div class=\"expand-img-placeholder\"><img loading=\"lazy\" decoding=\"async\" src=\"https:\/\/resources.diariolibre.com\/images\/expand.svg\" alt=\"Expandir imagen\" width=\"20\" height=\"20\"><span class=\"rutaimagenoriginal-placeholder\">https:\/\/resources.diariolibre.com\/images\/2026\/04\/06\/screen-shot-2026-04-06-at-44048-pm-476b7112.png<\/span><\/div>\n<p><img decoding=\"async\" loading=\"lazy\" src=\"https:\/\/resources.diariolibre.com\/images\/2026\/04\/06\/screen-shot-2026-04-06-at-44048-pm-476b7112.png\" width=\"auto\" height=\"350\" alt=\"Infograf\u00eda\" class=\"mx-auto\"><\/figure>\n<h2>\u2014H\u00e1bleme de la perspectiva de su carrera hoy d\u00eda. He sabido que en su agenda est\u00e1 la <strong>Rep\u00fablica Dominicana<\/strong>&#8230;<\/h2>\n<p>Bueno, uno siempre hace las cosas pensando en alguien. En mi caso, primero fue mi <strong>madre<\/strong>: quer\u00eda que me viera perfecta, que se sintiera <strong>orgullosa<\/strong>. Y hoy ese sentimiento se extiende a mi pa\u00eds; me encantar\u00eda que me vea as\u00ed, perfecta, que se sienta orgulloso de lo que hago y de c\u00f3mo lo hago.<\/p>\n<p>Para m\u00ed ha sido un verdadero placer dedicarme a lo que siempre he querido, sobre todo viniendo de una familia tan ligada a la m\u00fasica: mi <strong>padre guitarrista<\/strong> y mi <strong>madre<\/strong> cantante, a quien siempre quise parecerme. <\/p>\n<p>Al final, uno trabaja por los suyos -mis hijos, mi marido-, pero tambi\u00e9n por su pa\u00eds. Y me hace muy feliz sentir que la <strong>gente valora<\/strong> y disfruta mi trabajo.<\/p>\n<h2>\u2014Este a\u00f1o su carrera parece ir a un ritmo un poco m\u00e1s pausado, \u00bfc\u00f3mo se proyecta en lo que queda del a\u00f1o?<\/h2>\n<p>La verdad es que he tenido la gran suerte de continuar en mi carrera. Como sabes, ha habido muchos paros, pero no para m\u00ed sola, sino para muchos artistas por todas las cosas que han pasado. Aunque yo te puedo decir que he estado en <strong>teatros en Colombia<\/strong>: Cali, Medell\u00edn, Bogot\u00e1.<\/p>\n<p>Pero junio va a ser muy especial porque voy a estar en un <strong>programa de duetos<\/strong> para la <strong>Televisi\u00f3n Espa\u00f1ola<\/strong>. Es un concurso muy interesante y ser\u00e9 una de las personas que va a estar en \u00e9l, viendo las canciones, programando todo esto.<\/p>\n<article class=\"border-t border-b py-5 mb-5 component nota-incrustada\">    <span class=\"block mb-2\"><strong>Te puede interesar<\/strong><\/span>                <\/p>\n<h2><a href=\"https:\/\/www.diariolibre.com\/revista\/cultura\/2026\/04\/06\/todo-tchaikovsky-concierto-de-la-filarmonica-de-santo-domingo\/3492028?utm_source=relacionadas&amp;utm_medium=nota&amp;utm_campaign=relacionadas\" title=\"Amaury S\u00e1nchez: \u201cSer\u00e1 una noche inolvidable con lo mejor de Tchaikovsky\u201d\">Amaury S\u00e1nchez: \u201cSer\u00e1 una noche inolvidable con lo mejor de Tchaikovsky\u201d<\/a><\/h2>\n<\/article>\n<h2>\u2014\u00bfY qu\u00e9 representa para ti estar en ese <strong>proyecto<\/strong>?<\/h2>\n<p>Cuando alguien te elige para algo as\u00ed, para m\u00ed es un verdadero <strong>privilegio<\/strong>. Me hace muy feliz que me llamen y me digan: \u201c\u00c1ngela, tenemos este <strong>proyecto<\/strong> y creemos que eres la <strong>persona indicada<\/strong>\u201d, porque no es algo que cualquiera pueda hacer.<\/p>\n<p>Primero, hay que tener una <strong>profesi\u00f3n s\u00f3lida<\/strong> y, adem\u00e1s, conectar con la gente.<\/p>\n<h2>\u2014Su trayectoria habla&#8230;<\/h2>\n<p>Claro, estoy muy contenta porque me encanta dar <strong>clases de canto<\/strong>. Me gusta decirles a los <strong>artistas nuevos<\/strong> que no se trata de hacer lo mismo que otros, sino de acercarse a lo que les inspira. No es imitar, es tomar esa referencia y transformarla en algo propio y valioso.<\/p>\n<h2>\u2014\u00bfEs dif\u00edcil ahora mismo?<\/h2>\n<p>Ahora mismo la televisi\u00f3n est\u00e1 llena de gente que <strong>canta, baila<\/strong>, brinca. Mientras m\u00e1s cosas haces es mejor, pero c\u00f3mo lo haces es lo m\u00e1s importante. Y ah\u00ed es donde yo trabajo con mis alumnos. <\/p>\n<p>No tienes que ser Thal\u00eda, ni <strong>\u00c1ngela Carrasco<\/strong>, ni nada. Haz algo lo cual te acerque a eso, pero que te haga mejor o te permita ser mejor que lo\u00a0 imitado.<\/p>\n<h2>\u2014\u00bfViene alg\u00fan otro <strong>proyecto<\/strong> en junio?<\/h2>\n<p>S\u00ed, ante todo quiero abrir mi propia escuela. Me gustar\u00eda que estuviera en <strong>Espa\u00f1a<\/strong>, pero donde realmente quiero dar el palo, como dicen, es en la <strong>Rep\u00fablica Dominicana<\/strong>. Me har\u00eda much\u00edsima ilusi\u00f3n.<\/p>\n<p>Aqu\u00ed hay un talento que no se puede dejar pasar. La gente, con solo sonre\u00edr, ya transmite algo especial: el ritmo, el baile, su forma de ser. Por eso me encantar\u00eda que la oportunidad que yo tuve -de salir <strong>de mi pa\u00eds hacia<\/strong> <strong>Espa\u00f1a<\/strong>&#8211; tambi\u00e9n la puedan tener otros.<\/p>\n<p>Eso aporta much\u00edsimo, primero al pa\u00eds, y luego permite que ese <strong>talento sea reconocido<\/strong> como se merece.<\/p>\n<h2>\u2014\u00bfSer\u00e1 en <strong>Santo Domingo<\/strong>?<\/h2>\n<p>S\u00ed, s\u00ed. Pienso que la escuela deber\u00eda estar en <strong>Santo Domingo<\/strong>, pero no es mala la idea de que <strong>Santiago de los Caballeros<\/strong>, que es una gran ciudad y con un <strong>talento maravilloso<\/strong>, tambi\u00e9n pueda acoger que uno o dos d\u00edas podamos ir all\u00ed tambi\u00e9n.<\/p>\n<p>Hay mucha gente que quiere <strong>cantar, bailar<\/strong>. Entonces es bueno tambi\u00e9n que eso suceda.<\/p>\n<figure class=\"my-12 component infografia\">\n<div class=\"expand-img-placeholder\"><img loading=\"lazy\" decoding=\"async\" src=\"https:\/\/resources.diariolibre.com\/images\/expand.svg\" alt=\"Expandir imagen\" width=\"20\" height=\"20\"><span class=\"rutaimagenoriginal-placeholder\">https:\/\/resources.diariolibre.com\/images\/2026\/04\/06\/screen-shot-2026-04-06-at-44124-pm-197ad1be.png<\/span><\/div>\n<p><img decoding=\"async\" loading=\"lazy\" src=\"https:\/\/resources.diariolibre.com\/images\/2026\/04\/06\/screen-shot-2026-04-06-at-44124-pm-197ad1be.png\" width=\"auto\" height=\"350\" alt=\"Infograf\u00eda\" class=\"mx-auto\"><\/figure>\n<p><!-- ctrlPlaceHolderQuote Inicio --><\/p>\n<div class=\"mb-5 component cita\">    <i>\"Aqu\u00ed hay un talento que no se puede dejar pasar. La gente, con solo sonre\u00edr, ya transmite algo especial: el ritmo, el baile, su forma de ser\"<\/i>        <span class=\"author\"><strong>\u00c1ngela Carrasco<\/strong><\/span>        <span class=\"status\">Artista dominicana<\/span>        <span class=\"cita-icon\">\u201c<\/span><\/div>\n<p><!-- ctrlPlaceHolderQuote Final --><\/p>\n<h2>\u2014\u00bfInternacionalmente, c\u00f3mo sigue su trabajo este a\u00f1o?<\/h2>\n<p>En julio voy a estar en teatros de Estados Unidos: Miami, Orlando y Nueva York. Luego vuelvo a mi pa\u00eds para hacer dos presentaciones en formato sinf\u00f3nico, la primera ser\u00e1 el 25 de julio en el <strong>Teatro Nacional<\/strong> junto al <strong>maestro S\u00e1nchez<\/strong> y la Filarm\u00f3nica de <strong>Santo Domingo<\/strong>.\u00a0<\/p>\n<p>Va a ser un <strong>concierto muy especial<\/strong> porque estamos haciendo una selecci\u00f3n de los \u00e9xitos musicales que el p\u00fablico hizo suyos. <\/p>\n<p>Y despu\u00e9s llegaremos al <strong>Gran Teatro del Cibao<\/strong>, el 1 de agosto, con ese mismo <strong>concierto sinf\u00f3nico<\/strong>. A <strong>Santiago<\/strong> le debo mi coraz\u00f3n porque yo estuve con mi pap\u00e1 ah\u00ed cuando \u00e9l daba clases de guitarra y yo tambi\u00e9n estudiaba.<\/p>\n<h2>\u2014\u00bfHa pasado por su cabeza la posibilidad de grabarlo?<\/h2>\n<p>S\u00ed, claro. No podemos dejar pasar esto, porque muchas veces haces cosas importantes y luego no quedan registradas. Esta vez s\u00ed <strong>queremos grabarlo<\/strong>, enviarlo a otros pa\u00edses y que permanezca.<\/p>\n<p>Es algo muy valioso. He estado en <strong>teatros en Colombia<\/strong>, luego en <strong>Espa\u00f1a<\/strong> con el programa, tambi\u00e9n en EE. UU. \u2026 y quiero que todo eso forme parte de un gran <strong>recorrido<\/strong>.<\/p>\n<p>Porque, sinceramente, he vivido <strong>momentos incre\u00edbles<\/strong> -con <strong>Celia Cruz<\/strong>, con <strong>Camilo Sesto<\/strong> y con tantos artistas- y no los tengo documentados, solo peque\u00f1os recuerdos. Por eso, esta vez no quiero que se pierda.<\/p>\n<h2>\u2014\u00bfQu\u00e9 ha representado <strong>Espa\u00f1a<\/strong> en su vida?<\/h2>\n<p>Bueno, t\u00fa sabes que hay sue\u00f1os que se cumplen, pero yo nunca imagin\u00e9 que el de <strong>Espa\u00f1a<\/strong> se har\u00eda realidad. No todos los artistas latinos tenemos la oportunidad de conectar as\u00ed en un pa\u00eds como <strong>Espa\u00f1a<\/strong>, y para m\u00ed eso fue algo especial.<\/p>\n<p>Me siento <strong>orgullosa<\/strong> de la <strong>huella<\/strong> que dej\u00e9 y de mi <strong>manera de actuar<\/strong>. Ay, Dios m\u00edo\u2026 se me ponen los pelitos de punta al recordarlo.<\/p>\n<div class=\"read-more mb-7\">    <span class=\"block mb-2\">Leer m\u00e1s<\/span>    <\/p>\n<ul class=\"glosa\">\n<li>\n<h3><a href=\"https:\/\/www.diariolibre.com\/revista\/musica\/2024\/05\/02\/concierto-en-nueva-york-angela-carrasco-y-fausto-rey-juntos\/2708286?utm_source=relacionadas&amp;utm_medium=nota&amp;utm_campaign=relacionadas\" title=\"Melod\u00edas inolvidables: \u00c1ngela Carrasco y Fausto Rey unen sus voces en Nueva York\">Melod\u00edas inolvidables: \u00c1ngela Carrasco y Fausto Rey unen sus voces en Nueva York<\/a><\/h3>\n<\/li>\n<li>\n<h3><a href=\"https:\/\/www.diariolibre.com\/revista\/farandula\/2024\/03\/12\/angela-carrasco-honrada-en-premios-soberano-2024\/2641275?utm_source=relacionadas&amp;utm_medium=nota&amp;utm_campaign=relacionadas\" title=\"Rinden homenaje a \u00c1ngela Carrasco en Premios Soberano\">Rinden homenaje a \u00c1ngela Carrasco en Premios Soberano<\/a><\/h3>\n<\/li>\n<li>\n<h3><a href=\"https:\/\/www.diariolibre.com\/revista\/musica\/2023\/09\/02\/angela-carrasco-presenta-su-nuevo-album\/2449602?utm_source=relacionadas&amp;utm_medium=nota&amp;utm_campaign=relacionadas\" title=\"\u00c1ngela Carrasco lanza su nuevo \u00e1lbum \u00c9l y Yo y anuncia gira internacional\">\u00c1ngela Carrasco lanza su nuevo \u00e1lbum \"\u00c9l y Yo\" y anuncia gira internacional<\/a><\/h3>\n<\/li>\n<\/ul>\n<\/div>\n<p><\/p>\n<p>\u200bLa destacada cantante dominicana \u00c1ngela Carrasco, quien desarroll\u00f3 gran parte de su carrera en Espa\u00f1a y alcanz\u00f3 proyecci\u00f3n internacional tras su debut en el musical Jesucristo Superstar junto al fenecido cantautor Camilo Sesto, regresar\u00e1 a la Rep\u00fablica Dominicana para protagonizar dos conciertos sinf\u00f3nicos junto al maestro Amaury S\u00e1nchez y la Orquesta Filarm\u00f3nica de Santo Domingo.\u00a0Con m\u00e1s de cinco d\u00e9cadas de trayectoria, la artista mantiene una agenda activa que incluye su participaci\u00f3n en un programa de nuevos talentos en la Radio Televisi\u00f3n Espa\u00f1ola.https:\/\/resources.diariolibre.com\/images\/2026\/04\/06\/screen-shot-2026-04-06-at-44048-pm-476b7112.png\u2014H\u00e1bleme de la perspectiva de su carrera hoy d\u00eda. He sabido que en su agenda est\u00e1 la Rep\u00fablica Dominicana&#8230;Bueno, uno siempre hace las cosas pensando en alguien. En mi caso, primero fue mi madre: quer\u00eda que me viera perfecta, que se sintiera orgullosa. Y hoy ese sentimiento se extiende a mi pa\u00eds; me encantar\u00eda que me vea as\u00ed, perfecta, que se sienta orgulloso de lo que hago y de c\u00f3mo lo hago.Para m\u00ed ha sido un verdadero placer dedicarme a lo que siempre he querido, sobre todo viniendo de una familia tan ligada a la m\u00fasica: mi padre guitarrista y mi madre cantante, a quien siempre quise parecerme. Al final, uno trabaja por los suyos -mis hijos, mi marido-, pero tambi\u00e9n por su pa\u00eds. Y me hace muy feliz sentir que la gente valora y disfruta mi trabajo.\u2014Este a\u00f1o su carrera parece ir a un ritmo un poco m\u00e1s pausado, \u00bfc\u00f3mo se proyecta en lo que queda del a\u00f1o?La verdad es que he tenido la gran suerte de continuar en mi carrera. Como sabes, ha habido muchos paros, pero no para m\u00ed sola, sino para muchos artistas por todas las cosas que han pasado. Aunque yo te puedo decir que he estado en teatros en Colombia: Cali, Medell\u00edn, Bogot\u00e1.Pero junio va a ser muy especial porque voy a estar en un programa de duetos para la Televisi\u00f3n Espa\u00f1ola. Es un concurso muy interesante y ser\u00e9 una de las personas que va a estar en \u00e9l, viendo las canciones, programando todo esto.    Te puede interesar                Amaury S\u00e1nchez: \u201cSer\u00e1 una noche inolvidable con lo mejor de Tchaikovsky\u201d            \u2014\u00bfY qu\u00e9 representa para ti estar en ese proyecto?Cuando alguien te elige para algo as\u00ed, para m\u00ed es un verdadero privilegio. Me hace muy feliz que me llamen y me digan: \u201c\u00c1ngela, tenemos este proyecto y creemos que eres la persona indicada\u201d, porque no es algo que cualquiera pueda hacer.Primero, hay que tener una profesi\u00f3n s\u00f3lida y, adem\u00e1s, conectar con la gente.\u2014Su trayectoria habla&#8230;Claro, estoy muy contenta porque me encanta dar clases de canto. Me gusta decirles a los artistas nuevos que no se trata de hacer lo mismo que otros, sino de acercarse a lo que les inspira. No es imitar, es tomar esa referencia y transformarla en algo propio y valioso.\u2014\u00bfEs dif\u00edcil ahora mismo?Ahora mismo la televisi\u00f3n est\u00e1 llena de gente que canta, baila, brinca. Mientras m\u00e1s cosas haces es mejor, pero c\u00f3mo lo haces es lo m\u00e1s importante. Y ah\u00ed es donde yo trabajo con mis alumnos. No tienes que ser Thal\u00eda, ni \u00c1ngela Carrasco, ni nada. Haz algo lo cual te acerque a eso, pero que te haga mejor o te permita ser mejor que lo\u00a0 imitado.\u2014\u00bfViene alg\u00fan otro proyecto en junio?S\u00ed, ante todo quiero abrir mi propia escuela. Me gustar\u00eda que estuviera en Espa\u00f1a, pero donde realmente quiero dar el palo, como dicen, es en la Rep\u00fablica Dominicana. Me har\u00eda much\u00edsima ilusi\u00f3n.Aqu\u00ed hay un talento que no se puede dejar pasar. La gente, con solo sonre\u00edr, ya transmite algo especial: el ritmo, el baile, su forma de ser. Por eso me encantar\u00eda que la oportunidad que yo tuve -de salir de mi pa\u00eds hacia Espa\u00f1a- tambi\u00e9n la puedan tener otros.Eso aporta much\u00edsimo, primero al pa\u00eds, y luego permite que ese talento sea reconocido como se merece.\u2014\u00bfSer\u00e1 en Santo Domingo?S\u00ed, s\u00ed. Pienso que la escuela deber\u00eda estar en Santo Domingo, pero no es mala la idea de que Santiago de los Caballeros, que es una gran ciudad y con un talento maravilloso, tambi\u00e9n pueda acoger que uno o dos d\u00edas podamos ir all\u00ed tambi\u00e9n.Hay mucha gente que quiere cantar, bailar. Entonces es bueno tambi\u00e9n que eso suceda.https:\/\/resources.diariolibre.com\/images\/2026\/04\/06\/screen-shot-2026-04-06-at-44124-pm-197ad1be.png    \"Aqu\u00ed hay un talento que no se puede dejar pasar. La gente, con solo sonre\u00edr, ya transmite algo especial: el ritmo, el baile, su forma de ser\"        \u00c1ngela Carrasco        Artista dominicana        \u201c\u2014\u00bfInternacionalmente, c\u00f3mo sigue su trabajo este a\u00f1o?En julio voy a estar en teatros de Estados Unidos: Miami, Orlando y Nueva York. Luego vuelvo a mi pa\u00eds para hacer dos presentaciones en formato sinf\u00f3nico, la primera ser\u00e1 el 25 de julio en el Teatro Nacional junto al maestro S\u00e1nchez y la Filarm\u00f3nica de Santo Domingo.\u00a0Va a ser un concierto muy especial porque estamos haciendo una selecci\u00f3n de los \u00e9xitos musicales que el p\u00fablico hizo suyos. Y despu\u00e9s llegaremos al Gran Teatro del Cibao, el 1 de agosto, con ese mismo concierto sinf\u00f3nico. A Santiago le debo mi coraz\u00f3n porque yo estuve con mi pap\u00e1 ah\u00ed cuando \u00e9l daba clases de guitarra y yo tambi\u00e9n estudiaba.\u2014\u00bfHa pasado por su cabeza la posibilidad de grabarlo?S\u00ed, claro. No podemos dejar pasar esto, porque muchas veces haces cosas importantes y luego no quedan registradas. Esta vez s\u00ed queremos grabarlo, enviarlo a otros pa\u00edses y que permanezca.Es algo muy valioso. He estado en teatros en Colombia, luego en Espa\u00f1a con el programa, tambi\u00e9n en EE. UU. \u2026 y quiero que todo eso forme parte de un gran recorrido.Porque, sinceramente, he vivido momentos incre\u00edbles -con Celia Cruz, con Camilo Sesto y con tantos artistas- y no los tengo documentados, solo peque\u00f1os recuerdos. Por eso, esta vez no quiero que se pierda.\u2014\u00bfQu\u00e9 ha representado Espa\u00f1a en su vida?Bueno, t\u00fa sabes que hay sue\u00f1os que se cumplen, pero yo nunca imagin\u00e9 que el de Espa\u00f1a se har\u00eda realidad. No todos los artistas latinos tenemos la oportunidad de conectar as\u00ed en un pa\u00eds como Espa\u00f1a, y para m\u00ed eso fue algo especial.Me siento orgullosa de la huella que dej\u00e9 y de mi manera de actuar. Ay, Dios m\u00edo\u2026 se me ponen los pelitos de punta al recordarlo.    Leer m\u00e1s                            Melod\u00edas inolvidables: \u00c1ngela Carrasco y Fausto Rey unen sus voces en Nueva York                            Rinden homenaje a \u00c1ngela Carrasco en Premios Soberano                            \u00c1ngela Carrasco lanza su nuevo \u00e1lbum \"\u00c9l y Yo\" y anuncia gira internacional\u00a0\u00a0Revista, Cultura, Severo Rivera, Santo Domingo, \u00c1ngela Carrasco, nuevos proyectos\u00a0<\/p>\n","protected":false},"excerpt":{"rendered":"<p>La destacada cantante dominicana \u00c1ngela Carrasco, quien desarroll\u00f3 gran parte de su carrera en Espa\u00f1a y alcanz\u00f3 proyecci\u00f3n internacional tras su debut en el musical Jesucristo Superstar junto al fenecido cantautor Camilo Sesto, regresar\u00e1 a la Rep\u00fablica Dominicana para protagonizar dos conciertos sinf\u00f3nicos junto al maestro Amaury S\u00e1nchez y la Orquesta Filarm\u00f3nica de Santo Domingo.\u00a0 [&hellip;]<\/p>\n","protected":false},"author":1,"featured_media":13703,"comment_status":"open","ping_status":"open","sticky":false,"template":"","format":"standard","meta":{"amp_status":"","footnotes":""},"categories":[9],"tags":[],"class_list":["post-14106","post","type-post","status-publish","format-standard","has-post-thumbnail","hentry","category-espectaculo"],"_links":{"self":[{"href":"https:\/\/ermdigital.com\/index.php?rest_route=\/wp\/v2\/posts\/14106","targetHints":{"allow":["GET"]}}],"collection":[{"href":"https:\/\/ermdigital.com\/index.php?rest_route=\/wp\/v2\/posts"}],"about":[{"href":"https:\/\/ermdigital.com\/index.php?rest_route=\/wp\/v2\/types\/post"}],"author":[{"embeddable":true,"href":"https:\/\/ermdigital.com\/index.php?rest_route=\/wp\/v2\/users\/1"}],"replies":[{"embeddable":true,"href":"https:\/\/ermdigital.com\/index.php?rest_route=%2Fwp%2Fv2%2Fcomments&post=14106"}],"version-history":[{"count":0,"href":"https:\/\/ermdigital.com\/index.php?rest_route=\/wp\/v2\/posts\/14106\/revisions"}],"wp:featuredmedia":[{"embeddable":true,"href":"https:\/\/ermdigital.com\/index.php?rest_route=\/wp\/v2\/media\/13703"}],"wp:attachment":[{"href":"https:\/\/ermdigital.com\/index.php?rest_route=%2Fwp%2Fv2%2Fmedia&parent=14106"}],"wp:term":[{"taxonomy":"category","embeddable":true,"href":"https:\/\/ermdigital.com\/index.php?rest_route=%2Fwp%2Fv2%2Fcategories&post=14106"},{"taxonomy":"post_tag","embeddable":true,"href":"https:\/\/ermdigital.com\/index.php?rest_route=%2Fwp%2Fv2%2Ftags&post=14106"}],"curies":[{"name":"wp","href":"https:\/\/api.w.org\/{rel}","templated":true}]}}