{"id":13982,"date":"2026-04-06T11:21:00","date_gmt":"2026-04-06T15:21:00","guid":{"rendered":"https:\/\/ermdigital.com\/index.php\/2026\/04\/06\/estudiantes-mercy-jacquez-realizara-desfile-cielito-lindo\/"},"modified":"2026-04-06T11:21:00","modified_gmt":"2026-04-06T15:21:00","slug":"estudiantes-mercy-jacquez-realizara-desfile-cielito-lindo","status":"publish","type":"post","link":"https:\/\/ermdigital.com\/?p=13982","title":{"rendered":"Estudiantes Mercy J\u00e1cquez realizar\u00e1 desfile \"Cielito Lindo\""},"content":{"rendered":"<p>El Instituto T\u00e9cnico Superior <strong>Mercy J\u00e1cquez<\/strong> (<strong>ITESUMJ<\/strong>) <strong>invita<\/strong> al p\u00fablico general a disfrutar del <strong>desfile de modas<\/strong> \u201c<strong>Cielito Lindo<\/strong>\u201d, una propuesta desarrollada por estudiantes de distintos niveles de las asignaturas de \u201cDraping I\u201d y \u201cPatronaje\u201d.<\/p>\n<p>El evento se realizar\u00e1 el pr\u00f3ximo martes 7 de abril, a las 7:30 de la noche, en el Bar de <strong>Casa de Teatro<\/strong>, ubicado en la <strong>Ciudad Colonial.<\/strong><\/p>\n<p>Inspirado en el <strong>color Pantone<\/strong> \u201c<strong>Cielito Lindo<\/strong>\u201d (297-01), el desfile explora una est\u00e9tica que evoca suavidad, romanticismo y creatividad, elementos que ser\u00e1n interpretados a trav\u00e9s de <strong>dise\u00f1os originales<\/strong> confeccionados por los estudiantes, quienes pondr\u00e1n en pr\u00e1ctica sus competencias t\u00e9cnicas y su visi\u00f3n art\u00edstica en la construcci\u00f3n de cada pieza.<\/p>\n<figure class=\"my-12 component infografia\">\n<div class=\"expand-img-placeholder\"><img loading=\"lazy\" decoding=\"async\" src=\"https:\/\/resources.diariolibre.com\/images\/expand.svg\" alt=\"Expandir imagen\" width=\"20\" height=\"20\"><span class=\"rutaimagenoriginal-placeholder\">https:\/\/resources.diariolibre.com\/images\/2026\/04\/06\/mercy-3-c429aa47.jpeg<\/span><\/div>\n<p><img decoding=\"async\" loading=\"lazy\" src=\"https:\/\/resources.diariolibre.com\/images\/2026\/04\/06\/mercy-3-c429aa47.jpeg\" width=\"auto\" height=\"350\" alt=\"Infograf\u00eda\" class=\"mx-auto\"><\/figure>\n<p>Esta actividad acad\u00e9mica y cultural busca fortalecer la <strong>formaci\u00f3n integral<\/strong> de los futuros profesionales del dise\u00f1o de modas, al tiempo que ofrece una plataforma para exhibir el <strong>talento emergente<\/strong> del <strong>ITESUMJ<\/strong> en un espacio emblem\u00e1tico de la escena art\u00edstica dominicana.<\/p>\n<p>Entre los estudiantes participantes se encuentran <strong>Dayandri Estrella<\/strong>, <strong>Jenny Medina<\/strong>, <strong>V\u00edctor Pe\u00f1a<\/strong>, Alison Segura, Sara Isabel Barrios, Lisandy Matos, Eyron N\u00fa\u00f1ez, Luz \u201cGeorgie\u201d Matos, Chanelix Rodr\u00edguez, Libanesa Dur\u00e1n, Yeilin Reyes, Jhonasky Berihuete y Reynaldo Gonz\u00e1lez, entre otros.<\/p>\n<h2>M\u00e1s<\/h2>\n<ul>\n<li>El evento est\u00e1 dirigido a todo p\u00fablico interesado en el arte, el dise\u00f1o y la <strong>moda<\/strong>, y promete ser una <strong>experiencia est\u00e9tica<\/strong> \u00fanica donde la creatividad y la innovaci\u00f3n ser\u00e1n protagonistas.<\/li>\n<li>Para m\u00e1s informaci\u00f3n, pueden <strong>contactar<\/strong> al Instituto T\u00e9cnico Superior <strong>Mercy J\u00e1cquez<\/strong> (<strong>ITESUMJ<\/strong>) a trav\u00e9s del tel\u00e9fono (809) 688-0389 o su n\u00famero de WhatsApp (829) 763-7996.<\/li>\n<\/ul>\n<article class=\"border-t border-b py-5 mb-5 component nota-incrustada\">    <span class=\"block mb-2\"><strong>Te puede interesar<\/strong><\/span>                <\/p>\n<h2><a href=\"https:\/\/www.diariolibre.com\/revista\/moda\/2025\/05\/15\/instituto-tecnico-superior-mercy-jacquez-presenta-coleccion\/3113964?utm_source=relacionadas&amp;utm_medium=nota&amp;utm_campaign=relacionadas\" title=\"El Instituto T\u00e9cnico Superior Mercy J\u00e1cquez presenta colecci\u00f3n de primavera\">El Instituto T\u00e9cnico Superior Mercy J\u00e1cquez presenta colecci\u00f3n de primavera<\/a><\/h2>\n<\/article>\n<p><\/p>\n<p><\/p>\n<p>\u200bEl Instituto T\u00e9cnico Superior Mercy J\u00e1cquez (ITESUMJ) invita al p\u00fablico general a disfrutar del desfile de modas \u201cCielito Lindo\u201d, una propuesta desarrollada por estudiantes de distintos niveles de las asignaturas de \u201cDraping I\u201d y \u201cPatronaje\u201d.El evento se realizar\u00e1 el pr\u00f3ximo martes 7 de abril, a las 7:30 de la noche, en el Bar de Casa de Teatro, ubicado en la Ciudad Colonial.Inspirado en el color Pantone \u201cCielito Lindo\u201d (297-01), el desfile explora una est\u00e9tica que evoca suavidad, romanticismo y creatividad, elementos que ser\u00e1n interpretados a trav\u00e9s de dise\u00f1os originales confeccionados por los estudiantes, quienes pondr\u00e1n en pr\u00e1ctica sus competencias t\u00e9cnicas y su visi\u00f3n art\u00edstica en la construcci\u00f3n de cada pieza.https:\/\/resources.diariolibre.com\/images\/2026\/04\/06\/mercy-3-c429aa47.jpegEsta actividad acad\u00e9mica y cultural busca fortalecer la formaci\u00f3n integral de los futuros profesionales del dise\u00f1o de modas, al tiempo que ofrece una plataforma para exhibir el talento emergente del ITESUMJ en un espacio emblem\u00e1tico de la escena art\u00edstica dominicana.Entre los estudiantes participantes se encuentran Dayandri Estrella, Jenny Medina, V\u00edctor Pe\u00f1a, Alison Segura, Sara Isabel Barrios, Lisandy Matos, Eyron N\u00fa\u00f1ez, Luz \u201cGeorgie\u201d Matos, Chanelix Rodr\u00edguez, Libanesa Dur\u00e1n, Yeilin Reyes, Jhonasky Berihuete y Reynaldo Gonz\u00e1lez, entre otros.M\u00e1s    El evento est\u00e1 dirigido a todo p\u00fablico interesado en el arte, el dise\u00f1o y la moda, y promete ser una experiencia est\u00e9tica \u00fanica donde la creatividad y la innovaci\u00f3n ser\u00e1n protagonistas.    Para m\u00e1s informaci\u00f3n, pueden contactar al Instituto T\u00e9cnico Superior Mercy J\u00e1cquez (ITESUMJ) a trav\u00e9s del tel\u00e9fono (809) 688-0389 o su n\u00famero de WhatsApp (829) 763-7996.    Te puede interesar                El Instituto T\u00e9cnico Superior Mercy J\u00e1cquez presenta colecci\u00f3n de primavera\u00a0\u00a0Revista, Moda, Diario Libre, Santo Domingo, Casa de Teatro, Desfile de modas, Mercy J\u00e1cquez\u00a0<\/p>\n","protected":false},"excerpt":{"rendered":"<p>El Instituto T\u00e9cnico Superior Mercy J\u00e1cquez (ITESUMJ) invita al p\u00fablico general a disfrutar del desfile de modas \u201cCielito Lindo\u201d, una propuesta desarrollada por estudiantes de distintos niveles de las asignaturas de \u201cDraping I\u201d y \u201cPatronaje\u201d. El evento se realizar\u00e1 el pr\u00f3ximo martes 7 de abril, a las 7:30 de la noche, en el Bar de [&hellip;]<\/p>\n","protected":false},"author":1,"featured_media":13465,"comment_status":"open","ping_status":"open","sticky":false,"template":"","format":"standard","meta":{"amp_status":"","footnotes":""},"categories":[9],"tags":[],"class_list":["post-13982","post","type-post","status-publish","format-standard","has-post-thumbnail","hentry","category-espectaculo"],"_links":{"self":[{"href":"https:\/\/ermdigital.com\/index.php?rest_route=\/wp\/v2\/posts\/13982","targetHints":{"allow":["GET"]}}],"collection":[{"href":"https:\/\/ermdigital.com\/index.php?rest_route=\/wp\/v2\/posts"}],"about":[{"href":"https:\/\/ermdigital.com\/index.php?rest_route=\/wp\/v2\/types\/post"}],"author":[{"embeddable":true,"href":"https:\/\/ermdigital.com\/index.php?rest_route=\/wp\/v2\/users\/1"}],"replies":[{"embeddable":true,"href":"https:\/\/ermdigital.com\/index.php?rest_route=%2Fwp%2Fv2%2Fcomments&post=13982"}],"version-history":[{"count":0,"href":"https:\/\/ermdigital.com\/index.php?rest_route=\/wp\/v2\/posts\/13982\/revisions"}],"wp:featuredmedia":[{"embeddable":true,"href":"https:\/\/ermdigital.com\/index.php?rest_route=\/wp\/v2\/media\/13465"}],"wp:attachment":[{"href":"https:\/\/ermdigital.com\/index.php?rest_route=%2Fwp%2Fv2%2Fmedia&parent=13982"}],"wp:term":[{"taxonomy":"category","embeddable":true,"href":"https:\/\/ermdigital.com\/index.php?rest_route=%2Fwp%2Fv2%2Fcategories&post=13982"},{"taxonomy":"post_tag","embeddable":true,"href":"https:\/\/ermdigital.com\/index.php?rest_route=%2Fwp%2Fv2%2Ftags&post=13982"}],"curies":[{"name":"wp","href":"https:\/\/api.w.org\/{rel}","templated":true}]}}