{"id":13981,"date":"2026-04-06T11:32:00","date_gmt":"2026-04-06T15:32:00","guid":{"rendered":"https:\/\/ermdigital.com\/index.php\/2026\/04\/06\/obra-de-ivan-tovar-se-presentara-en-la-bienal-de-venecia-2026\/"},"modified":"2026-04-06T11:32:00","modified_gmt":"2026-04-06T15:32:00","slug":"obra-de-ivan-tovar-se-presentara-en-la-bienal-de-venecia-2026","status":"publish","type":"post","link":"https:\/\/ermdigital.com\/?p=13981","title":{"rendered":"Obra de Iv\u00e1n Tovar se presentar\u00e1 en la Bienal de Venecia 2026"},"content":{"rendered":"<p>La <strong>Fundaci\u00f3n Iv\u00e1n Tovar<\/strong> <strong>anunci\u00f3<\/strong> la exposici\u00f3n \u201c<strong>Iv\u00e1n Tovar<\/strong>: Le Retour\u201d, un evento colateral de la 61.\u00aa edici\u00f3n de la Bienal de Venecia, que estar\u00e1 abierta al p\u00fablico del 9 de mayo al 22 de noviembre de <strong>2026<\/strong>.<\/p>\n<p>La muestra, <strong>comisariada por Christian Viveros-Faun\u00e9<\/strong>, se centrar\u00e1 en la trayectoria del artista dominicano <strong>Iv\u00e1n Tovar<\/strong> (1942-2020) y marcar\u00e1 su regreso a este escenario internacional, donde particip\u00f3 por \u00faltima vez en 1972. La exposici\u00f3n se presentar\u00e1 en el <strong>Ex Istituto Idrografico<\/strong> del Museo Storico Navale, en Venecia.<\/p>\n<p>El proyecto aborda el recorrido art\u00edstico de Tovar entre la Rep\u00fablica Dominicana y Par\u00eds, donde residi\u00f3 durante dos d\u00e9cadas, as\u00ed como su posterior <strong>regreso al pa\u00eds<\/strong>. Esta aproximaci\u00f3n se enmarca en las revisiones contempor\u00e1neas del surrealismo, coincidiendo con el centenario del \u201cManifiesto surrealista\u201d de Andr\u00e9 Breton.<\/p>\n<p>De acuerdo con el <strong>curador<\/strong>, la muestra propone situar la <strong>obra de Tovar<\/strong> dentro de una perspectiva m\u00e1s amplia del movimiento surrealista, incorporando contextos y experiencias fuera de los centros tradicionales del arte.<\/p>\n<p>La exposici\u00f3n tambi\u00e9n se relaciona con la narrativa general de la <strong>61.\u00aa Bienal<\/strong>, titulada <strong>In Minor Keys<\/strong>, bajo la direcci\u00f3n de Koyo Kouoh.<\/p>\n<figure class=\"inline-block\">\n<div class=\"expand-img-placeholder\"><img loading=\"lazy\" decoding=\"async\" src=\"https:\/\/resources.diariolibre.com\/images\/expand.svg\" alt=\"Expandir imagen\" width=\"20\" height=\"20\"><span class=\"rutaimagenoriginal-placeholder\">https:\/\/resources.diariolibre.com\/images\/2026\/04\/06\/obra-de-tovar-4de83905.jpg<\/span><\/div>\n<p><img decoding=\"async\" loading=\"lazy\" src=\"https:\/\/resources.diariolibre.com\/images\/2026\/04\/06\/obra-de-tovar-4de83905.jpg\" width=\"auto\" height=\"350\" alt=\"[object HTMLTextAreaElement]\" class=\"mx-auto\"><figcaption><span>La obra de \u201cIv\u00e1n Tovar: Le Retour\u201d estar\u00e1 en la 61\u00aa Bienal de Venecia.<\/span><\/figcaption><\/figure>\n<p>Como parte de las iniciativas recientes en torno al <strong>legado del artista<\/strong>, se realiz\u00f3 una <strong>emisi\u00f3n postal conmemorativa<\/strong> en coordinaci\u00f3n con el <strong>Instituto Postal Dominicano<\/strong>, dedicada tanto al centenario del surrealismo como a la trayectoria de Tovar.<\/p>\n<p>Asimismo, en <strong>2026<\/strong> se publicar\u00e1 un <strong>cat\u00e1logo monogr\u00e1fico<\/strong> a cargo de la editorial <strong>Turner Press<\/strong>, que incluir\u00e1 ensayos de especialistas en arte contempor\u00e1neo.<\/p>\n<p>La producci\u00f3n general del proyecto est\u00e1 a cargo de la <strong>Fundaci\u00f3n Iv\u00e1n Tovar<\/strong>, con la participaci\u00f3n de un <strong>equipo t\u00e9cnico y curatorial<\/strong> internacional. La iniciativa cuenta con el apoyo de entidades p\u00fablicas y privadas, entre ellas Ministerio de Turismo de la Rep\u00fablica Dominicana, Banco Popular Dominicano y Banreservas.<\/p>\n<h2>M\u00e1s<\/h2>\n<ul>\n<li><strong>Iv\u00e1n Tovar<\/strong> naci\u00f3 en San Francisco de Macor\u00eds en 1942 y falleci\u00f3 en Santo Domingo en 2020. Estudi\u00f3 en la Escuela Nacional de Bellas Artes y se traslad\u00f3 a Par\u00eds en 1963, donde desarroll\u00f3 gran parte de su carrera. En 2018 recibi\u00f3 el Premio Nacional de Artes Visuales de Rep\u00fablica Dominicana. Su obra ha sido expuesta en instituciones de Europa y Am\u00e9rica, incluyendo el Moderna Museet de Estocolmo y el Museo de Arte Moderno de Santo Domingo.<\/li>\n<\/ul>\n<figure class=\"my-12 component infografia\">\n<div class=\"expand-img-placeholder\"><img loading=\"lazy\" decoding=\"async\" src=\"https:\/\/resources.diariolibre.com\/images\/expand.svg\" alt=\"Expandir imagen\" width=\"20\" height=\"20\"><span class=\"rutaimagenoriginal-placeholder\">https:\/\/resources.diariolibre.com\/images\/2026\/04\/06\/detalles-del-concierto-11-3-0e8a0755.jpg<\/span><\/div>\n<p><img decoding=\"async\" loading=\"lazy\" src=\"https:\/\/resources.diariolibre.com\/images\/2026\/04\/06\/detalles-del-concierto-11-3-0e8a0755.jpg\" width=\"auto\" height=\"350\" alt=\"[object HTMLTextAreaElement]\" class=\"mx-auto\"><\/figure>\n<ul>\n<li>La <strong>Fundaci\u00f3n Iv\u00e1n Tovar<\/strong>, creada en 2022, tiene como objetivo preservar y difundir la obra del artista, as\u00ed como promover su estudio en el contexto del arte moderno y contempor\u00e1neo.<\/li>\n<\/ul>\n<div class=\"read-more mb-7\">    <span class=\"block mb-2\">Leer m\u00e1s<\/span>    <\/p>\n<ul class=\"glosa\">\n<li>\n<h3><a href=\"https:\/\/www.diariolibre.com\/revista\/sociales\/2025\/12\/09\/presentan-en-londres-y-paris-libro-ivan-tovar-masterpieces\/3372211?utm_source=relacionadas&amp;utm_medium=nota&amp;utm_campaign=relacionadas\" title=\"Presentan en Londres y Par\u00eds el libro \u201cIv\u00e1n Tovar Masterpieces\u201d\">Presentan en Londres y Par\u00eds el libro \u201cIv\u00e1n Tovar Masterpieces\u201d<\/a><\/h3>\n<\/li>\n<li>\n<h3><a href=\"https:\/\/www.diariolibre.com\/revista\/cultura\/2025\/08\/20\/la-fundacion-ivan-tovar-develiza-la-obra-la-silla-adulta\/3219502?utm_source=relacionadas&amp;utm_medium=nota&amp;utm_campaign=relacionadas\" title=\"La Silla Adulta, escultura de Iv\u00e1n Tovar, regresa a Rep\u00fablica Dominicana\">La Silla Adulta, escultura de Iv\u00e1n Tovar, regresa a Rep\u00fablica Dominicana<\/a><\/h3>\n<\/li>\n<li>\n<h3><a href=\"https:\/\/www.diariolibre.com\/revista\/cultura\/2024\/10\/23\/mam-fundacion-ivan-tovar-presenta-el-catalogo-tovar-retrospectivo\/2889181?utm_source=relacionadas&amp;utm_medium=nota&amp;utm_campaign=relacionadas\" title=\"Fundaci\u00f3n Iv\u00e1n Tovar presenta el cat\u00e1logo \u201cTovar Retrospectivo\u201d en el MAM\">Fundaci\u00f3n Iv\u00e1n Tovar presenta el cat\u00e1logo \u201cTovar Retrospectivo\u201d en el MAM<\/a><\/h3>\n<\/li>\n<\/ul>\n<\/div>\n<p><\/p>\n<p><\/p>\n<p><\/p>\n<p>\u200bLa Fundaci\u00f3n Iv\u00e1n Tovar anunci\u00f3 la exposici\u00f3n \u201cIv\u00e1n Tovar: Le Retour\u201d, un evento colateral de la 61.\u00aa edici\u00f3n de la Bienal de Venecia, que estar\u00e1 abierta al p\u00fablico del 9 de mayo al 22 de noviembre de 2026.La muestra, comisariada por Christian Viveros-Faun\u00e9, se centrar\u00e1 en la trayectoria del artista dominicano Iv\u00e1n Tovar (1942-2020) y marcar\u00e1 su regreso a este escenario internacional, donde particip\u00f3 por \u00faltima vez en 1972. La exposici\u00f3n se presentar\u00e1 en el Ex Istituto Idrografico del Museo Storico Navale, en Venecia.El proyecto aborda el recorrido art\u00edstico de Tovar entre la Rep\u00fablica Dominicana y Par\u00eds, donde residi\u00f3 durante dos d\u00e9cadas, as\u00ed como su posterior regreso al pa\u00eds. Esta aproximaci\u00f3n se enmarca en las revisiones contempor\u00e1neas del surrealismo, coincidiendo con el centenario del \u201cManifiesto surrealista\u201d de Andr\u00e9 Breton.De acuerdo con el curador, la muestra propone situar la obra de Tovar dentro de una perspectiva m\u00e1s amplia del movimiento surrealista, incorporando contextos y experiencias fuera de los centros tradicionales del arte.La exposici\u00f3n tambi\u00e9n se relaciona con la narrativa general de la 61.\u00aa Bienal, titulada In Minor Keys, bajo la direcci\u00f3n de Koyo Kouoh.https:\/\/resources.diariolibre.com\/images\/2026\/04\/06\/obra-de-tovar-4de83905.jpgLa obra de \u201cIv\u00e1n Tovar: Le Retour\u201d estar\u00e1 en la 61\u00aa Bienal de Venecia.Como parte de las iniciativas recientes en torno al legado del artista, se realiz\u00f3 una emisi\u00f3n postal conmemorativa en coordinaci\u00f3n con el Instituto Postal Dominicano, dedicada tanto al centenario del surrealismo como a la trayectoria de Tovar.Asimismo, en 2026 se publicar\u00e1 un cat\u00e1logo monogr\u00e1fico a cargo de la editorial Turner Press, que incluir\u00e1 ensayos de especialistas en arte contempor\u00e1neo.La producci\u00f3n general del proyecto est\u00e1 a cargo de la Fundaci\u00f3n Iv\u00e1n Tovar, con la participaci\u00f3n de un equipo t\u00e9cnico y curatorial internacional. La iniciativa cuenta con el apoyo de entidades p\u00fablicas y privadas, entre ellas Ministerio de Turismo de la Rep\u00fablica Dominicana, Banco Popular Dominicano y Banreservas.M\u00e1s    Iv\u00e1n Tovar naci\u00f3 en San Francisco de Macor\u00eds en 1942 y falleci\u00f3 en Santo Domingo en 2020. Estudi\u00f3 en la Escuela Nacional de Bellas Artes y se traslad\u00f3 a Par\u00eds en 1963, donde desarroll\u00f3 gran parte de su carrera. En 2018 recibi\u00f3 el Premio Nacional de Artes Visuales de Rep\u00fablica Dominicana. Su obra ha sido expuesta en instituciones de Europa y Am\u00e9rica, incluyendo el Moderna Museet de Estocolmo y el Museo de Arte Moderno de Santo Domingo.https:\/\/resources.diariolibre.com\/images\/2026\/04\/06\/detalles-del-concierto-11-3-0e8a0755.jpg    La Fundaci\u00f3n Iv\u00e1n Tovar, creada en 2022, tiene como objetivo preservar y difundir la obra del artista, as\u00ed como promover su estudio en el contexto del arte moderno y contempor\u00e1neo.    Leer m\u00e1s                            Presentan en Londres y Par\u00eds el libro \u201cIv\u00e1n Tovar Masterpieces\u201d                            La Silla Adulta, escultura de Iv\u00e1n Tovar, regresa a Rep\u00fablica Dominicana                            Fundaci\u00f3n Iv\u00e1n Tovar presenta el cat\u00e1logo \u201cTovar Retrospectivo\u201d en el MAM\u00a0\u00a0Revista, Cultura, Diario Libre, Santo Domingo, Iv\u00e1n Tovar, Pintor dominicano, Obra de Iv\u00e1n Tovar, Bienal de Venecia 2026\u00a0<\/p>\n","protected":false},"excerpt":{"rendered":"<p>La Fundaci\u00f3n Iv\u00e1n Tovar anunci\u00f3 la exposici\u00f3n \u201cIv\u00e1n Tovar: Le Retour\u201d, un evento colateral de la 61.\u00aa edici\u00f3n de la Bienal de Venecia, que estar\u00e1 abierta al p\u00fablico del 9 de mayo al 22 de noviembre de 2026. La muestra, comisariada por Christian Viveros-Faun\u00e9, se centrar\u00e1 en la trayectoria del artista dominicano Iv\u00e1n Tovar (1942-2020) [&hellip;]<\/p>\n","protected":false},"author":1,"featured_media":13463,"comment_status":"open","ping_status":"open","sticky":false,"template":"","format":"standard","meta":{"amp_status":"","footnotes":""},"categories":[9],"tags":[],"class_list":["post-13981","post","type-post","status-publish","format-standard","has-post-thumbnail","hentry","category-espectaculo"],"_links":{"self":[{"href":"https:\/\/ermdigital.com\/index.php?rest_route=\/wp\/v2\/posts\/13981","targetHints":{"allow":["GET"]}}],"collection":[{"href":"https:\/\/ermdigital.com\/index.php?rest_route=\/wp\/v2\/posts"}],"about":[{"href":"https:\/\/ermdigital.com\/index.php?rest_route=\/wp\/v2\/types\/post"}],"author":[{"embeddable":true,"href":"https:\/\/ermdigital.com\/index.php?rest_route=\/wp\/v2\/users\/1"}],"replies":[{"embeddable":true,"href":"https:\/\/ermdigital.com\/index.php?rest_route=%2Fwp%2Fv2%2Fcomments&post=13981"}],"version-history":[{"count":0,"href":"https:\/\/ermdigital.com\/index.php?rest_route=\/wp\/v2\/posts\/13981\/revisions"}],"wp:featuredmedia":[{"embeddable":true,"href":"https:\/\/ermdigital.com\/index.php?rest_route=\/wp\/v2\/media\/13463"}],"wp:attachment":[{"href":"https:\/\/ermdigital.com\/index.php?rest_route=%2Fwp%2Fv2%2Fmedia&parent=13981"}],"wp:term":[{"taxonomy":"category","embeddable":true,"href":"https:\/\/ermdigital.com\/index.php?rest_route=%2Fwp%2Fv2%2Fcategories&post=13981"},{"taxonomy":"post_tag","embeddable":true,"href":"https:\/\/ermdigital.com\/index.php?rest_route=%2Fwp%2Fv2%2Ftags&post=13981"}],"curies":[{"name":"wp","href":"https:\/\/api.w.org\/{rel}","templated":true}]}}