{"id":13689,"date":"2026-04-06T09:24:00","date_gmt":"2026-04-06T13:24:00","guid":{"rendered":"https:\/\/ermdigital.com\/index.php\/2026\/04\/06\/anitta-y-shakira-uniran-sus-voces-en-choka-choka\/"},"modified":"2026-04-06T09:24:00","modified_gmt":"2026-04-06T13:24:00","slug":"anitta-y-shakira-uniran-sus-voces-en-choka-choka","status":"publish","type":"post","link":"https:\/\/ermdigital.com\/?p=13689","title":{"rendered":"Anitta y Shakira unir\u00e1n sus voces en \"Choka choka\""},"content":{"rendered":"<p>La cantante brasile\u00f1a <strong>Anitta<\/strong> <strong>anunci\u00f3<\/strong> este lunes que la colombiana <strong>Shakira<\/strong> tendr\u00e1 una participaci\u00f3n en una de las canciones de su pr\u00f3ximo <strong>disco<\/strong>, <em><strong>Equilibrivm<\/strong><\/em>, que ser\u00e1 lanzado el 16 de abril y tendr\u00e1 interpretaciones en portugu\u00e9s, espa\u00f1ol e ingl\u00e9s.<\/p>\n<p>\"No tienen idea de lo feliz que estoy de anunciar esta <strong>colaboraci\u00f3n<\/strong> de mi \u00e1lbum <strong>Equilibrivm<\/strong>\", <strong>afirm\u00f3<\/strong> la reina brasile\u00f1a del pop y de la m\u00fasica urbana en una publicaci\u00f3n en su p\u00e1gina en Instagram en la que etiquet\u00f3 a <strong>Shakira<\/strong>.<\/p>\n<p>En la misma publicaci\u00f3n, ilustrada por una representaci\u00f3n de una <strong>carta de tarot<\/strong> en la que las dos cantantes aparecen dise\u00f1adas, con <strong>Shakira bajo el sol<\/strong> y <strong>Anitta<\/strong> bajo la luna, la brasile\u00f1a aclara que la canci\u00f3n que interpretan a dueto se llama <em>Choka choka.<\/em><\/p>\n<div class=\"social-embed mb-4\">\n<blockquote class=\"instagram-media\" data-instgrm-permalink=\"https:\/\/www.instagram.com\/p\/DWy2BkWEbzE\/?utm_source=ig_embed&amp;utm_campaign=loading\" data-instgrm-version=\"14\">\n<div> <a href=\"https:\/\/www.instagram.com\/p\/DWy2BkWEbzE\/?utm_source=ig_embed&amp;utm_campaign=loading\" target=\"_blank\" title=\"       Ver esta publicaci\u00f3n en Instagram            \" rel=\"nofollow noopener noreferrer\"> <\/p>\n<div>\n<div><\/div>\n<div>\n<div><\/div>\n<div><\/div>\n<\/div>\n<\/div>\n<div><\/div>\n<div><\/div>\n<div>\n<div>Ver esta publicaci\u00f3n en Instagram<\/div>\n<\/div>\n<div><\/div>\n<div>\n<div>\n<div><\/div>\n<div><\/div>\n<div><\/div>\n<\/div>\n<div>\n<div><\/div>\n<div><\/div>\n<\/div>\n<div>\n<div><\/div>\n<div><\/div>\n<div><\/div>\n<\/div>\n<\/div>\n<div>\n<div><\/div>\n<div><\/div>\n<\/div>\n<p><\/a><\/p>\n<p><a href=\"https:\/\/www.instagram.com\/p\/DWy2BkWEbzE\/?utm_source=ig_embed&amp;utm_campaign=loading\" target=\"_blank\" title=\"Una publicaci\u00f3n compartida de Anitta   (@anitta)\" rel=\"nofollow noopener noreferrer\">Una publicaci\u00f3n compartida de Anitta   (@anitta)<\/a><\/p>\n<\/div>\n<\/blockquote>\n<div class=\"lazyload\" data-script=\"https:\/\/www.instagram.com\/embed.js\"><\/div>\n<\/div>\n<p>En los <strong>comentarios<\/strong> de la publicaci\u00f3n, los aficionados especulan sobre la posibilidad de que ambas interpreten la canci\u00f3n en el <strong>concierto gratuito<\/strong> que <strong>Shakira<\/strong> ofrecer\u00e1 el 2 de mayo pr\u00f3ximo en la playa de Copacabana de R\u00edo de Janeiro.<\/p>\n<p><strong>Anitta<\/strong> <strong>anunci\u00f3<\/strong> la semana pasada, precisamente cuando festejaba sus 33 a\u00f1os, el lanzamiento de su pr\u00f3ximo <strong>disco<\/strong> y dijo que estar\u00e1 disponible en todas las plataformas digitales a partir del 16 de abril.<\/p>\n<p>El nuevo trabajo, cuyo t\u00edtulo estilizado resalta en <em><strong>EquilibrIVm<\/strong><\/em> el n\u00famero romano <em>IV<\/em> en alusi\u00f3n a su <strong>cuarto \u00e1lbum<\/strong> orientado al mercado global, incluye canciones en portugu\u00e9s, espa\u00f1ol e ingl\u00e9s, en l\u00ednea con la estrategia internacional que la artista ha consolidado en los \u00faltimos a\u00f1os.<\/p>\n<p>Seg\u00fan la informaci\u00f3n ya divulgada por los productores, el <strong>disco<\/strong> ser\u00e1 presentado en <strong>dos fases<\/strong>. La primera estar\u00e1 enfocada en el <strong>p\u00fablico brasile\u00f1o<\/strong>, con temas in\u00e9ditos en portugu\u00e9s que exploran g\u00e9neros como el funk, la samba y el reggae.<\/p>\n<h2>Otras <strong>colaboraciones<\/strong><\/h2>\n<p>Entre las <strong>colaboraciones<\/strong> confirmadas para las canciones en portugu\u00e9s figuran artistas como <strong>Luedji Luna<\/strong> y <strong>Rincon Sapi\u00eancia<\/strong>.<\/p>\n<ul>\n<li>Algunas canciones, como <em><strong>Pinterest<\/strong><\/em>, ya han sido adelantadas como <strong>sencillo<\/strong>, mientras que otras fueron presentadas en <strong>actuaciones recientes<\/strong> de la artista.<\/li>\n<\/ul>\n<p><strong>Equilibrivm<\/strong> sucede a <strong>Funk Generation<\/strong> (2024) y llega en un momento de <strong>consolidaci\u00f3n internacional<\/strong> para <strong>Anitta<\/strong>, considerada una de las principales figuras del pop latino y brasile\u00f1o en la actualidad.\u00a0<\/p>\n<article class=\"border-t border-b py-5 mb-5 component nota-incrustada\">    <span class=\"block mb-2\"><strong>Te puede interesar<\/strong><\/span>                <\/p>\n<h2><a href=\"https:\/\/www.diariolibre.com\/revista\/musica\/2026\/03\/31\/anitta-anuncia-el-lanzamiento-de-su-octavo-disco\/3487102?utm_source=relacionadas&amp;utm_medium=nota&amp;utm_campaign=relacionadas\" title=\"La cantante Anitta anuncia el lanzamiento de su octavo disco\">La cantante Anitta anuncia el lanzamiento de su octavo disco<\/a><\/h2>\n<\/article>\n<p><\/p>\n<p>\u200bLa cantante brasile\u00f1a Anitta anunci\u00f3 este lunes que la colombiana Shakira tendr\u00e1 una participaci\u00f3n en una de las canciones de su pr\u00f3ximo disco, Equilibrivm, que ser\u00e1 lanzado el 16 de abril y tendr\u00e1 interpretaciones en portugu\u00e9s, espa\u00f1ol e ingl\u00e9s.\"No tienen idea de lo feliz que estoy de anunciar esta colaboraci\u00f3n de mi \u00e1lbum Equilibrivm\", afirm\u00f3 la reina brasile\u00f1a del pop y de la m\u00fasica urbana en una publicaci\u00f3n en su p\u00e1gina en Instagram en la que etiquet\u00f3 a Shakira.En la misma publicaci\u00f3n, ilustrada por una representaci\u00f3n de una carta de tarot en la que las dos cantantes aparecen dise\u00f1adas, con Shakira bajo el sol y Anitta bajo la luna, la brasile\u00f1a aclara que la canci\u00f3n que interpretan a dueto se llama Choka choka.        Ver esta publicaci\u00f3n en Instagram            Una publicaci\u00f3n compartida de Anitta   (@anitta) En los comentarios de la publicaci\u00f3n, los aficionados especulan sobre la posibilidad de que ambas interpreten la canci\u00f3n en el concierto gratuito que Shakira ofrecer\u00e1 el 2 de mayo pr\u00f3ximo en la playa de Copacabana de R\u00edo de Janeiro.Anitta anunci\u00f3 la semana pasada, precisamente cuando festejaba sus 33 a\u00f1os, el lanzamiento de su pr\u00f3ximo disco y dijo que estar\u00e1 disponible en todas las plataformas digitales a partir del 16 de abril.El nuevo trabajo, cuyo t\u00edtulo estilizado resalta en EquilibrIVm el n\u00famero romano IV en alusi\u00f3n a su cuarto \u00e1lbum orientado al mercado global, incluye canciones en portugu\u00e9s, espa\u00f1ol e ingl\u00e9s, en l\u00ednea con la estrategia internacional que la artista ha consolidado en los \u00faltimos a\u00f1os.Seg\u00fan la informaci\u00f3n ya divulgada por los productores, el disco ser\u00e1 presentado en dos fases. La primera estar\u00e1 enfocada en el p\u00fablico brasile\u00f1o, con temas in\u00e9ditos en portugu\u00e9s que exploran g\u00e9neros como el funk, la samba y el reggae.Otras colaboracionesEntre las colaboraciones confirmadas para las canciones en portugu\u00e9s figuran artistas como Luedji Luna y Rincon Sapi\u00eancia.    Algunas canciones, como Pinterest, ya han sido adelantadas como sencillo, mientras que otras fueron presentadas en actuaciones recientes de la artista.Equilibrivm sucede a Funk Generation (2024) y llega en un momento de consolidaci\u00f3n internacional para Anitta, considerada una de las principales figuras del pop latino y brasile\u00f1o en la actualidad.\u00a0    Te puede interesar                La cantante Anitta anuncia el lanzamiento de su octavo disco\u00a0\u00a0Revista, M\u00fasica, EFE, Rio de Janeiro, Shakira, Colaboraci\u00f3n, Anitta\u00a0<\/p>\n","protected":false},"excerpt":{"rendered":"<p>La cantante brasile\u00f1a Anitta anunci\u00f3 este lunes que la colombiana Shakira tendr\u00e1 una participaci\u00f3n en una de las canciones de su pr\u00f3ximo disco, Equilibrivm, que ser\u00e1 lanzado el 16 de abril y tendr\u00e1 interpretaciones en portugu\u00e9s, espa\u00f1ol e ingl\u00e9s. \"No tienen idea de lo feliz que estoy de anunciar esta colaboraci\u00f3n de mi \u00e1lbum Equilibrivm\", [&hellip;]<\/p>\n","protected":false},"author":1,"featured_media":13383,"comment_status":"open","ping_status":"open","sticky":false,"template":"","format":"standard","meta":{"amp_status":"","footnotes":""},"categories":[9],"tags":[],"class_list":["post-13689","post","type-post","status-publish","format-standard","has-post-thumbnail","hentry","category-espectaculo"],"_links":{"self":[{"href":"https:\/\/ermdigital.com\/index.php?rest_route=\/wp\/v2\/posts\/13689","targetHints":{"allow":["GET"]}}],"collection":[{"href":"https:\/\/ermdigital.com\/index.php?rest_route=\/wp\/v2\/posts"}],"about":[{"href":"https:\/\/ermdigital.com\/index.php?rest_route=\/wp\/v2\/types\/post"}],"author":[{"embeddable":true,"href":"https:\/\/ermdigital.com\/index.php?rest_route=\/wp\/v2\/users\/1"}],"replies":[{"embeddable":true,"href":"https:\/\/ermdigital.com\/index.php?rest_route=%2Fwp%2Fv2%2Fcomments&post=13689"}],"version-history":[{"count":0,"href":"https:\/\/ermdigital.com\/index.php?rest_route=\/wp\/v2\/posts\/13689\/revisions"}],"wp:featuredmedia":[{"embeddable":true,"href":"https:\/\/ermdigital.com\/index.php?rest_route=\/wp\/v2\/media\/13383"}],"wp:attachment":[{"href":"https:\/\/ermdigital.com\/index.php?rest_route=%2Fwp%2Fv2%2Fmedia&parent=13689"}],"wp:term":[{"taxonomy":"category","embeddable":true,"href":"https:\/\/ermdigital.com\/index.php?rest_route=%2Fwp%2Fv2%2Fcategories&post=13689"},{"taxonomy":"post_tag","embeddable":true,"href":"https:\/\/ermdigital.com\/index.php?rest_route=%2Fwp%2Fv2%2Ftags&post=13689"}],"curies":[{"name":"wp","href":"https:\/\/api.w.org\/{rel}","templated":true}]}}