{"id":13688,"date":"2026-04-06T09:40:00","date_gmt":"2026-04-06T13:40:00","guid":{"rendered":"https:\/\/ermdigital.com\/index.php\/2026\/04\/06\/rafael-nunez-presentara-un-nuevo-libro\/"},"modified":"2026-04-06T09:40:00","modified_gmt":"2026-04-06T13:40:00","slug":"rafael-nunez-presentara-un-nuevo-libro","status":"publish","type":"post","link":"https:\/\/ermdigital.com\/?p=13688","title":{"rendered":"Rafael N\u00fa\u00f1ez presentar\u00e1 un nuevo libro"},"content":{"rendered":"<p>El periodista y escritor <strong>Rafael N\u00fa\u00f1ez<\/strong> <strong>pondr\u00e1 en circulaci\u00f3n<\/strong> su m\u00e1s reciente obra, <em data-start=\"193\" data-end=\"245\">\u201c<strong>Santo Domingo: g\u00e9nesis y ruptura de dos naciones<\/strong>\u201d<\/em>, una reflexi\u00f3n hist\u00f3rica que examina los procesos que dieron origen a la isla de La Espa\u00f1ola y su evoluci\u00f3n hasta dar paso a dos naciones con identidades propias: Rep\u00fablica Dominicana y Hait\u00ed.<\/p>\n<p>La obra ofrece una <strong>mirada integral<\/strong> que parte del <strong>contexto europeo<\/strong> previo a la llegada de Crist\u00f3bal Col\u00f3n, abordando las condiciones econ\u00f3micas, pol\u00edticas, sociales y culturales que impulsaron la <strong>expansi\u00f3n europea<\/strong> hacia el Nuevo Mundo. <\/p>\n<p>Desde esta perspectiva, N\u00fa\u00f1ez analiza c\u00f3mo la <strong>herencia grecorromana<\/strong>, el <strong>cristianismo<\/strong> y las transformaciones de la <strong>Europa medieval<\/strong> influyeron en los procesos de conquista y colonizaci\u00f3n.<\/p>\n<figure class=\"my-12 component infografia\">\n<div class=\"expand-img-placeholder\"><img loading=\"lazy\" decoding=\"async\" src=\"https:\/\/resources.diariolibre.com\/images\/expand.svg\" alt=\"Expandir imagen\" width=\"20\" height=\"20\"><span class=\"rutaimagenoriginal-placeholder\">https:\/\/resources.diariolibre.com\/images\/2026\/04\/06\/whatsapp-image-2026-04-06-at-104303-am-1c59f963.jpeg<\/span><\/div>\n<p><img decoding=\"async\" loading=\"lazy\" src=\"https:\/\/resources.diariolibre.com\/images\/2026\/04\/06\/whatsapp-image-2026-04-06-at-104303-am-1c59f963.jpeg\" width=\"auto\" height=\"350\" alt=\"Infograf\u00eda\" class=\"mx-auto\"><\/figure>\n<p>El <strong>libro<\/strong> profundiza en las <strong>ra\u00edces comunes<\/strong>, <strong>tensiones<\/strong> y desaf\u00edos compartidos entre ambos pa\u00edses, mostrando c\u00f3mo, a pesar de su origen com\u00fan, han seguido <strong>trayectorias distintas<\/strong> en la construcci\u00f3n de sus Estados.<\/p>\n<p>La <strong>puesta en circulaci\u00f3n<\/strong> se realizar\u00e1 el pr\u00f3ximo martes <strong>14 de abril<\/strong>, a las 6:00 de la tarde, en la <strong>Biblioteca Nacional Pedro Henr\u00edquez Ure\u00f1a<\/strong>, en un acto al que asistir\u00e1n destacadas personalidades del \u00e1mbito cultural, pol\u00edtico, acad\u00e9mico y comunicacional.<\/p>\n<h2>Claves para entender la divisi\u00f3n de la isla<\/h2>\n<p>Sobre la obra, el fil\u00f3sofo y escritor <strong>Eliades Acosta Matos<\/strong> la considera un <strong>aporte necesario<\/strong> y poco com\u00fan en el estudio de la historia de La Espa\u00f1ola. Y destaca que ofrece una <strong>visi\u00f3n amplia<\/strong> y rigurosa de la evoluci\u00f3n de ambos pueblos, permitiendo comprender las diferencias que hacen inviable cualquier proyecto de fusi\u00f3n.<\/p>\n<p>Asimismo, la escritora y periodista investigadora <strong>Minerva Isa<\/strong> resalta que el <strong>libro<\/strong> constituye un <strong>estudio vasto<\/strong> y profundo, con un alcance hist\u00f3rico impresionante, al tiempo que pone en valor la <strong>sensibilidad po\u00e9tica<\/strong> del autor para narrar el pasado y el presente de ambas naciones.<\/p>\n<p>En la <strong>dedicatoria<\/strong>, N\u00fa\u00f1ez rinde homenaje a los <strong>padres fundadores<\/strong> de la naci\u00f3n dominicana y, de manera especial, a los <strong>m\u00e1rtires an\u00f3nimos<\/strong> que entregaron sus vidas por el ideal patri\u00f3tico, muchos de ellos olvidados por la historia oficial, pero presentes en la memoria profunda del pa\u00eds.<\/p>\n<div class=\"read-more mb-7\">    <span class=\"block mb-2\">Leer m\u00e1s<\/span>    <\/p>\n<ul class=\"glosa\">\n<li>\n<h3><a href=\"https:\/\/www.diariolibre.com\/revista\/cultura\/2023\/04\/19\/rafael-nunez-puso-a-circular-su-libro-nueva-retorica\/2289830?utm_source=relacionadas&amp;utm_medium=nota&amp;utm_campaign=relacionadas\" title=\"Rafael N\u00fa\u00f1ez pone en circulaci\u00f3n su libro, \u201cNueva Ret\u00f3rica: nuevos c\u00f3digos, nueva sociedad\u201d\">Rafael N\u00fa\u00f1ez pone en circulaci\u00f3n su libro, \u201cNueva Ret\u00f3rica: nuevos c\u00f3digos, nueva sociedad\u201d<\/a><\/h3>\n<\/li>\n<\/ul>\n<\/div>\n<p><\/p>\n<p>\u200bEl periodista y escritor Rafael N\u00fa\u00f1ez pondr\u00e1 en circulaci\u00f3n su m\u00e1s reciente obra, \u201cSanto Domingo: g\u00e9nesis y ruptura de dos naciones\u201d, una reflexi\u00f3n hist\u00f3rica que examina los procesos que dieron origen a la isla de La Espa\u00f1ola y su evoluci\u00f3n hasta dar paso a dos naciones con identidades propias: Rep\u00fablica Dominicana y Hait\u00ed.La obra ofrece una mirada integral que parte del contexto europeo previo a la llegada de Crist\u00f3bal Col\u00f3n, abordando las condiciones econ\u00f3micas, pol\u00edticas, sociales y culturales que impulsaron la expansi\u00f3n europea hacia el Nuevo Mundo. Desde esta perspectiva, N\u00fa\u00f1ez analiza c\u00f3mo la herencia grecorromana, el cristianismo y las transformaciones de la Europa medieval influyeron en los procesos de conquista y colonizaci\u00f3n.https:\/\/resources.diariolibre.com\/images\/2026\/04\/06\/whatsapp-image-2026-04-06-at-104303-am-1c59f963.jpegEl libro profundiza en las ra\u00edces comunes, tensiones y desaf\u00edos compartidos entre ambos pa\u00edses, mostrando c\u00f3mo, a pesar de su origen com\u00fan, han seguido trayectorias distintas en la construcci\u00f3n de sus Estados.La puesta en circulaci\u00f3n se realizar\u00e1 el pr\u00f3ximo martes 14 de abril, a las 6:00 de la tarde, en la Biblioteca Nacional Pedro Henr\u00edquez Ure\u00f1a, en un acto al que asistir\u00e1n destacadas personalidades del \u00e1mbito cultural, pol\u00edtico, acad\u00e9mico y comunicacional.Claves para entender la divisi\u00f3n de la islaSobre la obra, el fil\u00f3sofo y escritor Eliades Acosta Matos la considera un aporte necesario y poco com\u00fan en el estudio de la historia de La Espa\u00f1ola. Y destaca que ofrece una visi\u00f3n amplia y rigurosa de la evoluci\u00f3n de ambos pueblos, permitiendo comprender las diferencias que hacen inviable cualquier proyecto de fusi\u00f3n.Asimismo, la escritora y periodista investigadora Minerva Isa resalta que el libro constituye un estudio vasto y profundo, con un alcance hist\u00f3rico impresionante, al tiempo que pone en valor la sensibilidad po\u00e9tica del autor para narrar el pasado y el presente de ambas naciones.En la dedicatoria, N\u00fa\u00f1ez rinde homenaje a los padres fundadores de la naci\u00f3n dominicana y, de manera especial, a los m\u00e1rtires an\u00f3nimos que entregaron sus vidas por el ideal patri\u00f3tico, muchos de ellos olvidados por la historia oficial, pero presentes en la memoria profunda del pa\u00eds.    Leer m\u00e1s                            Rafael N\u00fa\u00f1ez pone en circulaci\u00f3n su libro, \u201cNueva Ret\u00f3rica: nuevos c\u00f3digos, nueva sociedad\u201d\u00a0\u00a0Revista, Cultura, Diario Libre, Santo Domingo, Puesta en circulaci\u00f3n, Libro, Rafael N\u00fa\u00f1ez, Santo Domingo: g\u00e9nesis y ruptura de dos naciones\u00a0<\/p>\n","protected":false},"excerpt":{"rendered":"<p>El periodista y escritor Rafael N\u00fa\u00f1ez pondr\u00e1 en circulaci\u00f3n su m\u00e1s reciente obra, \u201cSanto Domingo: g\u00e9nesis y ruptura de dos naciones\u201d, una reflexi\u00f3n hist\u00f3rica que examina los procesos que dieron origen a la isla de La Espa\u00f1ola y su evoluci\u00f3n hasta dar paso a dos naciones con identidades propias: Rep\u00fablica Dominicana y Hait\u00ed. La obra [&hellip;]<\/p>\n","protected":false},"author":1,"featured_media":13381,"comment_status":"open","ping_status":"open","sticky":false,"template":"","format":"standard","meta":{"amp_status":"","footnotes":""},"categories":[9],"tags":[],"class_list":["post-13688","post","type-post","status-publish","format-standard","has-post-thumbnail","hentry","category-espectaculo"],"_links":{"self":[{"href":"https:\/\/ermdigital.com\/index.php?rest_route=\/wp\/v2\/posts\/13688","targetHints":{"allow":["GET"]}}],"collection":[{"href":"https:\/\/ermdigital.com\/index.php?rest_route=\/wp\/v2\/posts"}],"about":[{"href":"https:\/\/ermdigital.com\/index.php?rest_route=\/wp\/v2\/types\/post"}],"author":[{"embeddable":true,"href":"https:\/\/ermdigital.com\/index.php?rest_route=\/wp\/v2\/users\/1"}],"replies":[{"embeddable":true,"href":"https:\/\/ermdigital.com\/index.php?rest_route=%2Fwp%2Fv2%2Fcomments&post=13688"}],"version-history":[{"count":0,"href":"https:\/\/ermdigital.com\/index.php?rest_route=\/wp\/v2\/posts\/13688\/revisions"}],"wp:featuredmedia":[{"embeddable":true,"href":"https:\/\/ermdigital.com\/index.php?rest_route=\/wp\/v2\/media\/13381"}],"wp:attachment":[{"href":"https:\/\/ermdigital.com\/index.php?rest_route=%2Fwp%2Fv2%2Fmedia&parent=13688"}],"wp:term":[{"taxonomy":"category","embeddable":true,"href":"https:\/\/ermdigital.com\/index.php?rest_route=%2Fwp%2Fv2%2Fcategories&post=13688"},{"taxonomy":"post_tag","embeddable":true,"href":"https:\/\/ermdigital.com\/index.php?rest_route=%2Fwp%2Fv2%2Ftags&post=13688"}],"curies":[{"name":"wp","href":"https:\/\/api.w.org\/{rel}","templated":true}]}}