{"id":13687,"date":"2026-04-06T10:05:00","date_gmt":"2026-04-06T14:05:00","guid":{"rendered":"https:\/\/ermdigital.com\/index.php\/2026\/04\/06\/joseito-mateo-una-vida-dedicada-al-merengue\/"},"modified":"2026-04-06T10:05:00","modified_gmt":"2026-04-06T14:05:00","slug":"joseito-mateo-una-vida-dedicada-al-merengue","status":"publish","type":"post","link":"https:\/\/ermdigital.com\/?p=13687","title":{"rendered":"Jose\u00edto Mateo: una vida dedicada al merengue"},"content":{"rendered":"<p>Hoy se celebra el <strong>natalicio<\/strong> de <strong>Jose\u00edto Mateo<\/strong>, conocido popularmente como \u201c<strong>El Rey del Merengue<\/strong>\u201d, una de las figuras m\u00e1s representativas de la m\u00fasica dominicana y un exponente que dej\u00f3 una huella imborrable en la cultura popular del pa\u00eds. Su <strong>legado art\u00edstico<\/strong> se extiende por m\u00e1s de 70 a\u00f1os, per\u00edodo durante el cual se convirti\u00f3 en un s\u00edmbolo de la dominicanidad y de la capacidad del merengue para trascender generaciones.<\/p>\n<p>La <strong>carrera<\/strong> de Mateo comenz\u00f3 en la <strong>d\u00e9cada de 1930<\/strong>, un tiempo en que la escena musical local estaba en plena formaci\u00f3n. Con perseverancia y talento, fue ganando reconocimiento hasta que surgi\u00f3 la oportunidad de colaborar con la <strong>disquera Seeco<\/strong> y formar parte de la orquesta <strong>Sonora Matancera<\/strong>, con grabaciones previstas en La Habana, Cuba. <\/p>\n<p>En ese per\u00edodo compuso e interpret\u00f3 piezas como <strong>El negrito del batey<\/strong>, tema que posteriormente se asociar\u00eda con el tambi\u00e9n dominicano <strong>Alberto Beltr\u00e1n<\/strong>, quien recibi\u00f3 el apodo inspirado en la <strong>obra de Mateo<\/strong>.<\/p>\n<div class=\"social-embed mb-4\">\n<div class=\"placeholderYoutube\"><\/div>\n<\/div>\n<p>Durante su estad\u00eda en Cuba, se vincul\u00f3 con el grupo <strong>Sonora Matancera<\/strong> y comparti\u00f3 escenario con <strong>Celia Cruz<\/strong>, consolidando su experiencia y <strong>visibilidad internacional<\/strong>. Posteriormente se traslad\u00f3 a <strong>Puerto Rico<\/strong>, convirti\u00e9ndose en el primer <strong>cantante<\/strong> en colaborar con <strong>El Gran Combo<\/strong> de <strong>Puerto Rico<\/strong> tras el <strong>asesinato de Rafael Trujillo<\/strong> en 1961. <\/p>\n<p>En 1962 particip\u00f3 como vocalista en la <strong>primera gira<\/strong> del <strong>Gran Combo<\/strong> a Panam\u00e1, donde dej\u00f3 su sello y estableci\u00f3 relaciones con figuras j\u00f3venes como <strong>Pell\u00edn Rodr\u00edguez<\/strong> y Andy Monta\u00f1ez, quienes eventualmente lo reemplazar\u00edan. <\/p>\n<p>A pesar de su \u00e9xito, Mateo regres\u00f3 a <strong>Rep\u00fablica Dominicana<\/strong> para enfrentar el estigma pol\u00edtico asociado a quienes trabajaron durante la dictadura de Trujillo.<\/p>\n<div class=\"social-embed mb-4\">\n<blockquote class=\"instagram-media\" data-instgrm-captioned=\"\" data-instgrm-permalink=\"https:\/\/www.instagram.com\/p\/DWzElBfkRGa\/?utm_source=ig_embed&amp;utm_campaign=loading\" data-instgrm-version=\"14\">\n<div> <a href=\"https:\/\/www.instagram.com\/p\/DWzElBfkRGa\/?utm_source=ig_embed&amp;utm_campaign=loading\" target=\"_blank\" title=\"       View this post on Instagram            \" rel=\"nofollow noopener noreferrer\"> <\/p>\n<div>\n<div><\/div>\n<div>\n<div><\/div>\n<div><\/div>\n<\/div>\n<\/div>\n<div><\/div>\n<div><\/div>\n<div>\n<div>View this post on Instagram<\/div>\n<\/div>\n<div><\/div>\n<div>\n<div>\n<div><\/div>\n<div><\/div>\n<div><\/div>\n<\/div>\n<div>\n<div><\/div>\n<div><\/div>\n<\/div>\n<div>\n<div><\/div>\n<div><\/div>\n<div><\/div>\n<\/div>\n<\/div>\n<div>\n<div><\/div>\n<div><\/div>\n<\/div>\n<p><\/a><\/p>\n<p><a href=\"https:\/\/www.instagram.com\/p\/DWzElBfkRGa\/?utm_source=ig_embed&amp;utm_campaign=loading\" target=\"_blank\" title=\"A post shared by Ministerio de Cultura RD (@miculturard)\" rel=\"nofollow noopener noreferrer\">A post shared by Ministerio de Cultura RD (@miculturard)<\/a><\/p>\n<\/div>\n<\/blockquote>\n<div class=\"lazyload\" data-script=\"https:\/\/www.instagram.com\/embed.js\"><\/div>\n<\/div>\n<p>La labor art\u00edstica de Mateo se nutri\u00f3 de las <strong>ra\u00edces del merengue<\/strong> y de otras expresiones populares, consolidando un <strong>estilo \u00fanico<\/strong> que combinaba canto, baile y presencia esc\u00e9nica. Su <strong>repertorio<\/strong> incluye canciones que siguen resonando en el imaginario colectivo dominicano, como Madame Chuch\u00ed, Dame la visa, La cotorra de Rosa y La patrulla, entre otras.<\/p>\n<figure class=\"inline-block\">\n<div class=\"expand-img-placeholder\"><img loading=\"lazy\" decoding=\"async\" src=\"https:\/\/resources.diariolibre.com\/images\/expand.svg\" alt=\"Expandir imagen\" width=\"20\" height=\"20\"><span class=\"rutaimagenoriginal-placeholder\">https:\/\/resources.diariolibre.com\/images\/binrepository\/image_content_10120353_20180611114352.jpg<\/span><\/div>\n<p><img decoding=\"async\" loading=\"lazy\" src=\"https:\/\/resources.diariolibre.com\/images\/binrepository\/image_content_10120353_20180611114352.jpg\" width=\"auto\" height=\"350\" alt=\"Infograf\u00eda\" class=\"mx-auto\"><figcaption><span>Foto de archivo deJose\u00edto Mateo.<\/span><\/figcaption><\/figure>\n<p><\/p>\n<p>A lo largo de su trayectoria, Mateo recibi\u00f3 m\u00faltiples reconocimientos. En 2004 obtuvo el <strong>premio Gran Soberano<\/strong>, mientras que en 2010 fue distinguido por la <strong>Academia Latina de la Grabaci\u00f3n<\/strong> con el premio a la Excelencia Musical en la 11\u00aa entrega de los <strong>Grammy Latinos<\/strong>, en reconocimiento a su contribuci\u00f3n a la m\u00fasica latina y su papel en la consolidaci\u00f3n del merengue como patrimonio cultural.<\/p>\n<h2>Su fallecimiento<\/h2>\n<ul>\n<li><strong>Jose\u00edto Mateo<\/strong> <strong>falleci\u00f3<\/strong> el 31 de mayo de 2018, a los 98 a\u00f1os, tras ser diagnosticado con <strong>leucemia<\/strong>. Su partida marc\u00f3 el cierre de un ciclo hist\u00f3rico, pero su m\u00fasica, su estilo y su influencia permanecen vivos, presentes en los escenarios, en los bailes, y en la memoria de quienes han hecho del merengue un v\u00ednculo con la identidad dominicana.<\/li>\n<\/ul>\n<p>Hoy, al recordar su <strong>natalicio<\/strong>, se celebra no solo al artista, sino tambi\u00e9n al hombre que logr\u00f3 transformar ritmos y melod\u00edas en parte esencial de la <strong>cultura del pa\u00eds<\/strong>, dejando un <strong>legado<\/strong> que seguir\u00e1 inspirando a generaciones futuras.<\/p>\n<article class=\"border-t border-b py-5 mb-5 component nota-incrustada\">    <span class=\"block mb-2\"><strong>Te puede interesar<\/strong><\/span>        <\/article>\n<p><\/p>\n<p><\/p>\n<p>\u200bHoy se celebra el natalicio de Jose\u00edto Mateo, conocido popularmente como \u201cEl Rey del Merengue\u201d, una de las figuras m\u00e1s representativas de la m\u00fasica dominicana y un exponente que dej\u00f3 una huella imborrable en la cultura popular del pa\u00eds. Su legado art\u00edstico se extiende por m\u00e1s de 70 a\u00f1os, per\u00edodo durante el cual se convirti\u00f3 en un s\u00edmbolo de la dominicanidad y de la capacidad del merengue para trascender generaciones.La carrera de Mateo comenz\u00f3 en la d\u00e9cada de 1930, un tiempo en que la escena musical local estaba en plena formaci\u00f3n. Con perseverancia y talento, fue ganando reconocimiento hasta que surgi\u00f3 la oportunidad de colaborar con la disquera Seeco y formar parte de la orquesta Sonora Matancera, con grabaciones previstas en La Habana, Cuba. En ese per\u00edodo compuso e interpret\u00f3 piezas como El negrito del batey, tema que posteriormente se asociar\u00eda con el tambi\u00e9n dominicano Alberto Beltr\u00e1n, quien recibi\u00f3 el apodo inspirado en la obra de Mateo.Durante su estad\u00eda en Cuba, se vincul\u00f3 con el grupo Sonora Matancera y comparti\u00f3 escenario con Celia Cruz, consolidando su experiencia y visibilidad internacional. Posteriormente se traslad\u00f3 a Puerto Rico, convirti\u00e9ndose en el primer cantante en colaborar con El Gran Combo de Puerto Rico tras el asesinato de Rafael Trujillo en 1961. En 1962 particip\u00f3 como vocalista en la primera gira del Gran Combo a Panam\u00e1, donde dej\u00f3 su sello y estableci\u00f3 relaciones con figuras j\u00f3venes como Pell\u00edn Rodr\u00edguez y Andy Monta\u00f1ez, quienes eventualmente lo reemplazar\u00edan. A pesar de su \u00e9xito, Mateo regres\u00f3 a Rep\u00fablica Dominicana para enfrentar el estigma pol\u00edtico asociado a quienes trabajaron durante la dictadura de Trujillo.        View this post on Instagram            A post shared by Ministerio de Cultura RD (@miculturard) La labor art\u00edstica de Mateo se nutri\u00f3 de las ra\u00edces del merengue y de otras expresiones populares, consolidando un estilo \u00fanico que combinaba canto, baile y presencia esc\u00e9nica. Su repertorio incluye canciones que siguen resonando en el imaginario colectivo dominicano, como Madame Chuch\u00ed, Dame la visa, La cotorra de Rosa y La patrulla, entre otras.https:\/\/resources.diariolibre.com\/images\/binrepository\/image_content_10120353_20180611114352.jpgFoto de archivo deJose\u00edto Mateo.A lo largo de su trayectoria, Mateo recibi\u00f3 m\u00faltiples reconocimientos. En 2004 obtuvo el premio Gran Soberano, mientras que en 2010 fue distinguido por la Academia Latina de la Grabaci\u00f3n con el premio a la Excelencia Musical en la 11\u00aa entrega de los Grammy Latinos, en reconocimiento a su contribuci\u00f3n a la m\u00fasica latina y su papel en la consolidaci\u00f3n del merengue como patrimonio cultural.Su fallecimiento    Jose\u00edto Mateo falleci\u00f3 el 31 de mayo de 2018, a los 98 a\u00f1os, tras ser diagnosticado con leucemia. Su partida marc\u00f3 el cierre de un ciclo hist\u00f3rico, pero su m\u00fasica, su estilo y su influencia permanecen vivos, presentes en los escenarios, en los bailes, y en la memoria de quienes han hecho del merengue un v\u00ednculo con la identidad dominicana.Hoy, al recordar su natalicio, se celebra no solo al artista, sino tambi\u00e9n al hombre que logr\u00f3 transformar ritmos y melod\u00edas en parte esencial de la cultura del pa\u00eds, dejando un legado que seguir\u00e1 inspirando a generaciones futuras.    Te puede interesar\u00a0\u00a0Revista, M\u00fasica, Diario Libre, Santo Domingo, Cantante, Jose\u00edto Mateo, natalicio de Jose\u00edto Mateo, Muerte de Jose\u00edto Mateo\u00a0<\/p>\n","protected":false},"excerpt":{"rendered":"<p>Hoy se celebra el natalicio de Jose\u00edto Mateo, conocido popularmente como \u201cEl Rey del Merengue\u201d, una de las figuras m\u00e1s representativas de la m\u00fasica dominicana y un exponente que dej\u00f3 una huella imborrable en la cultura popular del pa\u00eds. Su legado art\u00edstico se extiende por m\u00e1s de 70 a\u00f1os, per\u00edodo durante el cual se convirti\u00f3 [&hellip;]<\/p>\n","protected":false},"author":1,"featured_media":13424,"comment_status":"open","ping_status":"open","sticky":false,"template":"","format":"standard","meta":{"amp_status":"","footnotes":""},"categories":[9],"tags":[],"class_list":["post-13687","post","type-post","status-publish","format-standard","has-post-thumbnail","hentry","category-espectaculo"],"_links":{"self":[{"href":"https:\/\/ermdigital.com\/index.php?rest_route=\/wp\/v2\/posts\/13687","targetHints":{"allow":["GET"]}}],"collection":[{"href":"https:\/\/ermdigital.com\/index.php?rest_route=\/wp\/v2\/posts"}],"about":[{"href":"https:\/\/ermdigital.com\/index.php?rest_route=\/wp\/v2\/types\/post"}],"author":[{"embeddable":true,"href":"https:\/\/ermdigital.com\/index.php?rest_route=\/wp\/v2\/users\/1"}],"replies":[{"embeddable":true,"href":"https:\/\/ermdigital.com\/index.php?rest_route=%2Fwp%2Fv2%2Fcomments&post=13687"}],"version-history":[{"count":0,"href":"https:\/\/ermdigital.com\/index.php?rest_route=\/wp\/v2\/posts\/13687\/revisions"}],"wp:featuredmedia":[{"embeddable":true,"href":"https:\/\/ermdigital.com\/index.php?rest_route=\/wp\/v2\/media\/13424"}],"wp:attachment":[{"href":"https:\/\/ermdigital.com\/index.php?rest_route=%2Fwp%2Fv2%2Fmedia&parent=13687"}],"wp:term":[{"taxonomy":"category","embeddable":true,"href":"https:\/\/ermdigital.com\/index.php?rest_route=%2Fwp%2Fv2%2Fcategories&post=13687"},{"taxonomy":"post_tag","embeddable":true,"href":"https:\/\/ermdigital.com\/index.php?rest_route=%2Fwp%2Fv2%2Ftags&post=13687"}],"curies":[{"name":"wp","href":"https:\/\/api.w.org\/{rel}","templated":true}]}}