{"id":13662,"date":"2026-04-06T09:03:00","date_gmt":"2026-04-06T13:03:00","guid":{"rendered":"https:\/\/ermdigital.com\/index.php\/2026\/04\/06\/joyeria-cliff-anuncia-alianza-con-karina-fabian\/"},"modified":"2026-04-06T09:03:00","modified_gmt":"2026-04-06T13:03:00","slug":"joyeria-cliff-anuncia-alianza-con-karina-fabian","status":"publish","type":"post","link":"https:\/\/ermdigital.com\/?p=13662","title":{"rendered":"Joyer\u00eda Cliff anuncia alianza con Karina Fabi\u00e1n"},"content":{"rendered":"<p>En un exclusivo encuentro que redefine los c\u00f3digos del lujo <em>bespoke <\/em>en la ciudad, la <strong>joyer\u00eda Cliff<\/strong> <strong>present\u00f3<\/strong> oficialmente su <strong>alianza estrat\u00e9gica<\/strong> con la influencer <strong>Karina Fabi\u00e1n<\/strong>. <\/p>\n<p>De esta sinergia nace \u201c<strong>Cliff by Karina Fabi\u00e1n<\/strong>\u201d, un <em><strong>joint venture<\/strong><\/em> estructurado junto a los <strong>expertos italianos<\/strong> Fabrizio Chiocchetti y Fabrizia Scarica, que fusiona la m\u00e1s rigurosa curadur\u00eda gemol\u00f3gica internacional al mercado joyero dominicano.<\/p>\n<p>Durante la <strong>velada<\/strong>, un selecto grupo de <strong>invitados<\/strong> conoci\u00f3 de primera mano la <strong>filosof\u00eda<\/strong> detr\u00e1s de esta sinergia.<\/p>\n<figure class=\"inline-block\">\n<div class=\"expand-img-placeholder\"><img loading=\"lazy\" decoding=\"async\" src=\"https:\/\/resources.diariolibre.com\/images\/expand.svg\" alt=\"Expandir imagen\" width=\"20\" height=\"20\"><span class=\"rutaimagenoriginal-placeholder\">https:\/\/resources.diariolibre.com\/images\/2026\/04\/06\/joya-cliff-2-10dad491.jpeg<\/span><\/div>\n<p><img decoding=\"async\" loading=\"lazy\" src=\"https:\/\/resources.diariolibre.com\/images\/2026\/04\/06\/joya-cliff-2-10dad491.jpeg\" width=\"auto\" height=\"350\" alt=\"[object HTMLTextAreaElement]\" class=\"mx-auto\"><figcaption><span>Lorna Lama, Fabrizia Scarica, Jacqueline Soto y Carmen L\u00f3pez.<\/span><span> (<strong>FUENTE EXTERNA<\/strong>)<\/span><\/figcaption><\/figure>\n<p>La alianza capitaliza la <strong>infraestructura<\/strong> y las conexiones hist\u00f3ricas de <strong>Cliff<\/strong> en Europa, particularmente su acceso a piedras preciosas de inversi\u00f3n y su producci\u00f3n directa en Arezzo, Toscana, mientras <strong>Karina Fabi\u00e1n<\/strong> asume la direcci\u00f3n creativa para concebir piezas irrepetibles.<\/p>\n<p>Los anfitriones compartieron con los asistentes que pudieron conocer que, bajo esta alianza, <strong>no se fabricar\u00e1n<\/strong> <strong>dos joyas iguales<\/strong>. El modelo de servicio invita al cliente a seleccionar una gema de la <strong>colecci\u00f3n privada<\/strong> de la joyer\u00eda.<\/p>\n<h2><strong>Colaboraci\u00f3n<\/strong><\/h2>\n<ul>\n<li>Lejos de la producci\u00f3n en serie, este <em><strong>joint venture<\/strong><\/em> dom\u00ednico-italiano garantiza que cada creaci\u00f3n sea forjada por <strong>maestros orfebres<\/strong>. La experiencia en Santo Domingo se complementa con proyecciones digitales que permiten al cliente visualizar la pieza antes de su realizaci\u00f3n material, asegurando una <strong>hiper-personalizaci\u00f3n<\/strong> sin precedentes.<\/li>\n<\/ul>\n<p>Como sello de garant\u00eda ante esta nueva etapa comercial, los <strong>directivos<\/strong> de <strong>Cliff<\/strong> y Fabi\u00e1n reafirmaron su <strong>compromiso<\/strong> con la excelencia y la durabilidad.<\/p>\n<article class=\"border-t border-b py-5 mb-5 component nota-incrustada\">    <span class=\"block mb-2\"><strong>Te puede interesar<\/strong><\/span>                <\/p>\n<h2><a href=\"https:\/\/www.diariolibre.com\/revista\/sociales\/2025\/09\/16\/joarla-caridad-presenta-nueva-coleccion\/3247300?utm_source=relacionadas&amp;utm_medium=nota&amp;utm_campaign=relacionadas\" title=\"Joarla Caridad presenta su colecci\u00f3n de joyer\u00eda contempor\u00e1nea\">Joarla Caridad presenta su colecci\u00f3n de joyer\u00eda contempor\u00e1nea<\/a><\/h2>\n<\/article>\n<p><\/p>\n<p>\u200bEn un exclusivo encuentro que redefine los c\u00f3digos del lujo bespoke en la ciudad, la joyer\u00eda Cliff present\u00f3 oficialmente su alianza estrat\u00e9gica con la influencer Karina Fabi\u00e1n. De esta sinergia nace \u201cCliff by Karina Fabi\u00e1n\u201d, un joint venture estructurado junto a los expertos italianos Fabrizio Chiocchetti y Fabrizia Scarica, que fusiona la m\u00e1s rigurosa curadur\u00eda gemol\u00f3gica internacional al mercado joyero dominicano.Durante la velada, un selecto grupo de invitados conoci\u00f3 de primera mano la filosof\u00eda detr\u00e1s de esta sinergia.https:\/\/resources.diariolibre.com\/images\/2026\/04\/06\/joya-cliff-2-10dad491.jpegLorna Lama, Fabrizia Scarica, Jacqueline Soto y Carmen L\u00f3pez. (FUENTE EXTERNA)La alianza capitaliza la infraestructura y las conexiones hist\u00f3ricas de Cliff en Europa, particularmente su acceso a piedras preciosas de inversi\u00f3n y su producci\u00f3n directa en Arezzo, Toscana, mientras Karina Fabi\u00e1n asume la direcci\u00f3n creativa para concebir piezas irrepetibles.Los anfitriones compartieron con los asistentes que pudieron conocer que, bajo esta alianza, no se fabricar\u00e1n dos joyas iguales. El modelo de servicio invita al cliente a seleccionar una gema de la colecci\u00f3n privada de la joyer\u00eda.Colaboraci\u00f3n    Lejos de la producci\u00f3n en serie, este joint venture dom\u00ednico-italiano garantiza que cada creaci\u00f3n sea forjada por maestros orfebres. La experiencia en Santo Domingo se complementa con proyecciones digitales que permiten al cliente visualizar la pieza antes de su realizaci\u00f3n material, asegurando una hiper-personalizaci\u00f3n sin precedentes.Como sello de garant\u00eda ante esta nueva etapa comercial, los directivos de Cliff y Fabi\u00e1n reafirmaron su compromiso con la excelencia y la durabilidad.    Te puede interesar                Joarla Caridad presenta su colecci\u00f3n de joyer\u00eda contempor\u00e1nea\u00a0\u00a0Revista, Sociales, Diario Libre, Santo Domingo, Colaboraci\u00f3n, Joyas, Joyer\u00eda Cliff, Karina Fabi\u00e1n\u00a0<\/p>\n","protected":false},"excerpt":{"rendered":"<p>En un exclusivo encuentro que redefine los c\u00f3digos del lujo bespoke en la ciudad, la joyer\u00eda Cliff present\u00f3 oficialmente su alianza estrat\u00e9gica con la influencer Karina Fabi\u00e1n. De esta sinergia nace \u201cCliff by Karina Fabi\u00e1n\u201d, un joint venture estructurado junto a los expertos italianos Fabrizio Chiocchetti y Fabrizia Scarica, que fusiona la m\u00e1s rigurosa curadur\u00eda [&hellip;]<\/p>\n","protected":false},"author":1,"featured_media":13385,"comment_status":"open","ping_status":"open","sticky":false,"template":"","format":"standard","meta":{"amp_status":"","footnotes":""},"categories":[9],"tags":[],"class_list":["post-13662","post","type-post","status-publish","format-standard","has-post-thumbnail","hentry","category-espectaculo"],"_links":{"self":[{"href":"https:\/\/ermdigital.com\/index.php?rest_route=\/wp\/v2\/posts\/13662","targetHints":{"allow":["GET"]}}],"collection":[{"href":"https:\/\/ermdigital.com\/index.php?rest_route=\/wp\/v2\/posts"}],"about":[{"href":"https:\/\/ermdigital.com\/index.php?rest_route=\/wp\/v2\/types\/post"}],"author":[{"embeddable":true,"href":"https:\/\/ermdigital.com\/index.php?rest_route=\/wp\/v2\/users\/1"}],"replies":[{"embeddable":true,"href":"https:\/\/ermdigital.com\/index.php?rest_route=%2Fwp%2Fv2%2Fcomments&post=13662"}],"version-history":[{"count":0,"href":"https:\/\/ermdigital.com\/index.php?rest_route=\/wp\/v2\/posts\/13662\/revisions"}],"wp:featuredmedia":[{"embeddable":true,"href":"https:\/\/ermdigital.com\/index.php?rest_route=\/wp\/v2\/media\/13385"}],"wp:attachment":[{"href":"https:\/\/ermdigital.com\/index.php?rest_route=%2Fwp%2Fv2%2Fmedia&parent=13662"}],"wp:term":[{"taxonomy":"category","embeddable":true,"href":"https:\/\/ermdigital.com\/index.php?rest_route=%2Fwp%2Fv2%2Fcategories&post=13662"},{"taxonomy":"post_tag","embeddable":true,"href":"https:\/\/ermdigital.com\/index.php?rest_route=%2Fwp%2Fv2%2Ftags&post=13662"}],"curies":[{"name":"wp","href":"https:\/\/api.w.org\/{rel}","templated":true}]}}