{"id":13356,"date":"2026-04-05T18:04:00","date_gmt":"2026-04-05T22:04:00","guid":{"rendered":"https:\/\/ermdigital.com\/index.php\/2026\/04\/05\/el-agradecimiento-de-christian-nodal-a-los-dominicanos\/"},"modified":"2026-04-05T18:04:00","modified_gmt":"2026-04-05T22:04:00","slug":"el-agradecimiento-de-christian-nodal-a-los-dominicanos","status":"publish","type":"post","link":"https:\/\/ermdigital.com\/?p=13356","title":{"rendered":"El agradecimiento de Christian Nodal a los dominicanos"},"content":{"rendered":"<p>Con una colecci\u00f3n de fotograf\u00edas de su <strong>concierto<\/strong> y la emblem\u00e1tica canci\u00f3n \u201cBachata rosa\u201d del maestro Juan Luis Guerra, <strong>agradeci\u00f3<\/strong> la noche de este domingo <strong>Christian Nodal<\/strong> a la Rep\u00fablica Dominicana por el apoyo que le brind\u00f3 en su <strong>concierto<\/strong> presentado en el pa\u00eds.<\/p>\n<p>\u201c<strong>Pa\u2019l Cora Tour<\/strong>\u201d se present\u00f3 \u00a0la noche del s\u00e1bado santo en las piedras de <strong>Alto de Chav\u00f3n<\/strong> en <strong>La Romana<\/strong>. <\/p>\n<p>El <strong>concierto<\/strong> fue un rotundo \u00e9xito, durante el cual el artista interpret\u00f3 <strong>39 canciones<\/strong> y logr\u00f3 una conexi\u00f3n especial con el p\u00fablico dominicano. Es la segunda vez que el cantante mexicano se presenta en el pa\u00eds.<\/p>\n<h2>Reacciones y agradecimientos de <strong>Christian Nodal<\/strong><\/h2>\n<p>\u201c<strong>La Romana<\/strong>  ?? de esas tierras benditas que te hacen querer quedarte por siempre! Gracias por tanto amor. L@s llev\u00f3 siempre en mi pecho. Desde ya so\u00f1ando con volver a verl@s!\u201d poste\u00f3 el originario de <strong>Sonora<\/strong>, M\u00e9xico, en su cuenta de <strong>Instagram<\/strong> junto a un carrete de fotograf\u00edas.<\/p>\n<div class=\"w-full pt-2 float-left inside-related\">    <span class=\"border-b border-black pb-3 mb-4 block\"><strong>RELACIONADAS<\/strong><\/span>                <\/p>\n<article class=\"flex flex-wrap border-b pb-4 mb-3 inline-block\">\n<div class=\"xl:w-2\/12 w-4\/12\">\n<figure class=\"mb-0\">                                                    <a href=\"https:\/\/www.diariolibre.com\/revista\/musica\/2026\/04\/04\/altos-de-chavon-se-prepara-para-recibir-a-christian-nodal\/3491789?utm_source=relacionadas&amp;utm_medium=nota&amp;utm_campaign=relacionadas\" title=\"                                                                                                                            \">                                                                <img decoding=\"async\" loading=\"lazy\" src=\"https:\/\/resources.diariolibre.com\/images\/2026\/04\/04\/altos-de-chavon-se-prepara-para-recibir-a-christian-nodal-34a27e35-focus-0-0-149-99.jpg\" width=\"149\" height=\"99\" title=\"Altos de Chav\u00f3n se llena de expectativa antes del concierto de Christian Nodal\" alt=\"Altos de Chav\u00f3n se llena de expectativa antes del concierto de Christian Nodal\" class=\"object-cover\">                                                            <\/a>                                            <\/figure>\n<\/p><\/div>\n<div class=\"xl:w-10\/12 w-8\/12 pl-3\">\n<div class=\"text-md mb-2 meta\">                        <a href=\"https:\/\/www.diariolibre.com\/revista\/musica\" title=\"M\u00fasica\">M\u00fasica<\/a>                    <\/div>\n<h2><a href=\"https:\/\/www.diariolibre.com\/revista\/musica\/2026\/04\/04\/altos-de-chavon-se-prepara-para-recibir-a-christian-nodal\/3491789?utm_source=relacionadas&amp;utm_medium=nota&amp;utm_campaign=relacionadas\" title=\"Altos de Chav\u00f3n se llena de expectativa antes del concierto de Christian Nodal\">Altos de Chav\u00f3n se llena de expectativa antes del concierto de Christian Nodal<\/a><\/h2>\n<\/p><\/div>\n<\/article>\n<article class=\"flex flex-wrap border-b pb-4 mb-3 inline-block\">\n<div class=\"xl:w-2\/12 w-4\/12\">\n<figure class=\"mb-0\">                                                    <a href=\"https:\/\/www.diariolibre.com\/revista\/musica\/2026\/04\/05\/concierto-de-nodal-en-chavon-rompe-expectativa\/3491984?utm_source=relacionadas&amp;utm_medium=nota&amp;utm_campaign=relacionadas\" title=\"                                                                                                                            \">                                                                <img decoding=\"async\" loading=\"lazy\" src=\"https:\/\/resources.diariolibre.com\/images\/2026\/04\/05\/concierto-de-nodal-en-chavon-rompe-expectativa-67e8516c-focus-0-0-149-99.jpg\" width=\"149\" height=\"99\" title=\"Nodal conquista Altos de Chav\u00f3n tras larga espera y desata una noche de emociones, sombreros y sue\u00f1o\" alt=\"Nodal conquista Altos de Chav\u00f3n tras larga espera y desata una noche de emociones, sombreros y sue\u00f1o\" class=\"object-cover\">                                                            <\/a>                                            <\/figure>\n<\/p><\/div>\n<div class=\"xl:w-10\/12 w-8\/12 pl-3\">\n<div class=\"text-md mb-2 meta\">                        <a href=\"https:\/\/www.diariolibre.com\/revista\/musica\" title=\"M\u00fasica\">M\u00fasica<\/a>                    <\/div>\n<h2><a href=\"https:\/\/www.diariolibre.com\/revista\/musica\/2026\/04\/05\/concierto-de-nodal-en-chavon-rompe-expectativa\/3491984?utm_source=relacionadas&amp;utm_medium=nota&amp;utm_campaign=relacionadas\" title=\"Nodal conquista Altos de Chav\u00f3n tras larga espera y desata una noche de emociones, sombreros y sue\u00f1o\">Nodal conquista Altos de Chav\u00f3n tras larga espera y desata una noche de emociones, sombreros y sue\u00f1o<\/a><\/h2>\n<\/p><\/div>\n<\/article><\/div>\n<ul>\n<li>La primera era suya mirando la playa. Las otras fueron de parte del <strong>concierto<\/strong>. Una de ellas fue la de una joven que portaba un <strong>cartel\u00f3n<\/strong> pidi\u00e9ndole cantar con \u00e9l. Pedido que fue cumplido con el tema que interpreta junto a su esposa \u00c1ngela Aguilar \u201c<strong>Dime c\u00f3mo quieres<\/strong>\u201d.<\/li>\n<\/ul>\n<p>A las pocas horas la publicaci\u00f3n ten\u00eda m\u00e1s de 70 mil \u201cme gusta\u201d y comentarios de apoyos superiores a los 2,000, lo que muestra lo querido que es el int\u00e9rprete de <strong>regional mexicana<\/strong> en RD.<\/p>\n<div class=\"social-embed mb-4\">\n<blockquote class=\"instagram-media\" data-instgrm-captioned=\"\" data-instgrm-permalink=\"https:\/\/www.instagram.com\/p\/DWxDc6DlSaT\/?utm_source=ig_embed&amp;utm_campaign=loading\" data-instgrm-version=\"14\">\n<div> <a href=\"https:\/\/www.instagram.com\/p\/DWxDc6DlSaT\/?utm_source=ig_embed&amp;utm_campaign=loading\" target=\"_blank\" title=\"       Ver esta publicaci\u00f3n en Instagram            \" rel=\"nofollow noopener noreferrer\"> <\/p>\n<div>\n<div><\/div>\n<div>\n<div><\/div>\n<div><\/div>\n<\/div>\n<\/div>\n<div><\/div>\n<div><\/div>\n<div>\n<div>Ver esta publicaci\u00f3n en Instagram<\/div>\n<\/div>\n<div><\/div>\n<div>\n<div>\n<div><\/div>\n<div><\/div>\n<div><\/div>\n<\/div>\n<div>\n<div><\/div>\n<div><\/div>\n<\/div>\n<div>\n<div><\/div>\n<div><\/div>\n<div><\/div>\n<\/div>\n<\/div>\n<div>\n<div><\/div>\n<div><\/div>\n<\/div>\n<p><\/a><\/p>\n<p><a href=\"https:\/\/www.instagram.com\/p\/DWxDc6DlSaT\/?utm_source=ig_embed&amp;utm_campaign=loading\" target=\"_blank\" title=\"Una publicaci\u00f3n compartida por EL FORAJIDO     (@nodal)\" rel=\"nofollow noopener noreferrer\">Una publicaci\u00f3n compartida por EL FORAJIDO     (@nodal)<\/a><\/p>\n<\/div>\n<\/blockquote>\n<div class=\"lazyload\" data-script=\"https:\/\/www.instagram.com\/embed.js\"><\/div>\n<\/div>\n<p>\u200bCon una colecci\u00f3n de fotograf\u00edas de su concierto y la emblem\u00e1tica canci\u00f3n \u201cBachata rosa\u201d del maestro Juan Luis Guerra, agradeci\u00f3 la noche de este domingo Christian Nodal a la Rep\u00fablica Dominicana por el apoyo que le brind\u00f3 en su concierto presentado en el pa\u00eds.\u201cPa\u2019l Cora Tour\u201d se present\u00f3 \u00a0la noche del s\u00e1bado santo en las piedras de Alto de Chav\u00f3n en La Romana. El concierto fue un rotundo \u00e9xito, durante el cual el artista interpret\u00f3 39 canciones y logr\u00f3 una conexi\u00f3n especial con el p\u00fablico dominicano. Es la segunda vez que el cantante mexicano se presenta en el pa\u00eds.Reacciones y agradecimientos de Christian Nodal\u201cLa Romana  ?? de esas tierras benditas que te hacen querer quedarte por siempre! Gracias por tanto amor. L@s llev\u00f3 siempre en mi pecho. Desde ya so\u00f1ando con volver a verl@s!\u201d poste\u00f3 el originario de Sonora, M\u00e9xico, en su cuenta de Instagram junto a un carrete de fotograf\u00edas.    RELACIONADAS                                                                                                                                                                                                                                                                                                                                                            M\u00fasica                                        Altos de Chav\u00f3n se llena de expectativa antes del concierto de Christian Nodal                                                                                                                                                                                                                                                                                                                                                                                            M\u00fasica                                        Nodal conquista Altos de Chav\u00f3n tras larga espera y desata una noche de emociones, sombreros y sue\u00f1o                                        La primera era suya mirando la playa. Las otras fueron de parte del concierto. Una de ellas fue la de una joven que portaba un cartel\u00f3n pidi\u00e9ndole cantar con \u00e9l. Pedido que fue cumplido con el tema que interpreta junto a su esposa \u00c1ngela Aguilar \u201cDime c\u00f3mo quieres\u201d.A las pocas horas la publicaci\u00f3n ten\u00eda m\u00e1s de 70 mil \u201cme gusta\u201d y comentarios de apoyos superiores a los 2,000, lo que muestra lo querido que es el int\u00e9rprete de regional mexicana en RD.        Ver esta publicaci\u00f3n en Instagram            Una publicaci\u00f3n compartida por EL FORAJIDO     (@nodal)\u00a0\u00a0Revista, M\u00fasica, Diario Libre, Santo Domingo, Altos de Chav\u00f3n, Christian Nodal, Concierto de Christian Nodal\u00a0<\/p>\n","protected":false},"excerpt":{"rendered":"<p>Con una colecci\u00f3n de fotograf\u00edas de su concierto y la emblem\u00e1tica canci\u00f3n \u201cBachata rosa\u201d del maestro Juan Luis Guerra, agradeci\u00f3 la noche de este domingo Christian Nodal a la Rep\u00fablica Dominicana por el apoyo que le brind\u00f3 en su concierto presentado en el pa\u00eds. \u201cPa\u2019l Cora Tour\u201d se present\u00f3 \u00a0la noche del s\u00e1bado santo en [&hellip;]<\/p>\n","protected":false},"author":1,"featured_media":13002,"comment_status":"open","ping_status":"open","sticky":false,"template":"","format":"standard","meta":{"amp_status":"","footnotes":""},"categories":[9],"tags":[],"class_list":["post-13356","post","type-post","status-publish","format-standard","has-post-thumbnail","hentry","category-espectaculo"],"_links":{"self":[{"href":"https:\/\/ermdigital.com\/index.php?rest_route=\/wp\/v2\/posts\/13356","targetHints":{"allow":["GET"]}}],"collection":[{"href":"https:\/\/ermdigital.com\/index.php?rest_route=\/wp\/v2\/posts"}],"about":[{"href":"https:\/\/ermdigital.com\/index.php?rest_route=\/wp\/v2\/types\/post"}],"author":[{"embeddable":true,"href":"https:\/\/ermdigital.com\/index.php?rest_route=\/wp\/v2\/users\/1"}],"replies":[{"embeddable":true,"href":"https:\/\/ermdigital.com\/index.php?rest_route=%2Fwp%2Fv2%2Fcomments&post=13356"}],"version-history":[{"count":0,"href":"https:\/\/ermdigital.com\/index.php?rest_route=\/wp\/v2\/posts\/13356\/revisions"}],"wp:featuredmedia":[{"embeddable":true,"href":"https:\/\/ermdigital.com\/index.php?rest_route=\/wp\/v2\/media\/13002"}],"wp:attachment":[{"href":"https:\/\/ermdigital.com\/index.php?rest_route=%2Fwp%2Fv2%2Fmedia&parent=13356"}],"wp:term":[{"taxonomy":"category","embeddable":true,"href":"https:\/\/ermdigital.com\/index.php?rest_route=%2Fwp%2Fv2%2Fcategories&post=13356"},{"taxonomy":"post_tag","embeddable":true,"href":"https:\/\/ermdigital.com\/index.php?rest_route=%2Fwp%2Fv2%2Ftags&post=13356"}],"curies":[{"name":"wp","href":"https:\/\/api.w.org\/{rel}","templated":true}]}}