{"id":13355,"date":"2026-04-05T20:01:00","date_gmt":"2026-04-06T00:01:00","guid":{"rendered":"https:\/\/ermdigital.com\/index.php\/2026\/04\/05\/todo-tchaikovsky-concierto-de-la-filarmonica-de-santo-domingo\/"},"modified":"2026-04-05T20:01:00","modified_gmt":"2026-04-06T00:01:00","slug":"todo-tchaikovsky-concierto-de-la-filarmonica-de-santo-domingo","status":"publish","type":"post","link":"https:\/\/ermdigital.com\/?p=13355","title":{"rendered":"Todo Tchaikovsky: concierto de la Filarm\u00f3nica de Santo Domingo"},"content":{"rendered":"<p>La <strong>Filarm\u00f3nica de Santo Domingo<\/strong>, bajo la direcci\u00f3n del maestro <strong>Amaury S\u00e1nchez<\/strong>, presentar\u00e1 el pr\u00f3ximo 22 de abril el concierto <strong>\u201cTodo Tchaikovsky\u201d<\/strong>, una velada dedicada \u00edntegramente a la obra del compositor ruso <strong>Piotr Ilich Chaikovski<\/strong>, en el <strong>Teatro Nacional Eduardo Brito<\/strong>, con el violinista estadounidense <strong>Philippe Quint<\/strong> como solista invitado.<\/p>\n<p>El programa incluir\u00e1 dos de las piezas m\u00e1s emblem\u00e1ticas del repertorio rom\u00e1ntico: el <strong>Concierto para viol\u00edn y orquesta en re mayor, op. 35<\/strong>, interpretado por Quint, y la <strong>Sinfon\u00eda n.\u00ba 5 en mi menor<\/strong>, a cargo de la orquesta en la segunda parte de la noche.<\/p>\n<p><strong>Philippe Quint<\/strong>, considerado uno de los violinistas m\u00e1s destacados de su generaci\u00f3n, asumir\u00e1 el <strong>rol solista<\/strong> en esta obra de gran exigencia t\u00e9cnica y expresiva, ampliamente reconocida dentro del repertorio para viol\u00edn.<\/p>\n<p><strong>Amaury S\u00e1nchez<\/strong>, quien tambi\u00e9n se desempe\u00f1a como viceministro de <strong>Creatividad y Formaci\u00f3n Art\u00edstica<\/strong> del <strong>Ministerio de Cultura<\/strong>, ofreci\u00f3 detalles del concierto y adelant\u00f3 aspectos de la agenda art\u00edstica que desarrollar\u00e1 durante el resto del a\u00f1o.<\/p>\n<h2>\u2014Nos puede compartir detalles del nuevo concierto.<\/h2>\n<p>S\u00ed, me quedan tres <strong>conciertos cl\u00e1sicos<\/strong>. Quer\u00eda que la primera parte del a\u00f1o, de enero a junio, fueran cl\u00e1sicos. Llegamos ahora a <strong>Todo Tchaikovsky<\/strong>, con el afamado violinista <strong>Philip Quint<\/strong>, que lleva como 14 a\u00f1os sin venir al pa\u00eds, y lo conseguimos gracias al apoyo de la <strong>Fundaci\u00f3n Sinfon\u00eda.<\/strong><\/p>\n<p>Tambi\u00e9n incluir\u00e1 la que para m\u00ed es la sinfon\u00eda m\u00e1s grande de este m\u00fasico, la <strong>Sinfon\u00eda n\u00famero 5<\/strong>, un mar de m\u00fasica, en mi menor. Va a ser una gran noche.<\/p>\n<figure class=\"inline-block\">\n<div class=\"expand-img-placeholder\"><img loading=\"lazy\" decoding=\"async\" src=\"https:\/\/resources.diariolibre.com\/images\/expand.svg\" alt=\"Expandir imagen\" width=\"20\" height=\"20\"><span class=\"rutaimagenoriginal-placeholder\">https:\/\/resources.diariolibre.com\/images\/2026\/04\/05\/imagen-phillipe2-128d079a.jpg<\/span><\/div>\n<p><img decoding=\"async\" loading=\"lazy\" src=\"https:\/\/resources.diariolibre.com\/images\/2026\/04\/05\/imagen-phillipe2-128d079a.jpg\" width=\"auto\" height=\"350\" alt=\"Infograf\u00eda\" class=\"mx-auto\"><figcaption><span>El violinista Philippe Quint.<\/span><\/figcaption><\/figure>\n<h2>\u2014\u00bfEsa es su <strong>predilecta<\/strong>?<\/h2>\n<p>De <strong>Tchaikovsky<\/strong> es la que m\u00e1s me gusta. En segundo lugar, la cuarta, en tercer lugar, la sexta.<strong> La tercera<\/strong>, la primera y la segunda se interpretan muy poco; la tercera se llama \u201cPolaca\u201d. Y la primera y la segunda pr\u00e1cticamente no se tocan.<\/p>\n<h2>\u2014\u00bfQui\u00e9n los acompa\u00f1ar\u00e1?<\/h2>\n<p>Estaremos junto a la <strong>Orquesta Filarm\u00f3nica de Santo Domingo<\/strong>, que tendr\u00e1 <strong>71 m\u00fasicos<\/strong> para esa ocasi\u00f3n, por el tipo de orquestaci\u00f3n que amerita tanto el concierto como la sinfon\u00eda. Vamos a tener una <strong>gran orquesta<\/strong> para ese d\u00eda.<\/p>\n<h2>\u2014\u00bfQu\u00e9 sigue?<\/h2>\n<p>Me quedan dos m\u00e1s. El 27 de mayo ser\u00e1 <strong>Todo dominicano<\/strong>, con el <strong>Concierto para saxof\u00f3n y orquesta de Bienvenido Bustamante<\/strong>, con mangulinas y merengues, y la serenata de <strong>Julio Alberto Hern\u00e1ndez<\/strong>, una serie de cosas muy lindas de la m\u00fasica dominicana. <\/p>\n<p>Y terminamos el 8 de julio con un invitado internacional: <strong>Luis Gorelik<\/strong>, que viene desde Argentina para dirigir la grandiosa <strong>Sinfon\u00eda N\u00ba 1 Titan de Mahler<\/strong>, junto a una obra corta llamada <strong>Fuga y misterio de Astor Piazzolla<\/strong>.<\/p>\n<h2>\u2014Y habr\u00e1 un gran cierre&#8230;<\/h2>\n<p>S\u00ed, yo tom\u00e9 clases con el maestro Gorelik hace mucho tiempo, en el a\u00f1o 98 y 99, en la <strong>Universidad de Concepci\u00f3n<\/strong>, en Chile, y somos muy amigos desde esa \u00e9poca. As\u00ed que aprovecharemos su visita, despu\u00e9s del concierto, para hacer un <strong>masterclass de direcci\u00f3n de orquesta<\/strong> y algo con la <strong>orquesta juvenil<\/strong>. Eso es algo que \u00e9l me ha cedido porque quiere hacerlo por el pa\u00eds.<\/p>\n<div class=\"w-full pt-2 float-left inside-related\">    <span class=\"border-b border-black pb-3 mb-4 block\"><strong>RELACIONADAS<\/strong><\/span>                <\/p>\n<article class=\"flex flex-wrap border-b pb-4 mb-3 inline-block\">\n<div class=\"xl:w-2\/12 w-4\/12\">\n<figure class=\"mb-0\">                                                    <a href=\"https:\/\/www.diariolibre.com\/revista\/musica\/2025\/08\/29\/todo-hollywood-revivira-la-magia-del-cine-en-el-teatro-nacional\/3227101?utm_source=relacionadas&amp;utm_medium=nota&amp;utm_campaign=relacionadas\" title=\"                                                                                                                            \">                                                                <img decoding=\"async\" loading=\"lazy\" src=\"https:\/\/resources.diariolibre.com\/images\/2025\/08\/28\/whatsapp-image-2025-08-28-at-110343-am-913d0348-focus-0.03-0.43-149-99.jpg\" width=\"149\" height=\"99\" title=\"Amaury S\u00e1nchez revivir\u00e1 la magia del cine en \u201cTodo Hollywood\u201d \" alt=\"Amaury S\u00e1nchez revivir\u00e1 la magia del cine en \u201cTodo Hollywood\u201d \" class=\"object-cover\">                                                            <\/a>                                            <\/figure>\n<\/p><\/div>\n<div class=\"xl:w-10\/12 w-8\/12 pl-3\">\n<div class=\"text-md mb-2 meta\">                        <a href=\"https:\/\/www.diariolibre.com\/revista\/musica\" title=\"M\u00fasica\">M\u00fasica<\/a>                    <\/div>\n<h2><a href=\"https:\/\/www.diariolibre.com\/revista\/musica\/2025\/08\/29\/todo-hollywood-revivira-la-magia-del-cine-en-el-teatro-nacional\/3227101?utm_source=relacionadas&amp;utm_medium=nota&amp;utm_campaign=relacionadas\" title=\"Amaury S\u00e1nchez revivir\u00e1 la magia del cine en \u201cTodo Hollywood\u201d \">Amaury S\u00e1nchez revivir\u00e1 la magia del cine en \u201cTodo Hollywood\u201d <\/a><\/h2>\n<\/p><\/div>\n<\/article><\/div>\n<h2>\u2014C\u00f3mo se mueve el p\u00fablico?<\/h2>\n<p>En otra \u00e9poca, cuando est\u00e1bamos en la <strong>Orquesta Sinf\u00f3nica Nacional<\/strong>, las temporadas eran de enero a junio, corridas, todos los mi\u00e9rcoles. La temporada de la Orquesta Sinf\u00f3nica ahora empieza en septiembre, un periodo muy corto. Esto quiere decir que yo estoy aprovechando desde enero o febrero hasta junio para hacer mis <strong>conciertos espaciados<\/strong>.<\/p>\n<h3>\u2014\u00bfY qu\u00e9 gran proyecto viene el a\u00f1o que viene?<\/h3>\n<p>En 2027 se cumplen los 200 a\u00f1os de la muerte de <strong>Beethoven<\/strong>, as\u00ed que dedicaremos la temporada de la Filarm\u00f3nica a un ciclo de las <strong>nueve sinfon\u00edas<\/strong> de Beethoven. Haremos dos por mes: la primera con la tercera, la segunda con la quinta, la cuarta con la s\u00e9ptima; y la sexta con octava tendr\u00e1 un gran invitado, un gran amigo, <strong>Darwin Aquino<\/strong>, si Dios lo permite. <\/p>\n<p>El \u00faltimo concierto ser\u00e1 la grandiosa <strong>Novena Sinfon\u00eda<\/strong>, con un coro, grandioso.<\/p>\n<h2>\u2014\u00bfY usted tambi\u00e9n sale al exterior como director?<\/h2>\n<p>S\u00ed, voy a <strong>Panam\u00e1<\/strong> el 15 de abril a dirigir la <strong>Sinf\u00f3nica de Panam\u00e1<\/strong>, con m\u00fasica dominicana, con cuatro bailarines folcl\u00f3ricos. Me llevo a <strong>Jessy Savery<\/strong>, la artista que estamos utilizando como base de la Filarm\u00f3nica, porque hace de todo. Y tambi\u00e9n se est\u00e1 cuajando un gran concierto con la <strong>Orquesta del Conservatorio de Par\u00eds<\/strong>.<\/p>\n<div class=\"my-12 component web-insert relative border bg-component\">    <span class=\"text-xl block my-3 component-title glosa\"><strong>El cine se fortalece y la cultura se abre al gran p\u00fablico<\/strong><\/span>    <\/p>\n<p class=\"insert-subtitle\">\n<p>\u2014Maestro, antes de concluir, \u00bfc\u00f3mo vamos con el cine?<\/p>\n<p>El cine va muy bien. El Centro de Investigaci\u00f3n y Promoci\u00f3n para Am\u00e9rica Central de Derechos Humanos (CIPAC) en este primer trimestre ha sido incre\u00edble: reuniones que empiezan a las 10 de la ma\u00f1ana y terminan casi a la 1 de la madrugada, con 31, 27, hasta 24 propuestas. Como habr\u00e1n podido notar, ha vuelto la confianza para las coproducciones y para la producci\u00f3n extranjera. F\u00edjate que Keanu Reeves estuvo aqu\u00ed estos d\u00edas, con toda la confianza del mundo, invirtiendo. Han vuelto los inversionistas que se hab\u00edan rezagado, las asociaciones bancarias, los aeropuertos. Hay un ambiente en la DGI m\u00e1s abierto con el se\u00f1or Urrutia, donde se han corregido muchas cosas y somos m\u00e1s flexibles. Situaciones que antes ocasionaban contratiempos ahora se examinan de manera m\u00e1s di\u00e1fana. El cine, como todos sabemos, tiene un gran aporte al producto interno bruto.<\/p>\n<p>\u2014\u00bfY en la parte popular?<\/p>\n<p>La parte popular viene despu\u00e9s. Estamos planeando un gran concierto con \u00c1ngela Carrasco Sinf\u00f3nico, b\u00e1sicamente el 25 de julio, y quiz\u00e1s el pr\u00f3ximo fin de semana en Santiago. Vengo con un Rock Sinf\u00f3nico, pero en espa\u00f1ol, con un tributo a Man\u00e1, Enanitos verdes y Cerati. Y cerrar\u00e9 en diciembre con Todo Hollywood: temas de pel\u00edculas y canciones de las pel\u00edculas de Navidad.<\/p>\n<\/div>\n<p>\u200bLa Filarm\u00f3nica de Santo Domingo, bajo la direcci\u00f3n del maestro Amaury S\u00e1nchez, presentar\u00e1 el pr\u00f3ximo 22 de abril el concierto \u201cTodo Tchaikovsky\u201d, una velada dedicada \u00edntegramente a la obra del compositor ruso Piotr Ilich Chaikovski, en el Teatro Nacional Eduardo Brito, con el violinista estadounidense Philippe Quint como solista invitado.El programa incluir\u00e1 dos de las piezas m\u00e1s emblem\u00e1ticas del repertorio rom\u00e1ntico: el Concierto para viol\u00edn y orquesta en re mayor, op. 35, interpretado por Quint, y la Sinfon\u00eda n.\u00ba 5 en mi menor, a cargo de la orquesta en la segunda parte de la noche.Philippe Quint, considerado uno de los violinistas m\u00e1s destacados de su generaci\u00f3n, asumir\u00e1 el rol solista en esta obra de gran exigencia t\u00e9cnica y expresiva, ampliamente reconocida dentro del repertorio para viol\u00edn.Amaury S\u00e1nchez, quien tambi\u00e9n se desempe\u00f1a como viceministro de Creatividad y Formaci\u00f3n Art\u00edstica del Ministerio de Cultura, ofreci\u00f3 detalles del concierto y adelant\u00f3 aspectos de la agenda art\u00edstica que desarrollar\u00e1 durante el resto del a\u00f1o.\u2014Nos puede compartir detalles del nuevo concierto.S\u00ed, me quedan tres conciertos cl\u00e1sicos. Quer\u00eda que la primera parte del a\u00f1o, de enero a junio, fueran cl\u00e1sicos. Llegamos ahora a Todo Tchaikovsky, con el afamado violinista Philip Quint, que lleva como 14 a\u00f1os sin venir al pa\u00eds, y lo conseguimos gracias al apoyo de la Fundaci\u00f3n Sinfon\u00eda.Tambi\u00e9n incluir\u00e1 la que para m\u00ed es la sinfon\u00eda m\u00e1s grande de este m\u00fasico, la Sinfon\u00eda n\u00famero 5, un mar de m\u00fasica, en mi menor. Va a ser una gran noche.https:\/\/resources.diariolibre.com\/images\/2026\/04\/05\/imagen-phillipe2-128d079a.jpgEl violinista Philippe Quint.\u2014\u00bfEsa es su predilecta?De Tchaikovsky es la que m\u00e1s me gusta. En segundo lugar, la cuarta, en tercer lugar, la sexta. La tercera, la primera y la segunda se interpretan muy poco; la tercera se llama \u201cPolaca\u201d. Y la primera y la segunda pr\u00e1cticamente no se tocan.\u2014\u00bfQui\u00e9n los acompa\u00f1ar\u00e1?Estaremos junto a la Orquesta Filarm\u00f3nica de Santo Domingo, que tendr\u00e1 71 m\u00fasicos para esa ocasi\u00f3n, por el tipo de orquestaci\u00f3n que amerita tanto el concierto como la sinfon\u00eda. Vamos a tener una gran orquesta para ese d\u00eda.\u2014\u00bfQu\u00e9 sigue?Me quedan dos m\u00e1s. El 27 de mayo ser\u00e1 Todo dominicano, con el Concierto para saxof\u00f3n y orquesta de Bienvenido Bustamante, con mangulinas y merengues, y la serenata de Julio Alberto Hern\u00e1ndez, una serie de cosas muy lindas de la m\u00fasica dominicana. Y terminamos el 8 de julio con un invitado internacional: Luis Gorelik, que viene desde Argentina para dirigir la grandiosa Sinfon\u00eda N\u00ba 1 Titan de Mahler, junto a una obra corta llamada Fuga y misterio de Astor Piazzolla.\u2014Y habr\u00e1 un gran cierre&#8230;S\u00ed, yo tom\u00e9 clases con el maestro Gorelik hace mucho tiempo, en el a\u00f1o 98 y 99, en la Universidad de Concepci\u00f3n, en Chile, y somos muy amigos desde esa \u00e9poca. As\u00ed que aprovecharemos su visita, despu\u00e9s del concierto, para hacer un masterclass de direcci\u00f3n de orquesta y algo con la orquesta juvenil. Eso es algo que \u00e9l me ha cedido porque quiere hacerlo por el pa\u00eds.    RELACIONADAS                                                                                                                                                                                                                                                                                                                                                            M\u00fasica                                        Amaury S\u00e1nchez revivir\u00e1 la magia del cine en \u201cTodo Hollywood\u201d                                     \u2014C\u00f3mo se mueve el p\u00fablico?En otra \u00e9poca, cuando est\u00e1bamos en la Orquesta Sinf\u00f3nica Nacional, las temporadas eran de enero a junio, corridas, todos los mi\u00e9rcoles. La temporada de la Orquesta Sinf\u00f3nica ahora empieza en septiembre, un periodo muy corto. Esto quiere decir que yo estoy aprovechando desde enero o febrero hasta junio para hacer mis conciertos espaciados.\u2014\u00bfY qu\u00e9 gran proyecto viene el a\u00f1o que viene?En 2027 se cumplen los 200 a\u00f1os de la muerte de Beethoven, as\u00ed que dedicaremos la temporada de la Filarm\u00f3nica a un ciclo de las nueve sinfon\u00edas de Beethoven. Haremos dos por mes: la primera con la tercera, la segunda con la quinta, la cuarta con la s\u00e9ptima; y la sexta con octava tendr\u00e1 un gran invitado, un gran amigo, Darwin Aquino, si Dios lo permite. El \u00faltimo concierto ser\u00e1 la grandiosa Novena Sinfon\u00eda, con un coro, grandioso.\u2014\u00bfY usted tambi\u00e9n sale al exterior como director?S\u00ed, voy a Panam\u00e1 el 15 de abril a dirigir la Sinf\u00f3nica de Panam\u00e1, con m\u00fasica dominicana, con cuatro bailarines folcl\u00f3ricos. Me llevo a Jessy Savery, la artista que estamos utilizando como base de la Filarm\u00f3nica, porque hace de todo. Y tambi\u00e9n se est\u00e1 cuajando un gran concierto con la Orquesta del Conservatorio de Par\u00eds.    El cine se fortalece y la cultura se abre al gran p\u00fablico        \u2014Maestro, antes de concluir, \u00bfc\u00f3mo vamos con el cine?El cine va muy bien. El Centro de Investigaci\u00f3n y Promoci\u00f3n para Am\u00e9rica Central de Derechos Humanos (CIPAC) en este primer trimestre ha sido incre\u00edble: reuniones que empiezan a las 10 de la ma\u00f1ana y terminan casi a la 1 de la madrugada, con 31, 27, hasta 24 propuestas. Como habr\u00e1n podido notar, ha vuelto la confianza para las coproducciones y para la producci\u00f3n extranjera. F\u00edjate que Keanu Reeves estuvo aqu\u00ed estos d\u00edas, con toda la confianza del mundo, invirtiendo. Han vuelto los inversionistas que se hab\u00edan rezagado, las asociaciones bancarias, los aeropuertos. Hay un ambiente en la DGI m\u00e1s abierto con el se\u00f1or Urrutia, donde se han corregido muchas cosas y somos m\u00e1s flexibles. Situaciones que antes ocasionaban contratiempos ahora se examinan de manera m\u00e1s di\u00e1fana. El cine, como todos sabemos, tiene un gran aporte al producto interno bruto.\u2014\u00bfY en la parte popular?La parte popular viene despu\u00e9s. Estamos planeando un gran concierto con \u00c1ngela Carrasco Sinf\u00f3nico, b\u00e1sicamente el 25 de julio, y quiz\u00e1s el pr\u00f3ximo fin de semana en Santiago. Vengo con un Rock Sinf\u00f3nico, pero en espa\u00f1ol, con un tributo a Man\u00e1, Enanitos verdes y Cerati. Y cerrar\u00e9 en diciembre con Todo Hollywood: temas de pel\u00edculas y canciones de las pel\u00edculas de Navidad.\u00a0\u00a0Revista, Cultura, Severo Rivera, Santo Domingo, Filarm\u00f3nica de Santo Domingo, Amaury S\u00e1nchez director, Todo Tchaikovsky, Philippe Quint violinista, concierto Todo Tchaikovsky\u00a0<\/p>\n","protected":false},"excerpt":{"rendered":"<p>La Filarm\u00f3nica de Santo Domingo, bajo la direcci\u00f3n del maestro Amaury S\u00e1nchez, presentar\u00e1 el pr\u00f3ximo 22 de abril el concierto \u201cTodo Tchaikovsky\u201d, una velada dedicada \u00edntegramente a la obra del compositor ruso Piotr Ilich Chaikovski, en el Teatro Nacional Eduardo Brito, con el violinista estadounidense Philippe Quint como solista invitado. El programa incluir\u00e1 dos de [&hellip;]<\/p>\n","protected":false},"author":1,"featured_media":13027,"comment_status":"open","ping_status":"open","sticky":false,"template":"","format":"standard","meta":{"amp_status":"","footnotes":""},"categories":[9],"tags":[],"class_list":["post-13355","post","type-post","status-publish","format-standard","has-post-thumbnail","hentry","category-espectaculo"],"_links":{"self":[{"href":"https:\/\/ermdigital.com\/index.php?rest_route=\/wp\/v2\/posts\/13355","targetHints":{"allow":["GET"]}}],"collection":[{"href":"https:\/\/ermdigital.com\/index.php?rest_route=\/wp\/v2\/posts"}],"about":[{"href":"https:\/\/ermdigital.com\/index.php?rest_route=\/wp\/v2\/types\/post"}],"author":[{"embeddable":true,"href":"https:\/\/ermdigital.com\/index.php?rest_route=\/wp\/v2\/users\/1"}],"replies":[{"embeddable":true,"href":"https:\/\/ermdigital.com\/index.php?rest_route=%2Fwp%2Fv2%2Fcomments&post=13355"}],"version-history":[{"count":0,"href":"https:\/\/ermdigital.com\/index.php?rest_route=\/wp\/v2\/posts\/13355\/revisions"}],"wp:featuredmedia":[{"embeddable":true,"href":"https:\/\/ermdigital.com\/index.php?rest_route=\/wp\/v2\/media\/13027"}],"wp:attachment":[{"href":"https:\/\/ermdigital.com\/index.php?rest_route=%2Fwp%2Fv2%2Fmedia&parent=13355"}],"wp:term":[{"taxonomy":"category","embeddable":true,"href":"https:\/\/ermdigital.com\/index.php?rest_route=%2Fwp%2Fv2%2Fcategories&post=13355"},{"taxonomy":"post_tag","embeddable":true,"href":"https:\/\/ermdigital.com\/index.php?rest_route=%2Fwp%2Fv2%2Ftags&post=13355"}],"curies":[{"name":"wp","href":"https:\/\/api.w.org\/{rel}","templated":true}]}}