{"id":13264,"date":"2026-04-05T05:00:00","date_gmt":"2026-04-05T09:00:00","guid":{"rendered":"https:\/\/ermdigital.com\/index.php\/2026\/04\/05\/catholic-core-estetica-de-semana-santa-conquista-a-la-generacion-z\/"},"modified":"2026-04-05T05:00:00","modified_gmt":"2026-04-05T09:00:00","slug":"catholic-core-estetica-de-semana-santa-conquista-a-la-generacion-z","status":"publish","type":"post","link":"https:\/\/ermdigital.com\/?p=13264","title":{"rendered":"\u201cCatholic-core\u201d: est\u00e9tica de Semana Santa conquista a la Generaci\u00f3n Z"},"content":{"rendered":"<p>Llega la <strong>Semana Santa<\/strong>, pero, esta vez, las fronteras entre lo estrictamente sagrado y lo puramente est\u00e9tico se entremezclan en las pantallas de millones de dispositivos. Porque el fervor ya no solo se reza: tambi\u00e9n se viste y se habita.<\/p>\n<p>Y es que mientras cada vez m\u00e1s <strong>j\u00f3venes lucen mantillas<\/strong>, rosarios o medallas religiosas como parte de su indumentaria, o decoran sus casas con v\u00edrgenes e incensarios, una estrella de la m\u00fasica internacional ha llevado la <strong>iconograf\u00eda cristiana<\/strong> a los escenarios y listas de reproducci\u00f3n del mundo entero.\u00a0<\/p>\n<p>As\u00ed es como se entremezclan dos tendencias basadas en fusionar tradici\u00f3n y viralidad: el \u201c<strong>cofrade-core<\/strong>\u201d, que incluye elementos propios de la <strong>Semana Santa<\/strong> en vestimenta o decoraci\u00f3n, y el \u201c<strong>catholic-core<\/strong>\u201d, que se extiende a los detalles visuales asociados al imaginario cristiano en general.<\/p>\n<h2>Cuando las cofrad\u00edas son virales<\/h2>\n<p>Este movimiento es, en esencia, un rescate de la solemnidad lit\u00fargica, que ha saltado desde la penumbra de los templos hasta el escaparate global. De pronto, la nostalgia retro del estilo \u201cY2K\u201d (que evoca los a\u00f1os 2000) parece haber quedado en un segundo plano, sustituido por una <strong>tradici\u00f3n centenaria<\/strong>.<\/p>\n<p>En los muros de <strong>Pinterest<\/strong>, las figuras de v\u00edrgenes y santos se convierten en ideas de decoraci\u00f3n. Y en <strong>Tiktok<\/strong> e Instagram, los v\u00eddeos cortos con \u201coutfits\u201d de mantillas o paseos por iglesias sirven de inspiraci\u00f3n en las pr\u00f3ximas celebraciones.<\/p>\n<p>Pero \u00bfnos encontramos ante una aut\u00e9ntica <strong>primavera espiritual<\/strong> entre los m\u00e1s j\u00f3venes o estas tendencias son solo est\u00e9tica y una nueva ola de postureo dictada por el <strong>algoritmo<\/strong>? La respuesta no es tan simple.<\/p>\n<p>Porque, en un mundo asolado por la complejidad y la sensaci\u00f3n de crisis permanente, lo sagrado no emerge necesariamente como un acto de fe, sino como un <strong>refugio est\u00e9tico<\/strong> y solemne frente al caos de la modernidad. Pero a veces, lo visual es tambi\u00e9n una manera de atraer las miradas hacia lo religioso.<\/p>\n<p>Por ejemplo, para ir m\u00e1s all\u00e1 de la apariencia, hay nombres propios como el de <strong>Carlos Gonz\u00e1lez<\/strong>, conocido en el universo de <strong>TikTok<\/strong>, donde tiene casi 200,000 seguidores, bajo el alias de \u201c<strong>Arco del Postigo<\/strong>\u201d. <\/p>\n<p>\u00c9l es quien firma el <strong>v\u00eddeo cofrade<\/strong> m\u00e1s visto de la historia, que ya atesora alrededor de 9 millones de visualizaciones.<\/p>\n<div class=\"social-embed mb-4\">\n<blockquote class=\"tiktok-embed\" cite=\"https:\/\/www.tiktok.com\/@arcodelpostigo\/video\/7323939801013554465\" data-video-id=\"7323939801013554465\">\n<section> <a target=\"_blank\" title=\"@arcodelpostigo\" href=\"https:\/\/www.tiktok.com\/@arcodelpostigo?refer=embed\" rel=\"nofollow noopener noreferrer\">@arcodelpostigo<\/a> Atento a los cambios <a title=\"semanasanta\" target=\"_blank\" href=\"https:\/\/www.tiktok.com\/tag\/semanasanta?refer=embed\" rel=\"nofollow noopener noreferrer\">#semanasanta<\/a> <a title=\"sevilla\" target=\"_blank\" href=\"https:\/\/www.tiktok.com\/tag\/sevilla?refer=embed\" rel=\"nofollow noopener noreferrer\">#sevilla<\/a> <a title=\"costaleros\" target=\"_blank\" href=\"https:\/\/www.tiktok.com\/tag\/costaleros?refer=embed\" rel=\"nofollow noopener noreferrer\">#costaleros<\/a> <a title=\"pinomontano\" target=\"_blank\" href=\"https:\/\/www.tiktok.com\/tag\/pinomontano?refer=embed\" rel=\"nofollow noopener noreferrer\">#pinomontano<\/a> <a target=\"_blank\" title=\"? sonido original - @arcodelpostigo\" href=\"https:\/\/www.tiktok.com\/music\/sonido-original-7323939830323694368?refer=embed\" rel=\"nofollow noopener noreferrer\">? sonido original &#8211; @arcodelpostigo<\/a> <\/section>\n<\/blockquote>\n<div class=\"lazyload\" data-script=\"https:\/\/www.tiktok.com\/embed.js\"><\/div>\n<\/div>\n<p>En las im\u00e1genes de sus contenidos, que acumulan m\u00e1s de 13 millones de \u201clikes\u201d, el protagonismo lo tiene el <strong>palio de la Concepci\u00f3n<\/strong>, uno de los pasos m\u00e1s pesados de la <strong>Semana Santa<\/strong> sevillana, cuyo avance logr\u00f3 romper moldes y cruzar oc\u00e9anos, llamando la atenci\u00f3n tambi\u00e9n en pa\u00edses de Latinoam\u00e9rica.<\/p>\n<h2><strong>Rosal\u00eda<\/strong> y la reinvenci\u00f3n de lo monacal<\/h2>\n<p>Y, si el \u201c<strong>cofrade-core<\/strong>\u201d prepar\u00f3 el terreno en las fronteras espa\u00f1olas, la expansi\u00f3n definitiva de esta est\u00e9tica sacra a escala internacional tiene tambi\u00e9n nombre propio: <strong>Rosal\u00eda<\/strong>. La estrella catalana ha sido la encargada de elevar el \u201c<strong>catholic-core<\/strong>\u201d al altar del pop mundial con el lanzamiento de su cuarto trabajo de estudio, \u2018LUX\u2019.<\/p>\n<figure class=\"my-12 component infografia\">\n<div class=\"expand-img-placeholder\"><img loading=\"lazy\" decoding=\"async\" src=\"https:\/\/resources.diariolibre.com\/images\/expand.svg\" alt=\"Expandir imagen\" width=\"20\" height=\"20\"><span class=\"rutaimagenoriginal-placeholder\">https:\/\/resources.diariolibre.com\/images\/2026\/04\/03\/saveclipapp56852473513569845091317192922095410071685912n-ec5ac8e7.jpg<\/span><\/div>\n<p><img decoding=\"async\" loading=\"lazy\" src=\"https:\/\/resources.diariolibre.com\/images\/2026\/04\/03\/saveclipapp56852473513569845091317192922095410071685912n-ec5ac8e7.jpg\" width=\"auto\" height=\"350\" alt=\"Infograf\u00eda\" class=\"mx-auto\"><\/figure>\n<p>Publicado el 7 de noviembre de 2025, el \u00e1lbum ha supuesto un <strong>punto de inflexi\u00f3n<\/strong> en su carrera: la artista se ha alejado de las fusiones marcadamente urbanas para sumergirse en las texturas de la m\u00fasica cl\u00e1sica y la \u00f3pera.<\/p>\n<p>Sin embargo, es en el plano visual donde esta tendencia alcanza su m\u00e1xima transgresi\u00f3n: en la iconograf\u00eda de \u2018LUX\u2019, <strong>Rosal\u00eda<\/strong> decora la piel con <strong>cuentas de rosario<\/strong> que recorren sus mu\u00f1ecas como si de una <strong>modificaci\u00f3n corporal<\/strong> se tratase. <\/p>\n<p>En sus apariciones en p\u00fablico, ha mostrado un <strong>nuevo estilo<\/strong> con una decoloraci\u00f3n capilar en forma de aureola.<\/p>\n<p>Adem\u00e1s, los et\u00e9reos vestidos y el color blanco hacen una alegor\u00eda de la purificaci\u00f3n, y el velo que cubre su cabello evoca las tocas de las monjas. Este \u00faltimo hace las veces de capucha en la sudadera que, quiz\u00e1 aprovechando las fechas pr\u00f3ximas a <strong>Semana Santa<\/strong>, la artista ha lanzado en forma de \u201cmerchandising\u201d.<\/p>\n<p>As\u00ed es como el \u201c<strong>catholic-core<\/strong>\u201d ha pasado de ser una est\u00e9tica de nicho a formar parte del pop y de la moda \u201cmainstream\u201d. Hace apenas un par de a\u00f1os, el Daily Mail informaba de que etiquetas como \u201c<strong>darkcatholicismaesthetic<\/strong>\u201d, que fusiona el estilo g\u00f3tico con la <strong>iconograf\u00eda cristiana<\/strong>, ten\u00edan casi 1,000 millones de visualizaciones en <strong>Tiktok<\/strong>.<\/p>\n<figure class=\"inline-block\">\n<div class=\"expand-img-placeholder\"><img loading=\"lazy\" decoding=\"async\" src=\"https:\/\/resources.diariolibre.com\/images\/expand.svg\" alt=\"Expandir imagen\" width=\"20\" height=\"20\"><span class=\"rutaimagenoriginal-placeholder\">https:\/\/resources.diariolibre.com\/images\/2026\/04\/03\/550198037744-4fe4f948.jpg<\/span><\/div>\n<p><img decoding=\"async\" loading=\"lazy\" src=\"https:\/\/resources.diariolibre.com\/images\/2026\/04\/03\/550198037744-4fe4f948.jpg\" width=\"auto\" height=\"350\" alt=\"Infograf\u00eda\" class=\"mx-auto\"><figcaption><span>Las figuras y estampas cat\u00f3licas sirven de inspiraci\u00f3n en los muros de Pinterest, Tiktok e Instagram.<\/span><span> (<strong>HELIN GEZER\/PEXELS<\/strong>)<\/span><\/figcaption><\/figure>\n<p>Hoy, las revistas de moda hablan incluso del \u201c<strong>nuncore<\/strong>\u201d, en el que la est\u00e9tica de las monjas se fusiona con la industria textil m\u00e1s all\u00e1 de los estilos alternativos: los <strong>vestidos de corte monacal <\/strong>y las toquillas desfilan por las pasarelas y ocupan los escaparates f\u00edsicos y digitales.<\/p>\n<h2>Nueva forma de entender la fe<\/h2>\n<p>M\u00e1s all\u00e1 de la viral, est\u00e1 lo acad\u00e9mico: investigadores de la <strong>Universitat Pompeu Fabra<\/strong> (UPF) ya sit\u00faan esta tendencia, en la que la <strong>Semana Santa<\/strong> regional cobra peso, dentro de las coordenadas del \u201c<strong>Nuevo Andalucismo<\/strong>\u201d.\u00a0<\/p>\n<p>Un ejercicio de creatividad en el que la tradici\u00f3n no se hereda de forma pasiva, sino que se reinventa: las <strong>nuevas generaciones<\/strong> deconstruyen su legado para dar vida a lo que los expertos ya denominan como \u201c<strong>neofolclore<\/strong>\u201d.<\/p>\n<p>Esta reinvenci\u00f3n est\u00e1 impactando tambi\u00e9n en la forma que tienen las procesiones de adaptarse a los nuevos tiempos: las marchas y los pasos con los que las <strong>im\u00e1genes circulan<\/strong> por las calles en estas fechas han cambiado los pausados ritmos marciales por melod\u00edas m\u00e1s directas y vertiginosas, adaptadas a la era de la inmediatez.<\/p>\n<p>Es posible que, para los ojos de la ortodoxia, este fen\u00f3meno se perciba como una profanaci\u00f3n desprovista de peso teol\u00f3gico. Sin embargo, para una generaci\u00f3n que intenta mantener el equilibrio en un mundo marcado por la precariedad, la hiperconectividad y la sobreproducci\u00f3n, este <strong>regreso a lo sagrado<\/strong> puede ser mucho m\u00e1s que un capricho visual.\u00a0<\/p>\n<figure class=\"inline-block\">\n<div class=\"expand-img-placeholder\"><img loading=\"lazy\" decoding=\"async\" src=\"https:\/\/resources.diariolibre.com\/images\/expand.svg\" alt=\"Expandir imagen\" width=\"20\" height=\"20\"><span class=\"rutaimagenoriginal-placeholder\">https:\/\/resources.diariolibre.com\/images\/2026\/04\/03\/550198037742-e8cb7cbc.jpg<\/span><\/div>\n<p><img decoding=\"async\" loading=\"lazy\" src=\"https:\/\/resources.diariolibre.com\/images\/2026\/04\/03\/550198037742-e8cb7cbc.jpg\" width=\"auto\" height=\"350\" alt=\"Infograf\u00eda\" class=\"mx-auto\"><figcaption><span>El rosario se ha convertido en una joya o complemento m\u00e1s.<\/span><span> (<strong>LUIS BECERRA\/PEXELS<\/strong>)<\/span><\/figcaption><\/figure>\n<p>As\u00ed, salir a la\u00a0calle con una mantilla sobre el cabello, lucir un rosario como una pieza de joyer\u00eda m\u00e1s, decorar la habitaci\u00f3n con figuras de la <strong>Semana Santa<\/strong> o dejarse envolver por la m\u00fasica lit\u00fargica se convierten, en \u00faltima instancia, en ejercicios de identidad.<\/p>\n<p>Porque, al fundir el misticismo con el \u201cstreetwear\u201d y la <strong>alta costura<\/strong>, estos j\u00f3venes no est\u00e1n demoliendo el folclore ni la fe: est\u00e1n haciendo suyos ambos conceptos, bajo un molde inevitablemente ligado a los <strong>algoritmos<\/strong>. <\/p>\n<p>Y es que en pleno <strong>2026<\/strong>, lo divino y lo viral han dejado de ser polos opuestos para fundirse en las dos caras de un renovado <strong>altar digital<\/strong>.<\/p>\n<div class=\"read-more mb-7\">    <span class=\"block mb-2\">Leer m\u00e1s<\/span>    <\/p>\n<ul class=\"glosa\">\n<li>\n<h3><a href=\"https:\/\/www.diariolibre.com\/revista\/buena-vida\/2026\/04\/03\/claves-para-restablecer-la-espiritualidad-en-semana-santa\/3490036?utm_source=relacionadas&amp;utm_medium=nota&amp;utm_campaign=relacionadas\" title=\"C\u00f3mo restablecer la conexi\u00f3n espiritual en Semana Santa\">C\u00f3mo restablecer la conexi\u00f3n espiritual en Semana Santa<\/a><\/h3>\n<\/li>\n<li>\n<h3><a href=\"https:\/\/www.diariolibre.com\/revista\/buena-vida\/2026\/03\/31\/semana-santa-destinos-que-marcan-tendencia-en-rd\/3487509?utm_source=relacionadas&amp;utm_medium=nota&amp;utm_campaign=relacionadas\" title=\"Los destinos que est\u00e1n definiendo la Semana Santa en Rep\u00fablica Dominicana\">Los destinos que est\u00e1n definiendo la Semana Santa en Rep\u00fablica Dominicana<\/a><\/h3>\n<\/li>\n<li>\n<h3><a href=\"https:\/\/www.diariolibre.com\/revista\/moda\/2022\/04\/15\/cinco-opciones-de-vestir-para-semana-santa\/1771487?utm_source=relacionadas&amp;utm_medium=nota&amp;utm_campaign=relacionadas\" title=\"Cinco opciones de outfits para una Semana Santa con mucho estilo\">Cinco opciones de outfits para una Semana Santa con mucho estilo<\/a><\/h3>\n<\/li>\n<\/ul>\n<\/div>\n<p><\/p>\n<p>\u200bLlega la Semana Santa, pero, esta vez, las fronteras entre lo estrictamente sagrado y lo puramente est\u00e9tico se entremezclan en las pantallas de millones de dispositivos. Porque el fervor ya no solo se reza: tambi\u00e9n se viste y se habita.Y es que mientras cada vez m\u00e1s j\u00f3venes lucen mantillas, rosarios o medallas religiosas como parte de su indumentaria, o decoran sus casas con v\u00edrgenes e incensarios, una estrella de la m\u00fasica internacional ha llevado la iconograf\u00eda cristiana a los escenarios y listas de reproducci\u00f3n del mundo entero.\u00a0As\u00ed es como se entremezclan dos tendencias basadas en fusionar tradici\u00f3n y viralidad: el \u201ccofrade-core\u201d, que incluye elementos propios de la Semana Santa en vestimenta o decoraci\u00f3n, y el \u201ccatholic-core\u201d, que se extiende a los detalles visuales asociados al imaginario cristiano en general.Cuando las cofrad\u00edas son viralesEste movimiento es, en esencia, un rescate de la solemnidad lit\u00fargica, que ha saltado desde la penumbra de los templos hasta el escaparate global. De pronto, la nostalgia retro del estilo \u201cY2K\u201d (que evoca los a\u00f1os 2000) parece haber quedado en un segundo plano, sustituido por una tradici\u00f3n centenaria.En los muros de Pinterest, las figuras de v\u00edrgenes y santos se convierten en ideas de decoraci\u00f3n. Y en Tiktok e Instagram, los v\u00eddeos cortos con \u201coutfits\u201d de mantillas o paseos por iglesias sirven de inspiraci\u00f3n en las pr\u00f3ximas celebraciones.Pero \u00bfnos encontramos ante una aut\u00e9ntica primavera espiritual entre los m\u00e1s j\u00f3venes o estas tendencias son solo est\u00e9tica y una nueva ola de postureo dictada por el algoritmo? La respuesta no es tan simple.Porque, en un mundo asolado por la complejidad y la sensaci\u00f3n de crisis permanente, lo sagrado no emerge necesariamente como un acto de fe, sino como un refugio est\u00e9tico y solemne frente al caos de la modernidad. Pero a veces, lo visual es tambi\u00e9n una manera de atraer las miradas hacia lo religioso.Por ejemplo, para ir m\u00e1s all\u00e1 de la apariencia, hay nombres propios como el de Carlos Gonz\u00e1lez, conocido en el universo de TikTok, donde tiene casi 200,000 seguidores, bajo el alias de \u201cArco del Postigo\u201d. \u00c9l es quien firma el v\u00eddeo cofrade m\u00e1s visto de la historia, que ya atesora alrededor de 9 millones de visualizaciones.  @arcodelpostigo Atento a los cambios #semanasanta #sevilla #costaleros #pinomontano ? sonido original &#8211; @arcodelpostigo   En las im\u00e1genes de sus contenidos, que acumulan m\u00e1s de 13 millones de \u201clikes\u201d, el protagonismo lo tiene el palio de la Concepci\u00f3n, uno de los pasos m\u00e1s pesados de la Semana Santa sevillana, cuyo avance logr\u00f3 romper moldes y cruzar oc\u00e9anos, llamando la atenci\u00f3n tambi\u00e9n en pa\u00edses de Latinoam\u00e9rica.Rosal\u00eda y la reinvenci\u00f3n de lo monacalY, si el \u201ccofrade-core\u201d prepar\u00f3 el terreno en las fronteras espa\u00f1olas, la expansi\u00f3n definitiva de esta est\u00e9tica sacra a escala internacional tiene tambi\u00e9n nombre propio: Rosal\u00eda. La estrella catalana ha sido la encargada de elevar el \u201ccatholic-core\u201d al altar del pop mundial con el lanzamiento de su cuarto trabajo de estudio, \u2018LUX\u2019.https:\/\/resources.diariolibre.com\/images\/2026\/04\/03\/saveclipapp56852473513569845091317192922095410071685912n-ec5ac8e7.jpgPublicado el 7 de noviembre de 2025, el \u00e1lbum ha supuesto un punto de inflexi\u00f3n en su carrera: la artista se ha alejado de las fusiones marcadamente urbanas para sumergirse en las texturas de la m\u00fasica cl\u00e1sica y la \u00f3pera.Sin embargo, es en el plano visual donde esta tendencia alcanza su m\u00e1xima transgresi\u00f3n: en la iconograf\u00eda de \u2018LUX\u2019, Rosal\u00eda decora la piel con cuentas de rosario que recorren sus mu\u00f1ecas como si de una modificaci\u00f3n corporal se tratase. En sus apariciones en p\u00fablico, ha mostrado un nuevo estilo con una decoloraci\u00f3n capilar en forma de aureola.Adem\u00e1s, los et\u00e9reos vestidos y el color blanco hacen una alegor\u00eda de la purificaci\u00f3n, y el velo que cubre su cabello evoca las tocas de las monjas. Este \u00faltimo hace las veces de capucha en la sudadera que, quiz\u00e1 aprovechando las fechas pr\u00f3ximas a Semana Santa, la artista ha lanzado en forma de \u201cmerchandising\u201d.As\u00ed es como el \u201ccatholic-core\u201d ha pasado de ser una est\u00e9tica de nicho a formar parte del pop y de la moda \u201cmainstream\u201d. Hace apenas un par de a\u00f1os, el Daily Mail informaba de que etiquetas como \u201cdarkcatholicismaesthetic\u201d, que fusiona el estilo g\u00f3tico con la iconograf\u00eda cristiana, ten\u00edan casi 1,000 millones de visualizaciones en Tiktok.https:\/\/resources.diariolibre.com\/images\/2026\/04\/03\/550198037744-4fe4f948.jpgLas figuras y estampas cat\u00f3licas sirven de inspiraci\u00f3n en los muros de Pinterest, Tiktok e Instagram. (HELIN GEZER\/PEXELS)Hoy, las revistas de moda hablan incluso del \u201cnuncore\u201d, en el que la est\u00e9tica de las monjas se fusiona con la industria textil m\u00e1s all\u00e1 de los estilos alternativos: los vestidos de corte monacal y las toquillas desfilan por las pasarelas y ocupan los escaparates f\u00edsicos y digitales.Nueva forma de entender la feM\u00e1s all\u00e1 de la viral, est\u00e1 lo acad\u00e9mico: investigadores de la Universitat Pompeu Fabra (UPF) ya sit\u00faan esta tendencia, en la que la Semana Santa regional cobra peso, dentro de las coordenadas del \u201cNuevo Andalucismo\u201d.\u00a0Un ejercicio de creatividad en el que la tradici\u00f3n no se hereda de forma pasiva, sino que se reinventa: las nuevas generaciones deconstruyen su legado para dar vida a lo que los expertos ya denominan como \u201cneofolclore\u201d.Esta reinvenci\u00f3n est\u00e1 impactando tambi\u00e9n en la forma que tienen las procesiones de adaptarse a los nuevos tiempos: las marchas y los pasos con los que las im\u00e1genes circulan por las calles en estas fechas han cambiado los pausados ritmos marciales por melod\u00edas m\u00e1s directas y vertiginosas, adaptadas a la era de la inmediatez.Es posible que, para los ojos de la ortodoxia, este fen\u00f3meno se perciba como una profanaci\u00f3n desprovista de peso teol\u00f3gico. Sin embargo, para una generaci\u00f3n que intenta mantener el equilibrio en un mundo marcado por la precariedad, la hiperconectividad y la sobreproducci\u00f3n, este regreso a lo sagrado puede ser mucho m\u00e1s que un capricho visual.\u00a0https:\/\/resources.diariolibre.com\/images\/2026\/04\/03\/550198037742-e8cb7cbc.jpgEl rosario se ha convertido en una joya o complemento m\u00e1s. (LUIS BECERRA\/PEXELS)As\u00ed, salir a la\u00a0calle con una mantilla sobre el cabello, lucir un rosario como una pieza de joyer\u00eda m\u00e1s, decorar la habitaci\u00f3n con figuras de la Semana Santa o dejarse envolver por la m\u00fasica lit\u00fargica se convierten, en \u00faltima instancia, en ejercicios de identidad.Porque, al fundir el misticismo con el \u201cstreetwear\u201d y la alta costura, estos j\u00f3venes no est\u00e1n demoliendo el folclore ni la fe: est\u00e1n haciendo suyos ambos conceptos, bajo un molde inevitablemente ligado a los algoritmos. Y es que en pleno 2026, lo divino y lo viral han dejado de ser polos opuestos para fundirse en las dos caras de un renovado altar digital.    Leer m\u00e1s                            C\u00f3mo restablecer la conexi\u00f3n espiritual en Semana Santa                            Los destinos que est\u00e1n definiendo la Semana Santa en Rep\u00fablica Dominicana                            Cinco opciones de outfits para una Semana Santa con mucho estilo\u00a0\u00a0Revista, Moda, EFE, Santo Domingo, Semana Santa, Generaci\u00f3n Z, tendencias de moda, Catholic-core\u00a0<\/p>\n","protected":false},"excerpt":{"rendered":"<p>Llega la Semana Santa, pero, esta vez, las fronteras entre lo estrictamente sagrado y lo puramente est\u00e9tico se entremezclan en las pantallas de millones de dispositivos. Porque el fervor ya no solo se reza: tambi\u00e9n se viste y se habita. Y es que mientras cada vez m\u00e1s j\u00f3venes lucen mantillas, rosarios o medallas religiosas como [&hellip;]<\/p>\n","protected":false},"author":1,"featured_media":12662,"comment_status":"open","ping_status":"open","sticky":false,"template":"","format":"standard","meta":{"amp_status":"","footnotes":""},"categories":[9],"tags":[],"class_list":["post-13264","post","type-post","status-publish","format-standard","has-post-thumbnail","hentry","category-espectaculo"],"_links":{"self":[{"href":"https:\/\/ermdigital.com\/index.php?rest_route=\/wp\/v2\/posts\/13264","targetHints":{"allow":["GET"]}}],"collection":[{"href":"https:\/\/ermdigital.com\/index.php?rest_route=\/wp\/v2\/posts"}],"about":[{"href":"https:\/\/ermdigital.com\/index.php?rest_route=\/wp\/v2\/types\/post"}],"author":[{"embeddable":true,"href":"https:\/\/ermdigital.com\/index.php?rest_route=\/wp\/v2\/users\/1"}],"replies":[{"embeddable":true,"href":"https:\/\/ermdigital.com\/index.php?rest_route=%2Fwp%2Fv2%2Fcomments&post=13264"}],"version-history":[{"count":0,"href":"https:\/\/ermdigital.com\/index.php?rest_route=\/wp\/v2\/posts\/13264\/revisions"}],"wp:featuredmedia":[{"embeddable":true,"href":"https:\/\/ermdigital.com\/index.php?rest_route=\/wp\/v2\/media\/12662"}],"wp:attachment":[{"href":"https:\/\/ermdigital.com\/index.php?rest_route=%2Fwp%2Fv2%2Fmedia&parent=13264"}],"wp:term":[{"taxonomy":"category","embeddable":true,"href":"https:\/\/ermdigital.com\/index.php?rest_route=%2Fwp%2Fv2%2Fcategories&post=13264"},{"taxonomy":"post_tag","embeddable":true,"href":"https:\/\/ermdigital.com\/index.php?rest_route=%2Fwp%2Fv2%2Ftags&post=13264"}],"curies":[{"name":"wp","href":"https:\/\/api.w.org\/{rel}","templated":true}]}}