{"id":13263,"date":"2026-04-05T06:04:00","date_gmt":"2026-04-05T10:04:00","guid":{"rendered":"https:\/\/ermdigital.com\/index.php\/2026\/04\/05\/conciertos-de-celine-dion-en-paris-preventas-alcanzan-cifras-record\/"},"modified":"2026-04-05T06:04:00","modified_gmt":"2026-04-05T10:04:00","slug":"conciertos-de-celine-dion-en-paris-preventas-alcanzan-cifras-record","status":"publish","type":"post","link":"https:\/\/ermdigital.com\/?p=13263","title":{"rendered":"Conciertos de C\u00e9line Dion en Par\u00eds: preventas alcanzan cifras r\u00e9cord"},"content":{"rendered":"<p>Las <strong>preventas<\/strong> para los conciertos del <strong>retorno<\/strong> de <strong>C\u00e9line Dion<\/strong> a los escenarios, que tendr\u00e1 lugar en <strong>Par\u00eds<\/strong> en oto\u00f1o con diez recitales, alcanzaron los <strong>nueve millones<\/strong> de inscritos, seg\u00fan cifras divulgadas por la prensa local.<\/p>\n<p>Los distintos <strong>sistemas de preventa<\/strong>, que dar\u00e1n acceso a la compra de entradas la pr\u00f3xima semana a los inscritos que tengan la suerte recibir c\u00f3digos que van a ser sorteados, se abrieron inmediatamente despu\u00e9s de que la estrella canadiense, que padece una rara enfermedad neurol\u00f3gica incurable, anunciase su regreso en un v\u00eddeo en <strong>Instagram<\/strong> la semana pasada.<\/p>\n<p>Hasta el jueves pasado, fecha en la que termin\u00f3 el <strong>plazo para apuntarse<\/strong>, se registraron <strong>nueve millones<\/strong> de inscripciones, seg\u00fan datos recopilados por el diario <strong>Le Parisien<\/strong>, que este domingo destaca este hito en su portada.<\/p>\n<p>La <strong>organizaci\u00f3n<\/strong>, sin embargo, no ha hecho oficialmente comunicaciones sobre la cifra de peticiones. Para quien no consiga el c\u00f3digo, la <strong>venta general<\/strong> de entradas ser\u00e1 el <strong>10 de abril<\/strong>.<\/p>\n<p>Dion ofrecer\u00e1 los <strong>diez conciertos<\/strong> entre <strong>12 de septiembre<\/strong> y el <strong>14 de octubre<\/strong>, en el pabell\u00f3n <strong>La D\u00e9fense Arena<\/strong>, que una tiene capacidad total de unos <strong>40,000<\/strong> espectadores.<\/p>\n<p>\"Estoy tan feliz, estoy lista para hacer esto. Me siento bien, estoy fuerte, me siento emocionada. Por supuesto, un poco nerviosa, pero sobre todo estoy agradecida a todos vosotros. No puedo esperar a veros de nuevo\", expres\u00f3 Dion en su <strong>mensaje<\/strong> el lunes -fecha, adem\u00e1s, de su <strong>58 cumplea\u00f1os<\/strong>&#8211; para confirmar su <strong>retorno<\/strong>.<\/p>\n<p>Era casi un secreto a voces en <strong>Par\u00eds<\/strong>, donde desde la semana pasada hab\u00edan empezado a aparecer misteriosos <strong>carteles<\/strong> con t\u00edtulos de sus <strong>canciones<\/strong>.<\/p>\n<h2>Situaci\u00f3n de salud y trayectoria reciente de C\u00e9line Dion<\/h2>\n<p>Su <strong>\u00faltima actuaci\u00f3n<\/strong> p\u00fablica hab\u00eda sido precisamente en la capital francesa, en la apertura de los <strong>Juegos Ol\u00edmpicos de Par\u00eds<\/strong>, donde interpret\u00f3 'Hymne \u00e0 l\u2019amour', de <strong>Edith Piaf<\/strong>, desde lo alto de la torre <strong>Eiffel<\/strong>.<\/p>\n<div class=\"w-full pt-2 float-left inside-related\">    <span class=\"border-b border-black pb-3 mb-4 block\"><strong>RELACIONADAS<\/strong><\/span>                <\/p>\n<article class=\"flex flex-wrap border-b pb-4 mb-3 inline-block\">\n<div class=\"xl:w-2\/12 w-4\/12\">\n<figure class=\"mb-0\">                                                    <a href=\"https:\/\/www.diariolibre.com\/revista\/musica\/2024\/07\/06\/celine-dion-una-artista-especial\/2778631?utm_source=relacionadas&amp;utm_medium=nota&amp;utm_campaign=relacionadas\" title=\"                                                                                                                            \">                                                                <img decoding=\"async\" loading=\"lazy\" src=\"https:\/\/resources.diariolibre.com\/images\/2024\/07\/06\/55014045276-4-focus-0-0-149-99.jpg\" width=\"149\" height=\"99\" title=\"C\u00e9line Dion, una entre un mill\u00f3n\" alt=\"C\u00e9line Dion, una entre un mill\u00f3n\" class=\"object-cover\">                                                            <\/a>                                            <\/figure>\n<\/p><\/div>\n<div class=\"xl:w-10\/12 w-8\/12 pl-3\">\n<div class=\"text-md mb-2 meta\">                        <a href=\"https:\/\/www.diariolibre.com\/revista\/musica\" title=\"M\u00fasica\">M\u00fasica<\/a>                    <\/div>\n<h2><a href=\"https:\/\/www.diariolibre.com\/revista\/musica\/2024\/07\/06\/celine-dion-una-artista-especial\/2778631?utm_source=relacionadas&amp;utm_medium=nota&amp;utm_campaign=relacionadas\" title=\"C\u00e9line Dion, una entre un mill\u00f3n\">C\u00e9line Dion, una entre un mill\u00f3n<\/a><\/h2>\n<\/p><\/div>\n<\/article>\n<article class=\"flex flex-wrap border-b pb-4 mb-3 inline-block\">\n<div class=\"xl:w-2\/12 w-4\/12\">\n<figure class=\"mb-0\">                                                    <a href=\"https:\/\/www.diariolibre.com\/revista\/musica\/2026\/03\/31\/celine-dion-anuncia-su-regreso-a-los-escenarios\/3487468?utm_source=relacionadas&amp;utm_medium=nota&amp;utm_campaign=relacionadas\" title=\"                                                                                                                            \">                                                                <img decoding=\"async\" loading=\"lazy\" src=\"https:\/\/resources.diariolibre.com\/images\/2026\/03\/31\/celine-dion-anuncia-su-regreso-a-los-escenarios-dad8faf7-focus-min0.02-0.41-149-99.jpg\" width=\"149\" height=\"99\" title=\"C\u00e9line Dion anuncia su regreso a los escenarios con 10 conciertos: Estoy lista para hacer esto\" alt=\"C\u00e9line Dion anuncia su regreso a los escenarios con 10 conciertos: Estoy lista para hacer esto\" class=\"object-cover\">                                                            <\/a>                                            <\/figure>\n<\/p><\/div>\n<div class=\"xl:w-10\/12 w-8\/12 pl-3\">\n<div class=\"text-md mb-2 meta\">                        <a href=\"https:\/\/www.diariolibre.com\/revista\/musica\" title=\"M\u00fasica\">M\u00fasica<\/a>                    <\/div>\n<h2><a href=\"https:\/\/www.diariolibre.com\/revista\/musica\/2026\/03\/31\/celine-dion-anuncia-su-regreso-a-los-escenarios\/3487468?utm_source=relacionadas&amp;utm_medium=nota&amp;utm_campaign=relacionadas\" title=\"C\u00e9line Dion anuncia su regreso a los escenarios con 10 conciertos: Estoy lista para hacer esto\">C\u00e9line Dion anuncia su regreso a los escenarios con 10 conciertos: \"Estoy lista para hacer esto\"<\/a><\/h2>\n<\/p><\/div>\n<\/article><\/div>\n<p>Aquella hab\u00eda sido tambi\u00e9n una reaparici\u00f3n muy esperada, dado que el a\u00f1o anterior hab\u00eda tenido que cancelar su gira mundial <strong>Courage World Tour<\/strong> por los graves problemas que le causa el <strong>s\u00edndrome de la persona r\u00edgida<\/strong> (SPR) que padece, lo que afecta a su sistema nervioso y le provoca espasmos.<\/p>\n<p>La ganadora de <strong>dos Oscar<\/strong> y varios <strong>Grammy<\/strong> debe someterse a un <strong>trabajo intenso<\/strong> para lograr controlar sus m\u00fasculos -incluido para poder realizar las tareas del d\u00eda a d\u00eda, como caminar- y las complicaciones afectan igualmente a sus cuerdas vocales.<\/p>\n<p>Los entresijos de esa lucha los mostr\u00f3 en <strong>2024<\/strong> en el <strong>documental<\/strong> 'I am <strong>C\u00e9line Dion<\/strong>'.<\/p>\n<p>El SPR, sobre el que hay muy poca investigaci\u00f3n cient\u00edfica, es una enfermedad que padecen <strong>muy<\/strong> pocas personas en el mundo y que provoca que, con el paso del tiempo, los pies y las manos se vuelvan r\u00edgidos, hasta el punto de no poder <strong>moverlos<\/strong>.<\/p>\n<p>Su \u00faltimo gran concierto en solitario fue en la primavera de <strong>2020<\/strong>, en <strong>Nueva York<\/strong>, dentro de una gira que tuvo que ser suspendida por la pandemia de <strong>covid-19<\/strong> y que despu\u00e9s no pudo ser retomada por los problemas de salud de Dion.<\/p>\n<p>\u200bLas preventas para los conciertos del retorno de C\u00e9line Dion a los escenarios, que tendr\u00e1 lugar en Par\u00eds en oto\u00f1o con diez recitales, alcanzaron los nueve millones de inscritos, seg\u00fan cifras divulgadas por la prensa local.Los distintos sistemas de preventa, que dar\u00e1n acceso a la compra de entradas la pr\u00f3xima semana a los inscritos que tengan la suerte recibir c\u00f3digos que van a ser sorteados, se abrieron inmediatamente despu\u00e9s de que la estrella canadiense, que padece una rara enfermedad neurol\u00f3gica incurable, anunciase su regreso en un v\u00eddeo en Instagram la semana pasada.Hasta el jueves pasado, fecha en la que termin\u00f3 el plazo para apuntarse, se registraron nueve millones de inscripciones, seg\u00fan datos recopilados por el diario Le Parisien, que este domingo destaca este hito en su portada.La organizaci\u00f3n, sin embargo, no ha hecho oficialmente comunicaciones sobre la cifra de peticiones. Para quien no consiga el c\u00f3digo, la venta general de entradas ser\u00e1 el 10 de abril.Dion ofrecer\u00e1 los diez conciertos entre 12 de septiembre y el 14 de octubre, en el pabell\u00f3n La D\u00e9fense Arena, que una tiene capacidad total de unos 40,000 espectadores.\"Estoy tan feliz, estoy lista para hacer esto. Me siento bien, estoy fuerte, me siento emocionada. Por supuesto, un poco nerviosa, pero sobre todo estoy agradecida a todos vosotros. No puedo esperar a veros de nuevo\", expres\u00f3 Dion en su mensaje el lunes -fecha, adem\u00e1s, de su 58 cumplea\u00f1os- para confirmar su retorno.Era casi un secreto a voces en Par\u00eds, donde desde la semana pasada hab\u00edan empezado a aparecer misteriosos carteles con t\u00edtulos de sus canciones.Situaci\u00f3n de salud y trayectoria reciente de C\u00e9line DionSu \u00faltima actuaci\u00f3n p\u00fablica hab\u00eda sido precisamente en la capital francesa, en la apertura de los Juegos Ol\u00edmpicos de Par\u00eds, donde interpret\u00f3 'Hymne \u00e0 l\u2019amour', de Edith Piaf, desde lo alto de la torre Eiffel.    RELACIONADAS                                                                                                                                                                                                                                                                                                                                                            M\u00fasica                                        C\u00e9line Dion, una entre un mill\u00f3n                                                                                                                                                                                                                                                                                                                                                                                            M\u00fasica                                        C\u00e9line Dion anuncia su regreso a los escenarios con 10 conciertos: \"Estoy lista para hacer esto\"                                    Aquella hab\u00eda sido tambi\u00e9n una reaparici\u00f3n muy esperada, dado que el a\u00f1o anterior hab\u00eda tenido que cancelar su gira mundial Courage World Tour por los graves problemas que le causa el s\u00edndrome de la persona r\u00edgida (SPR) que padece, lo que afecta a su sistema nervioso y le provoca espasmos.La ganadora de dos Oscar y varios Grammy debe someterse a un trabajo intenso para lograr controlar sus m\u00fasculos -incluido para poder realizar las tareas del d\u00eda a d\u00eda, como caminar- y las complicaciones afectan igualmente a sus cuerdas vocales.Los entresijos de esa lucha los mostr\u00f3 en 2024 en el documental 'I am C\u00e9line Dion'.El SPR, sobre el que hay muy poca investigaci\u00f3n cient\u00edfica, es una enfermedad que padecen muy pocas personas en el mundo y que provoca que, con el paso del tiempo, los pies y las manos se vuelvan r\u00edgidos, hasta el punto de no poder moverlos.Su \u00faltimo gran concierto en solitario fue en la primavera de 2020, en Nueva York, dentro de una gira que tuvo que ser suspendida por la pandemia de covid-19 y que despu\u00e9s no pudo ser retomada por los problemas de salud de Dion.\u00a0\u00a0Revista, M\u00fasica, EFE, Par\u00eds, C\u00e9line Dion conciertos Par\u00eds, preventas C\u00e9line Dion, regreso C\u00e9line Dion, s\u00edndrome persona r\u00edgida, entradas C\u00e9line Dion\u00a0<\/p>\n","protected":false},"excerpt":{"rendered":"<p>Las preventas para los conciertos del retorno de C\u00e9line Dion a los escenarios, que tendr\u00e1 lugar en Par\u00eds en oto\u00f1o con diez recitales, alcanzaron los nueve millones de inscritos, seg\u00fan cifras divulgadas por la prensa local. Los distintos sistemas de preventa, que dar\u00e1n acceso a la compra de entradas la pr\u00f3xima semana a los inscritos [&hellip;]<\/p>\n","protected":false},"author":1,"featured_media":12728,"comment_status":"open","ping_status":"open","sticky":false,"template":"","format":"standard","meta":{"amp_status":"","footnotes":""},"categories":[9],"tags":[],"class_list":["post-13263","post","type-post","status-publish","format-standard","has-post-thumbnail","hentry","category-espectaculo"],"_links":{"self":[{"href":"https:\/\/ermdigital.com\/index.php?rest_route=\/wp\/v2\/posts\/13263","targetHints":{"allow":["GET"]}}],"collection":[{"href":"https:\/\/ermdigital.com\/index.php?rest_route=\/wp\/v2\/posts"}],"about":[{"href":"https:\/\/ermdigital.com\/index.php?rest_route=\/wp\/v2\/types\/post"}],"author":[{"embeddable":true,"href":"https:\/\/ermdigital.com\/index.php?rest_route=\/wp\/v2\/users\/1"}],"replies":[{"embeddable":true,"href":"https:\/\/ermdigital.com\/index.php?rest_route=%2Fwp%2Fv2%2Fcomments&post=13263"}],"version-history":[{"count":0,"href":"https:\/\/ermdigital.com\/index.php?rest_route=\/wp\/v2\/posts\/13263\/revisions"}],"wp:featuredmedia":[{"embeddable":true,"href":"https:\/\/ermdigital.com\/index.php?rest_route=\/wp\/v2\/media\/12728"}],"wp:attachment":[{"href":"https:\/\/ermdigital.com\/index.php?rest_route=%2Fwp%2Fv2%2Fmedia&parent=13263"}],"wp:term":[{"taxonomy":"category","embeddable":true,"href":"https:\/\/ermdigital.com\/index.php?rest_route=%2Fwp%2Fv2%2Fcategories&post=13263"},{"taxonomy":"post_tag","embeddable":true,"href":"https:\/\/ermdigital.com\/index.php?rest_route=%2Fwp%2Fv2%2Ftags&post=13263"}],"curies":[{"name":"wp","href":"https:\/\/api.w.org\/{rel}","templated":true}]}}