{"id":13218,"date":"2026-04-04T15:19:00","date_gmt":"2026-04-04T19:19:00","guid":{"rendered":"https:\/\/ermdigital.com\/index.php\/2026\/04\/04\/altos-de-chavon-se-prepara-para-recibir-a-christian-nodal\/"},"modified":"2026-04-04T15:19:00","modified_gmt":"2026-04-04T19:19:00","slug":"altos-de-chavon-se-prepara-para-recibir-a-christian-nodal","status":"publish","type":"post","link":"https:\/\/ermdigital.com\/?p=13218","title":{"rendered":"Altos de Chav\u00f3n se prepara para recibir a Christian Nodal"},"content":{"rendered":"<p><strong>Altos de Chav\u00f3n<\/strong> comienza a <strong>cobrar vida<\/strong> en la antesala del esperado concierto del cantautor mexicano <strong>Christian Nodal<\/strong>, en una tarde de S\u00e1bado Santo marcada por un cielo encapotado que parece anunciar lluvia, pero que no ha logrado opacar el entusiasmo de los asistentes.<\/p>\n<p>Pasadas las <strong>seis de la tarde<\/strong>, los primeros grupos de <strong>fan\u00e1ticos<\/strong> empiezan a llenar el emblem\u00e1tico anfiteatro.<\/p>\n<figure class=\"inline-block\">\n<div class=\"expand-img-placeholder\"><img loading=\"lazy\" decoding=\"async\" src=\"https:\/\/resources.diariolibre.com\/images\/expand.svg\" alt=\"Expandir imagen\" width=\"20\" height=\"20\"><span class=\"rutaimagenoriginal-placeholder\">https:\/\/resources.diariolibre.com\/images\/2026\/04\/06\/whatsapp-image-2026-04-06-at-94458-am-44592e81.jpeg<\/span><\/div>\n<p><img decoding=\"async\" loading=\"lazy\" src=\"https:\/\/resources.diariolibre.com\/images\/2026\/04\/06\/whatsapp-image-2026-04-06-at-94458-am-44592e81.jpeg\" width=\"auto\" height=\"350\" alt=\"Infograf\u00eda\" class=\"mx-auto\"><figcaption><span>Fan\u00e1ticas de Nodal vestidas con el estilo caracter\u00edstico del cantante mexicano. (LUDUIS TAPIA)<\/span><\/figcaption><\/figure>\n<p>Llegan con evidente emoci\u00f3n y ataviados con vestimentas aleg\u00f3ricas a la <strong>cultura mexicana<\/strong>: sombreros charros, botas, flecos y colores vibrantes que aportan un ambiente festivo y aut\u00e9ntico a la velada.<\/p>\n<figure class=\"inline-block\">\n<div class=\"expand-img-placeholder\"><img loading=\"lazy\" decoding=\"async\" src=\"https:\/\/resources.diariolibre.com\/images\/expand.svg\" alt=\"Expandir imagen\" width=\"20\" height=\"20\"><span class=\"rutaimagenoriginal-placeholder\">https:\/\/resources.diariolibre.com\/images\/2026\/04\/06\/whatsapp-image-2026-04-06-at-94500-am-1-3548b036.jpeg<\/span><\/div>\n<p><img decoding=\"async\" loading=\"lazy\" src=\"https:\/\/resources.diariolibre.com\/images\/2026\/04\/06\/whatsapp-image-2026-04-06-at-94500-am-1-3548b036.jpeg\" width=\"auto\" height=\"350\" alt=\"Infograf\u00eda\" class=\"mx-auto\"><figcaption><span>Fan\u00e1ticas de Nodal vestidas con el estilo caracter\u00edstico del cantante mexicano. (LUDUIS TAPIA \/ DIARIO LIBRE)<\/span><\/figcaption><\/figure>\n<ul>\n<li>A pesar de la <strong>incertidumbre clim\u00e1tica<\/strong>, el <strong>flujo de p\u00fablico<\/strong> es constante, mientras el personal de producci\u00f3n afina los \u00faltimos detalles t\u00e9cnicos para garantizar un espect\u00e1culo a la altura de las expectativas.<\/li>\n<\/ul>\n<div class=\"w-full pt-2 float-left inside-related\">    <span class=\"border-b border-black pb-3 mb-4 block\"><strong>RELACIONADAS<\/strong><\/span>                <\/p>\n<article class=\"flex flex-wrap border-b pb-4 mb-3 inline-block\">\n<div class=\"xl:w-2\/12 w-4\/12\">\n<figure class=\"mb-0\">                                                    <a href=\"https:\/\/www.diariolibre.com\/revista\/musica\/2026\/04\/03\/nodal-llega-con-angela-aguilar-para-su-concierto-en-altos-de-chavon\/3491233?utm_source=relacionadas&amp;utm_medium=nota&amp;utm_campaign=relacionadas\" title=\"                                                                                                                            \">                                                                <img decoding=\"async\" loading=\"lazy\" src=\"https:\/\/resources.diariolibre.com\/images\/2026\/04\/04\/nodal-llega-con-su-esposa-angela-aguilar-para-su-concierto-en-chavon-46ff9406-focus-min0.18-0.12-149-99.jpg\" width=\"149\" height=\"99\" title=\"Nodal llega con su esposa \u00c1ngela Aguilar para su concierto en Chav\u00f3n\" alt=\"Nodal llega con su esposa \u00c1ngela Aguilar para su concierto en Chav\u00f3n\" class=\"object-cover\">                                                            <\/a>                                            <\/figure>\n<\/p><\/div>\n<div class=\"xl:w-10\/12 w-8\/12 pl-3\">\n<div class=\"text-md mb-2 meta\">                        <a href=\"https:\/\/www.diariolibre.com\/revista\/musica\" title=\"M\u00fasica\">M\u00fasica<\/a>                    <\/div>\n<h2><a href=\"https:\/\/www.diariolibre.com\/revista\/musica\/2026\/04\/03\/nodal-llega-con-angela-aguilar-para-su-concierto-en-altos-de-chavon\/3491233?utm_source=relacionadas&amp;utm_medium=nota&amp;utm_campaign=relacionadas\" title=\"Nodal llega con su esposa \u00c1ngela Aguilar para su concierto en Chav\u00f3n\">Nodal llega con su esposa \u00c1ngela Aguilar para su concierto en Chav\u00f3n<\/a><\/h2>\n<\/p><\/div>\n<\/article><\/div>\n<h2>Anticipaci\u00f3n<\/h2>\n<p>El ambiente <strong>se siente cargado<\/strong> de anticipaci\u00f3n, con seguidores que corean fragmentos de canciones y se preparan para una noche que promete ser memorable.<\/p>\n<figure class=\"inline-block\">\n<div class=\"expand-img-placeholder\"><img loading=\"lazy\" decoding=\"async\" src=\"https:\/\/resources.diariolibre.com\/images\/expand.svg\" alt=\"Expandir imagen\" width=\"20\" height=\"20\"><span class=\"rutaimagenoriginal-placeholder\">https:\/\/resources.diariolibre.com\/images\/2026\/04\/06\/whatsapp-image-2026-04-06-at-94500-am-0e40d267.jpeg<\/span><\/div>\n<p><img decoding=\"async\" loading=\"lazy\" src=\"https:\/\/resources.diariolibre.com\/images\/2026\/04\/06\/whatsapp-image-2026-04-06-at-94500-am-0e40d267.jpeg\" width=\"auto\" height=\"350\" alt=\"Infograf\u00eda\" class=\"mx-auto\"><figcaption><span>Fan\u00e1ticas de Nodal vestidas con el estilo caracter\u00edstico del cantante mexicano. (LUDUIS TAPIA)<\/span><\/figcaption><\/figure>\n<p>Todo apunta a que, llueva o no, <strong>Altos de Chav\u00f3n<\/strong> ser\u00e1 el escenario de una <strong>celebraci\u00f3n musical<\/strong> donde la conexi\u00f3n entre el artista y su p\u00fablico ser\u00e1 la verdadera protagonista.<\/p>\n<figure class=\"inline-block\">\n<div class=\"expand-img-placeholder\"><img loading=\"lazy\" decoding=\"async\" src=\"https:\/\/resources.diariolibre.com\/images\/expand.svg\" alt=\"Expandir imagen\" width=\"20\" height=\"20\"><span class=\"rutaimagenoriginal-placeholder\">https:\/\/resources.diariolibre.com\/images\/2026\/04\/06\/whatsapp-image-2026-04-06-at-94459-am-3-8a04ac10.jpeg<\/span><\/div>\n<p><img decoding=\"async\" loading=\"lazy\" src=\"https:\/\/resources.diariolibre.com\/images\/2026\/04\/06\/whatsapp-image-2026-04-06-at-94459-am-3-8a04ac10.jpeg\" width=\"auto\" height=\"350\" alt=\"Infograf\u00eda\" class=\"mx-auto\"><figcaption><span>Fan\u00e1ticas de Nodal llegan a Altos de Chav\u00f3n a la espera del cantante. (LUDUIS TAPIA)<\/span><\/figcaption><\/figure>\n<h2>Detalles del concierto<\/h2>\n<p><strong>Altos de Chav\u00f3n<\/strong> reafirma su tradici\u00f3n como uno de los principales escenarios culturales durante la Semana Santa, con una trayectoria de d\u00e9cadas acogiendo presentaciones que han convertido cada <strong>S\u00e1bado Santo<\/strong> en una cita clave dentro del calendario art\u00edstico nacional.<\/p>\n<div class=\"social-embed mb-4\">\n<blockquote class=\"instagram-media\" data-instgrm-permalink=\"https:\/\/www.instagram.com\/reel\/DWuiR5YjtBJ\/?utm_source=ig_embed&amp;utm_campaign=loading\" data-instgrm-version=\"14\">\n<div> <a href=\"https:\/\/www.instagram.com\/reel\/DWuiR5YjtBJ\/?utm_source=ig_embed&amp;utm_campaign=loading\" target=\"_blank\" title=\"       View this post on Instagram            \" rel=\"nofollow noopener noreferrer\"> <\/p>\n<div>\n<div><\/div>\n<div>\n<div><\/div>\n<div><\/div>\n<\/div>\n<\/div>\n<div><\/div>\n<div><\/div>\n<div>\n<div>View this post on Instagram<\/div>\n<\/div>\n<div><\/div>\n<div>\n<div>\n<div><\/div>\n<div><\/div>\n<div><\/div>\n<\/div>\n<div>\n<div><\/div>\n<div><\/div>\n<\/div>\n<div>\n<div><\/div>\n<div><\/div>\n<div><\/div>\n<\/div>\n<\/div>\n<div>\n<div><\/div>\n<div><\/div>\n<\/div>\n<p><\/a><\/p>\n<p><a href=\"https:\/\/www.instagram.com\/reel\/DWuiR5YjtBJ\/?utm_source=ig_embed&amp;utm_campaign=loading\" target=\"_blank\" title=\"A post shared by Diario Libre (@diariolibre)\" rel=\"nofollow noopener noreferrer\">A post shared by Diario Libre (@diariolibre)<\/a><\/p>\n<\/div>\n<\/blockquote>\n<div class=\"lazyload\" data-script=\"https:\/\/www.instagram.com\/embed.js\"><\/div>\n<\/div>\n<p>El cantautor mexicano <strong>Christian Nodal<\/strong> llega al emblem\u00e1tico anfiteatro como parte de su gira internacional <strong>Pa\u2019l Cora Tour<\/strong>, integr\u00e1ndose a la esperada cartelera de la fecha.<\/p>\n<figure class=\"inline-block\">\n<div class=\"expand-img-placeholder\"><img loading=\"lazy\" decoding=\"async\" src=\"https:\/\/resources.diariolibre.com\/images\/expand.svg\" alt=\"Expandir imagen\" width=\"20\" height=\"20\"><span class=\"rutaimagenoriginal-placeholder\">https:\/\/resources.diariolibre.com\/images\/2026\/04\/06\/whatsapp-image-2026-04-06-at-94458-am-1-3c5f9dfc.jpeg<\/span><\/div>\n<p><img decoding=\"async\" loading=\"lazy\" src=\"https:\/\/resources.diariolibre.com\/images\/2026\/04\/06\/whatsapp-image-2026-04-06-at-94458-am-1-3c5f9dfc.jpeg\" width=\"auto\" height=\"350\" alt=\"Infograf\u00eda\" class=\"mx-auto\"><figcaption><span>Ambiente previo el concierto de Cristian Nodal ( Luduis Tapia )<\/span><\/figcaption><\/figure>\n<p>De acuerdo con sus organizadores, el artista ofrecer\u00e1 un recorrido por los temas m\u00e1s representativos de su carrera ante miles de fan\u00e1ticos dominicanos, en un espect\u00e1culo que contar\u00e1 con una producci\u00f3n de alto nivel a cargo del<strong> productor Gamal Hach\u00e9,<\/strong> reconocido por la calidad de sus montajes en este escenario.\u00a0El evento est\u00e1 organizado por<em> PAV Events<\/em>, bajo la direcci\u00f3n de Pablo Pou.<\/p>\n<p>\u200bAltos de Chav\u00f3n comienza a cobrar vida en la antesala del esperado concierto del cantautor mexicano Christian Nodal, en una tarde de S\u00e1bado Santo marcada por un cielo encapotado que parece anunciar lluvia, pero que no ha logrado opacar el entusiasmo de los asistentes.Pasadas las seis de la tarde, los primeros grupos de fan\u00e1ticos empiezan a llenar el emblem\u00e1tico anfiteatro.https:\/\/resources.diariolibre.com\/images\/2026\/04\/06\/whatsapp-image-2026-04-06-at-94458-am-44592e81.jpegFan\u00e1ticas de Nodal vestidas con el estilo caracter\u00edstico del cantante mexicano. (LUDUIS TAPIA)Llegan con evidente emoci\u00f3n y ataviados con vestimentas aleg\u00f3ricas a la cultura mexicana: sombreros charros, botas, flecos y colores vibrantes que aportan un ambiente festivo y aut\u00e9ntico a la velada.https:\/\/resources.diariolibre.com\/images\/2026\/04\/06\/whatsapp-image-2026-04-06-at-94500-am-1-3548b036.jpegFan\u00e1ticas de Nodal vestidas con el estilo caracter\u00edstico del cantante mexicano. (LUDUIS TAPIA \/ DIARIO LIBRE)    A pesar de la incertidumbre clim\u00e1tica, el flujo de p\u00fablico es constante, mientras el personal de producci\u00f3n afina los \u00faltimos detalles t\u00e9cnicos para garantizar un espect\u00e1culo a la altura de las expectativas.    RELACIONADAS                                                                                                                                                                                                                                                                                                                                                            M\u00fasica                                        Nodal llega con su esposa \u00c1ngela Aguilar para su concierto en Chav\u00f3n                                    Anticipaci\u00f3nEl ambiente se siente cargado de anticipaci\u00f3n, con seguidores que corean fragmentos de canciones y se preparan para una noche que promete ser memorable.https:\/\/resources.diariolibre.com\/images\/2026\/04\/06\/whatsapp-image-2026-04-06-at-94500-am-0e40d267.jpegFan\u00e1ticas de Nodal vestidas con el estilo caracter\u00edstico del cantante mexicano. (LUDUIS TAPIA)Todo apunta a que, llueva o no, Altos de Chav\u00f3n ser\u00e1 el escenario de una celebraci\u00f3n musical donde la conexi\u00f3n entre el artista y su p\u00fablico ser\u00e1 la verdadera protagonista.https:\/\/resources.diariolibre.com\/images\/2026\/04\/06\/whatsapp-image-2026-04-06-at-94459-am-3-8a04ac10.jpegFan\u00e1ticas de Nodal llegan a Altos de Chav\u00f3n a la espera del cantante. (LUDUIS TAPIA)Detalles del conciertoAltos de Chav\u00f3n reafirma su tradici\u00f3n como uno de los principales escenarios culturales durante la Semana Santa, con una trayectoria de d\u00e9cadas acogiendo presentaciones que han convertido cada S\u00e1bado Santo en una cita clave dentro del calendario art\u00edstico nacional.        View this post on Instagram            A post shared by Diario Libre (@diariolibre) El cantautor mexicano Christian Nodal llega al emblem\u00e1tico anfiteatro como parte de su gira internacional Pa\u2019l Cora Tour, integr\u00e1ndose a la esperada cartelera de la fecha.https:\/\/resources.diariolibre.com\/images\/2026\/04\/06\/whatsapp-image-2026-04-06-at-94458-am-1-3c5f9dfc.jpegAmbiente previo el concierto de Cristian Nodal ( Luduis Tapia )De acuerdo con sus organizadores, el artista ofrecer\u00e1 un recorrido por los temas m\u00e1s representativos de su carrera ante miles de fan\u00e1ticos dominicanos, en un espect\u00e1culo que contar\u00e1 con una producci\u00f3n de alto nivel a cargo del productor Gamal Hach\u00e9, reconocido por la calidad de sus montajes en este escenario.\u00a0El evento est\u00e1 organizado por PAV Events, bajo la direcci\u00f3n de Pablo Pou.\u00a0\u00a0Revista, M\u00fasica, Jeury Fr\u00edas, La Romana, Conciertos, Altos de Chav\u00f3n, Christian Nodal\u00a0<\/p>\n","protected":false},"excerpt":{"rendered":"<p>Altos de Chav\u00f3n comienza a cobrar vida en la antesala del esperado concierto del cantautor mexicano Christian Nodal, en una tarde de S\u00e1bado Santo marcada por un cielo encapotado que parece anunciar lluvia, pero que no ha logrado opacar el entusiasmo de los asistentes. Pasadas las seis de la tarde, los primeros grupos de fan\u00e1ticos [&hellip;]<\/p>\n","protected":false},"author":1,"featured_media":12461,"comment_status":"open","ping_status":"open","sticky":false,"template":"","format":"standard","meta":{"amp_status":"","footnotes":""},"categories":[9],"tags":[],"class_list":["post-13218","post","type-post","status-publish","format-standard","has-post-thumbnail","hentry","category-espectaculo"],"_links":{"self":[{"href":"https:\/\/ermdigital.com\/index.php?rest_route=\/wp\/v2\/posts\/13218","targetHints":{"allow":["GET"]}}],"collection":[{"href":"https:\/\/ermdigital.com\/index.php?rest_route=\/wp\/v2\/posts"}],"about":[{"href":"https:\/\/ermdigital.com\/index.php?rest_route=\/wp\/v2\/types\/post"}],"author":[{"embeddable":true,"href":"https:\/\/ermdigital.com\/index.php?rest_route=\/wp\/v2\/users\/1"}],"replies":[{"embeddable":true,"href":"https:\/\/ermdigital.com\/index.php?rest_route=%2Fwp%2Fv2%2Fcomments&post=13218"}],"version-history":[{"count":0,"href":"https:\/\/ermdigital.com\/index.php?rest_route=\/wp\/v2\/posts\/13218\/revisions"}],"wp:featuredmedia":[{"embeddable":true,"href":"https:\/\/ermdigital.com\/index.php?rest_route=\/wp\/v2\/media\/12461"}],"wp:attachment":[{"href":"https:\/\/ermdigital.com\/index.php?rest_route=%2Fwp%2Fv2%2Fmedia&parent=13218"}],"wp:term":[{"taxonomy":"category","embeddable":true,"href":"https:\/\/ermdigital.com\/index.php?rest_route=%2Fwp%2Fv2%2Fcategories&post=13218"},{"taxonomy":"post_tag","embeddable":true,"href":"https:\/\/ermdigital.com\/index.php?rest_route=%2Fwp%2Fv2%2Ftags&post=13218"}],"curies":[{"name":"wp","href":"https:\/\/api.w.org\/{rel}","templated":true}]}}