{"id":13183,"date":"2026-04-05T04:38:00","date_gmt":"2026-04-05T08:38:00","guid":{"rendered":"https:\/\/ermdigital.com\/index.php\/2026\/04\/05\/concierto-de-nodal-en-chavon-rompe-expectativa\/"},"modified":"2026-04-05T04:38:00","modified_gmt":"2026-04-05T08:38:00","slug":"concierto-de-nodal-en-chavon-rompe-expectativa","status":"publish","type":"post","link":"https:\/\/ermdigital.com\/?p=13183","title":{"rendered":"Concierto de Nodal en Chav\u00f3n rompe expectativa"},"content":{"rendered":"<p>  La <strong>quietud<\/strong> expectante que, horas antes, envolv\u00eda el <strong>Anfiteatro<\/strong> de <strong>Altos de Chav\u00f3n<\/strong> termin\u00f3 transform\u00e1ndose en una intensa celebraci\u00f3n musical cuando, a las <strong>10:20 de la noche<\/strong>, dos horas despu\u00e9s de lo pautado, el cantante mexicano <strong>Christian Nodal<\/strong> apareci\u00f3 finalmente en escena para protagonizar un <strong>espect\u00e1culo<\/strong> extenso, emotivo y profundamente cercano con su <strong>p\u00fablico<\/strong> dominicano.<\/p>\n<p>El <strong>concierto<\/strong>, anunciado originalmente para las <strong>8:30 de la noche de este s\u00e1bado<\/strong>, comenz\u00f3 bajo el peso de una <strong>espera prolongada<\/strong> que puso a prueba la paciencia de los asistentes. Mientras los minutos avanzaban, el recinto hist\u00f3rico se iba llenando de forma gradual, en parte debido a la tardanza en el acceso del <strong>p\u00fablico<\/strong>, un aspecto que, seg\u00fan se percib\u00eda en el ambiente, pudo incidir en el retraso del <strong>espect\u00e1culo<\/strong>.<\/p>\n<p>Sin embargo, cuando las <strong>luces se atenuaron<\/strong> y los <strong>primeros acordes<\/strong> irrumpieron en la noche, la expectativa acumulada encontr\u00f3 su recompensa.<\/p>\n<h2>Un <strong>anfiteatro<\/strong> vestido de <strong>tradici\u00f3n mexicana<\/strong><\/h2>\n<p>Desde temprano, el ambiente anunciaba una jornada especial. El <strong>p\u00fablico<\/strong>, particularmente las damas, acudi\u00f3 con atuendos aleg\u00f3ricos a la cultura mexicana y al estilo distintivo del artista: <strong>botas vaqueras<\/strong>, <strong>sombreros<\/strong>, chaquetas bordadas, flecos y vestimentas inspiradas en la est\u00e9tica del <strong>regional mexicano<\/strong>. El <strong>anfiteatro<\/strong> se convirti\u00f3 as\u00ed en una postal viva, donde la m\u00fasica y la identidad cultural comenzaron a manifestarse incluso antes del inicio del <strong>espect\u00e1culo<\/strong>.<\/p>\n<p>Ese <strong>esp\u00edritu festivo<\/strong> acompa\u00f1\u00f3 toda la presentaci\u00f3n, reforzando la cercan\u00eda entre artista y <strong>audiencia<\/strong>.<\/p>\n<p>Durante la noche, <strong>Nodal<\/strong> manifest\u00f3 su entusiasmo por el pa\u00eds y su conexi\u00f3n con el <strong>p\u00fablico<\/strong> dominicano. \"Yo me quiero quedar en <strong>Rep\u00fablica Dominicana<\/strong>\", expres\u00f3, provocando una inmediata <strong>ovaci\u00f3n<\/strong>.<\/p>\n<p>El artista tambi\u00e9n elogi\u00f3 a las asistentes, generando un momento de complicidad con el <strong>p\u00fablico<\/strong>: \u201cEste <strong>concierto<\/strong> rompi\u00f3 el r\u00e9cord de las <strong>mujeres m\u00e1s hermosas<\/strong> en un mismo recinto\u201d, afirm\u00f3, desatando <strong>aplausos<\/strong> y v\u00edtores.<\/p>\n<figure class=\"inline-block\">\n<div class=\"expand-img-placeholder\"><img loading=\"lazy\" decoding=\"async\" src=\"https:\/\/resources.diariolibre.com\/images\/expand.svg\" alt=\"Expandir imagen\" width=\"20\" height=\"20\"><span class=\"rutaimagenoriginal-placeholder\">https:\/\/resources.diariolibre.com\/images\/2026\/04\/05\/whatsapp-image-2026-04-05-at-31108-am-ea0c9434.jpeg<\/span><\/div>\n<p><img decoding=\"async\" loading=\"lazy\" src=\"https:\/\/resources.diariolibre.com\/images\/2026\/04\/05\/whatsapp-image-2026-04-05-at-31108-am-ea0c9434.jpeg\" width=\"auto\" height=\"350\" alt=\"Infograf\u00eda\" class=\"mx-auto\"><figcaption><span>Nodal interpret\u00f3 sus mayores \u00e9xitos en un espect\u00e1culo de m\u00e1s de dos horas que culmin\u00f3 pasada la medianoche.<\/span><span> (<strong>LUDUIS TAPIA\/DIARIO LIBRE<\/strong>)<\/span><\/figcaption><\/figure>\n<h2>Un recorrido musical amplio y sostenido<\/h2>\n<p><strong>Nodal<\/strong> abri\u00f3 el <strong>concierto<\/strong> con \"<strong>No te contaron mal<\/strong>\", estableciendo de inmediato la comuni\u00f3n con el <strong>p\u00fablico<\/strong>. El <strong>repertorio<\/strong> continu\u00f3 con \"AYAYAY!\", \"Se me olvid\u00f3\", \"Ya pedo qui\u00e9n sabe\", \"El amigo\" y \"Kabron y medio\", marcando el tono emocional del <strong>espect\u00e1culo<\/strong>.<\/p>\n<p>La jornada musical avanz\u00f3 con \"Am\u00e9\", \"La mitad\", \"Por el resto de tu vida\" y \"<strong>Botella tras botella<\/strong>\", una de las m\u00e1s coreadas de la noche. Luego siguieron \"Pa\u2019 olvidarme de ella\", \"X perro\" y \"Te fall\u00e9\", manteniendo la <strong>intensidad interpretativa<\/strong>.<\/p>\n<p>El artista continu\u00f3 con \"<strong>Probablemente<\/strong>\", \"Si te falta alguien\", \"Dime c\u00f3mo quieres\", \"<strong>Amor t\u00f3xico<\/strong>\" y \"La loba\", consolidando un bloque de <strong>alta carga emocional<\/strong>.<\/p>\n<p>El <strong>repertorio<\/strong> prosigui\u00f3 con \"As\u00ed fue\", \"Eso y m\u00e1s\", \"Disculpe usted\", \"<strong>Como la flor<\/strong>\" y \"<strong>Cami\u00f3n dolido<\/strong>\", generando momentos de <strong>nostalgia colectiva<\/strong>.<\/p>\n<p>La segunda parte del <strong>espect\u00e1culo<\/strong> incluy\u00f3 \"<strong>La sinverg\u00fcenza<\/strong>\", \"Devu\u00e9lveme a mi chica\", \"Me dej\u00e9 llevar\", \"Se vienen d\u00edas tristes\", \"Dos veces\" y \"<strong>Aqu\u00ed abajo<\/strong>\", manteniendo la <strong>energ\u00eda constante<\/strong>.<\/p>\n<p>En la <strong>recta final<\/strong>, el artista interpret\u00f3 \"Nace un borracho\", \"El rey\", \"Ac\u00e1 entre nos\", \"No van\", \"Qu\u00e9date\", \"Qui\u00e9n es usted\", \"De los besos que te di\" y \"<strong>Ya no somos<\/strong> ni seremos\".<\/p>\n<p>El cierre lleg\u00f3 con \"<strong>Adi\u00f3s amor<\/strong>\", interpretada a coro por miles de voces en uno de los momentos m\u00e1s emotivos del <strong>concierto<\/strong>, que concluy\u00f3 pasadas las 12:20 de la madrugada, tras <strong>m\u00e1s de dos horas<\/strong> de <strong>espect\u00e1culo<\/strong>.<\/p>\n<div class=\"w-full pt-2 float-left inside-related\">    <span class=\"border-b border-black pb-3 mb-4 block\"><strong>RELACIONADAS<\/strong><\/span>                <\/p>\n<article class=\"flex flex-wrap border-b pb-4 mb-3 inline-block\">\n<div class=\"xl:w-2\/12 w-4\/12\">\n<figure class=\"mb-0\">                                                    <a href=\"https:\/\/www.diariolibre.com\/revista\/musica\/2026\/04\/04\/altos-de-chavon-se-prepara-para-recibir-a-christian-nodal\/3491789?utm_source=relacionadas&amp;utm_medium=nota&amp;utm_campaign=relacionadas\" title=\"                                                                                                                            \">                                                                <img decoding=\"async\" loading=\"lazy\" src=\"https:\/\/resources.diariolibre.com\/images\/2026\/04\/04\/altos-de-chavon-se-prepara-para-recibir-a-christian-nodal-34a27e35-focus-0-0-149-99.jpg\" width=\"149\" height=\"99\" title=\"Altos de Chav\u00f3n se llena de expectativa antes del concierto de Christian Nodal\" alt=\"Altos de Chav\u00f3n se llena de expectativa antes del concierto de Christian Nodal\" class=\"object-cover\">                                                            <\/a>                                            <\/figure>\n<\/p><\/div>\n<div class=\"xl:w-10\/12 w-8\/12 pl-3\">\n<div class=\"text-md mb-2 meta\">                        <a href=\"https:\/\/www.diariolibre.com\/revista\/musica\" title=\"M\u00fasica\">M\u00fasica<\/a>                    <\/div>\n<h2><a href=\"https:\/\/www.diariolibre.com\/revista\/musica\/2026\/04\/04\/altos-de-chavon-se-prepara-para-recibir-a-christian-nodal\/3491789?utm_source=relacionadas&amp;utm_medium=nota&amp;utm_campaign=relacionadas\" title=\"Altos de Chav\u00f3n se llena de expectativa antes del concierto de Christian Nodal\">Altos de Chav\u00f3n se llena de expectativa antes del concierto de Christian Nodal<\/a><\/h2>\n<\/p><\/div>\n<\/article><\/div>\n<h2>Escenograf\u00eda sobria con <strong>protagonismo musical<\/strong><\/h2>\n<p>El montaje esc\u00e9nico apost\u00f3 por la <strong>sobriedad<\/strong>. Pantallas discretas y una <strong>escenograf\u00eda minimalista<\/strong> marcaron la propuesta visual, mientras que el dise\u00f1o de iluminaci\u00f3n y los efectos de humo aportaron dinamismo y dramatismo a la presentaci\u00f3n.<\/p>\n<p>El protagonismo recay\u00f3 en la m\u00fasica y en la conexi\u00f3n directa del artista con el <strong>p\u00fablico<\/strong>.<\/p>\n<p>La <strong>gran orquesta<\/strong> que acompa\u00f1\u00f3 a <strong>Nodal<\/strong> sostuvo con precisi\u00f3n cada interpretaci\u00f3n, aportando solidez y equilibrio a un <strong>concierto<\/strong> extenso y sostenido.<\/p>\n<h2><strong>Sombreros<\/strong>, <strong>gorras<\/strong> y una an\u00e9cdota inesperada<\/h2>\n<p>Uno de los momentos m\u00e1s celebrados lleg\u00f3 cuando <strong>Nodal<\/strong> comenz\u00f3 a lanzar sus emblem\u00e1ticos <strong>sombreros<\/strong> al <strong>p\u00fablico<\/strong>. M\u00e1s de diez piezas volaron desde el escenario, generando <strong>euforia<\/strong> entre los asistentes.<\/p>\n<p>Uno de ellos protagoniz\u00f3 una escena singular: una joven logr\u00f3 atraparlo y, casi de inmediato, recibi\u00f3 una oferta de <strong>50 mil pesos<\/strong> por parte de un padre que deseaba obsequiarlo a su hija. La negociaci\u00f3n fue inmediata. La transferencia se realiz\u00f3 en segundos y la joven acept\u00f3. La destinataria recibi\u00f3 el <strong>sombrero<\/strong> con evidente emoci\u00f3n, aunque m\u00e1s tarde consigui\u00f3 otro directamente de manos del propio artista.<\/p>\n<p>Adem\u00e1s, el cantante lanz\u00f3 <strong>gorras<\/strong> con su <strong>nombre<\/strong>, provocando nuevos momentos de <strong>entusiasmo colectivo<\/strong>.<\/p>\n<h2><strong>Sue\u00f1os cumplidos<\/strong> sobre el escenario<\/h2>\n<p>La cercan\u00eda del artista con el <strong>p\u00fablico<\/strong> alcanz\u00f3 uno de los momentos m\u00e1s emotivos cuando dos j\u00f3venes, una de ellas hija del hombre que adquiri\u00f3 el <strong>sombrero<\/strong>, lograron subir al escenario tras mostrar carteles solicitando cantar junto a \u00e9l.<\/p>\n<p>Ambas interpretaron la misma canci\u00f3n en momentos distintos. Una se mostr\u00f3 m\u00e1s nerviosa, mientras la otra evidenci\u00f3 mayor soltura, pero ambas fueron <strong>ovacionadas<\/strong> por el <strong>p\u00fablico<\/strong> que celebr\u00f3 el cumplimiento de sus sue\u00f1os.<\/p>\n<figure class=\"inline-block\">\n<div class=\"expand-img-placeholder\"><img loading=\"lazy\" decoding=\"async\" src=\"https:\/\/resources.diariolibre.com\/images\/expand.svg\" alt=\"Expandir imagen\" width=\"20\" height=\"20\"><span class=\"rutaimagenoriginal-placeholder\">https:\/\/resources.diariolibre.com\/images\/2026\/04\/05\/whatsapp-image-2026-04-05-at-31106-am-82b6ccfa.jpeg<\/span><\/div>\n<p><img decoding=\"async\" loading=\"lazy\" src=\"https:\/\/resources.diariolibre.com\/images\/2026\/04\/05\/whatsapp-image-2026-04-05-at-31106-am-82b6ccfa.jpeg\" width=\"auto\" height=\"350\" alt=\"Infograf\u00eda\" class=\"mx-auto\"><figcaption><span>Nodal interpret\u00f3 sus mayores \u00e9xitos en un espect\u00e1culo de m\u00e1s de dos horas que culmin\u00f3 pasada la medianoche.<\/span><span> (<strong>LUDUIS TAPIA<\/strong>)<\/span><\/figcaption><\/figure>\n<p><\/p>\n<div class=\"my-12 component web-insert relative border bg-component\">    <span class=\"text-xl block my-3 component-title glosa\"><strong>Entrega art\u00edstica y aspectos por mejorar<br \/><\/strong><\/span>    <\/p>\n<p class=\"insert-subtitle\">\n<p>Durante toda la presentaci\u00f3n, Nodal reiter\u00f3 su cari\u00f1o por Rep\u00fablica Dominicana, generando constantes ovaciones. La entrega del artista, el extenso repertorio y la interacci\u00f3n con el p\u00fablico se consolidaron como los principales aciertos de la noche.<\/p>\n<p>No obstante, la tardanza en el inicio del concierto y la lentitud en el acceso al recinto figuraron entre los aspectos log\u00edsticos a mejorar.<\/p>\n<p>Aun as\u00ed, el espect\u00e1culo logr\u00f3 sostener su intensidad y consolidarse como una experiencia memorable.<\/p>\n<p>Cuando las \u00faltimas notas se desvanecieron y el p\u00fablico comenz\u00f3 a abandonar lentamente el anfiteatro, la calma volvi\u00f3 a ocupar el recinto. Pero la quietud ya no era la misma.<\/p>\n<p>Las piedras antiguas parec\u00edan guardar el eco de una noche extensa, vibrante y profundamente humana, en la que Christian Nodal convirti\u00f3 Altos de Chav\u00f3n en un escenario de emociones compartidas y recuerdos dif\u00edciles de olvidar.<\/p>\n<\/div>\n<h2><\/h2>\n<p>\u200bLa quietud expectante que, horas antes, envolv\u00eda el Anfiteatro de Altos de Chav\u00f3n termin\u00f3 transform\u00e1ndose en una intensa celebraci\u00f3n musical cuando, a las 10:20 de la noche, dos horas despu\u00e9s de lo pautado, el cantante mexicano Christian Nodal apareci\u00f3 finalmente en escena para protagonizar un espect\u00e1culo extenso, emotivo y profundamente cercano con su p\u00fablico dominicano.El concierto, anunciado originalmente para las 8:30 de la noche de este s\u00e1bado, comenz\u00f3 bajo el peso de una espera prolongada que puso a prueba la paciencia de los asistentes. Mientras los minutos avanzaban, el recinto hist\u00f3rico se iba llenando de forma gradual, en parte debido a la tardanza en el acceso del p\u00fablico, un aspecto que, seg\u00fan se percib\u00eda en el ambiente, pudo incidir en el retraso del espect\u00e1culo.Sin embargo, cuando las luces se atenuaron y los primeros acordes irrumpieron en la noche, la expectativa acumulada encontr\u00f3 su recompensa.Un anfiteatro vestido de tradici\u00f3n mexicanaDesde temprano, el ambiente anunciaba una jornada especial. El p\u00fablico, particularmente las damas, acudi\u00f3 con atuendos aleg\u00f3ricos a la cultura mexicana y al estilo distintivo del artista: botas vaqueras, sombreros, chaquetas bordadas, flecos y vestimentas inspiradas en la est\u00e9tica del regional mexicano. El anfiteatro se convirti\u00f3 as\u00ed en una postal viva, donde la m\u00fasica y la identidad cultural comenzaron a manifestarse incluso antes del inicio del espect\u00e1culo.Ese esp\u00edritu festivo acompa\u00f1\u00f3 toda la presentaci\u00f3n, reforzando la cercan\u00eda entre artista y audiencia.Durante la noche, Nodal manifest\u00f3 su entusiasmo por el pa\u00eds y su conexi\u00f3n con el p\u00fablico dominicano. \"Yo me quiero quedar en Rep\u00fablica Dominicana\", expres\u00f3, provocando una inmediata ovaci\u00f3n.El artista tambi\u00e9n elogi\u00f3 a las asistentes, generando un momento de complicidad con el p\u00fablico: \u201cEste concierto rompi\u00f3 el r\u00e9cord de las mujeres m\u00e1s hermosas en un mismo recinto\u201d, afirm\u00f3, desatando aplausos y v\u00edtores.https:\/\/resources.diariolibre.com\/images\/2026\/04\/05\/whatsapp-image-2026-04-05-at-31108-am-ea0c9434.jpegNodal interpret\u00f3 sus mayores \u00e9xitos en un espect\u00e1culo de m\u00e1s de dos horas que culmin\u00f3 pasada la medianoche. (LUDUIS TAPIA\/DIARIO LIBRE)Un recorrido musical amplio y sostenidoNodal abri\u00f3 el concierto con \"No te contaron mal\", estableciendo de inmediato la comuni\u00f3n con el p\u00fablico. El repertorio continu\u00f3 con \"AYAYAY!\", \"Se me olvid\u00f3\", \"Ya pedo qui\u00e9n sabe\", \"El amigo\" y \"Kabron y medio\", marcando el tono emocional del espect\u00e1culo.La jornada musical avanz\u00f3 con \"Am\u00e9\", \"La mitad\", \"Por el resto de tu vida\" y \"Botella tras botella\", una de las m\u00e1s coreadas de la noche. Luego siguieron \"Pa\u2019 olvidarme de ella\", \"X perro\" y \"Te fall\u00e9\", manteniendo la intensidad interpretativa.El artista continu\u00f3 con \"Probablemente\", \"Si te falta alguien\", \"Dime c\u00f3mo quieres\", \"Amor t\u00f3xico\" y \"La loba\", consolidando un bloque de alta carga emocional.El repertorio prosigui\u00f3 con \"As\u00ed fue\", \"Eso y m\u00e1s\", \"Disculpe usted\", \"Como la flor\" y \"Cami\u00f3n dolido\", generando momentos de nostalgia colectiva.La segunda parte del espect\u00e1culo incluy\u00f3 \"La sinverg\u00fcenza\", \"Devu\u00e9lveme a mi chica\", \"Me dej\u00e9 llevar\", \"Se vienen d\u00edas tristes\", \"Dos veces\" y \"Aqu\u00ed abajo\", manteniendo la energ\u00eda constante.En la recta final, el artista interpret\u00f3 \"Nace un borracho\", \"El rey\", \"Ac\u00e1 entre nos\", \"No van\", \"Qu\u00e9date\", \"Qui\u00e9n es usted\", \"De los besos que te di\" y \"Ya no somos ni seremos\".El cierre lleg\u00f3 con \"Adi\u00f3s amor\", interpretada a coro por miles de voces en uno de los momentos m\u00e1s emotivos del concierto, que concluy\u00f3 pasadas las 12:20 de la madrugada, tras m\u00e1s de dos horas de espect\u00e1culo.    RELACIONADAS                                                                                                                                                                                                                                                                                                                                                            M\u00fasica                                        Altos de Chav\u00f3n se llena de expectativa antes del concierto de Christian Nodal                                    Escenograf\u00eda sobria con protagonismo musicalEl montaje esc\u00e9nico apost\u00f3 por la sobriedad. Pantallas discretas y una escenograf\u00eda minimalista marcaron la propuesta visual, mientras que el dise\u00f1o de iluminaci\u00f3n y los efectos de humo aportaron dinamismo y dramatismo a la presentaci\u00f3n.El protagonismo recay\u00f3 en la m\u00fasica y en la conexi\u00f3n directa del artista con el p\u00fablico.La gran orquesta que acompa\u00f1\u00f3 a Nodal sostuvo con precisi\u00f3n cada interpretaci\u00f3n, aportando solidez y equilibrio a un concierto extenso y sostenido.Sombreros, gorras y una an\u00e9cdota inesperadaUno de los momentos m\u00e1s celebrados lleg\u00f3 cuando Nodal comenz\u00f3 a lanzar sus emblem\u00e1ticos sombreros al p\u00fablico. M\u00e1s de diez piezas volaron desde el escenario, generando euforia entre los asistentes.Uno de ellos protagoniz\u00f3 una escena singular: una joven logr\u00f3 atraparlo y, casi de inmediato, recibi\u00f3 una oferta de 50 mil pesos por parte de un padre que deseaba obsequiarlo a su hija. La negociaci\u00f3n fue inmediata. La transferencia se realiz\u00f3 en segundos y la joven acept\u00f3. La destinataria recibi\u00f3 el sombrero con evidente emoci\u00f3n, aunque m\u00e1s tarde consigui\u00f3 otro directamente de manos del propio artista.Adem\u00e1s, el cantante lanz\u00f3 gorras con su nombre, provocando nuevos momentos de entusiasmo colectivo.Sue\u00f1os cumplidos sobre el escenarioLa cercan\u00eda del artista con el p\u00fablico alcanz\u00f3 uno de los momentos m\u00e1s emotivos cuando dos j\u00f3venes, una de ellas hija del hombre que adquiri\u00f3 el sombrero, lograron subir al escenario tras mostrar carteles solicitando cantar junto a \u00e9l.Ambas interpretaron la misma canci\u00f3n en momentos distintos. Una se mostr\u00f3 m\u00e1s nerviosa, mientras la otra evidenci\u00f3 mayor soltura, pero ambas fueron ovacionadas por el p\u00fablico que celebr\u00f3 el cumplimiento de sus sue\u00f1os.https:\/\/resources.diariolibre.com\/images\/2026\/04\/05\/whatsapp-image-2026-04-05-at-31106-am-82b6ccfa.jpegNodal interpret\u00f3 sus mayores \u00e9xitos en un espect\u00e1culo de m\u00e1s de dos horas que culmin\u00f3 pasada la medianoche. (LUDUIS TAPIA)    Entrega art\u00edstica y aspectos por mejorar        Durante toda la presentaci\u00f3n, Nodal reiter\u00f3 su cari\u00f1o por Rep\u00fablica Dominicana, generando constantes ovaciones. La entrega del artista, el extenso repertorio y la interacci\u00f3n con el p\u00fablico se consolidaron como los principales aciertos de la noche.No obstante, la tardanza en el inicio del concierto y la lentitud en el acceso al recinto figuraron entre los aspectos log\u00edsticos a mejorar.Aun as\u00ed, el espect\u00e1culo logr\u00f3 sostener su intensidad y consolidarse como una experiencia memorable.Cuando las \u00faltimas notas se desvanecieron y el p\u00fablico comenz\u00f3 a abandonar lentamente el anfiteatro, la calma volvi\u00f3 a ocupar el recinto. Pero la quietud ya no era la misma.Las piedras antiguas parec\u00edan guardar el eco de una noche extensa, vibrante y profundamente humana, en la que Christian Nodal convirti\u00f3 Altos de Chav\u00f3n en un escenario de emociones compartidas y recuerdos dif\u00edciles de olvidar.\u00a0\u00a0Revista, M\u00fasica, Jeury Fr\u00edas, La Romana, Christian Nodal concierto La Romana, espect\u00e1culo Altos de Chav\u00f3n, m\u00fasica mexicana Rep\u00fablica Dominicana, Christian Nodal en vivo, concierto emotivo Nodal\u00a0<\/p>\n","protected":false},"excerpt":{"rendered":"<p>La quietud expectante que, horas antes, envolv\u00eda el Anfiteatro de Altos de Chav\u00f3n termin\u00f3 transform\u00e1ndose en una intensa celebraci\u00f3n musical cuando, a las 10:20 de la noche, dos horas despu\u00e9s de lo pautado, el cantante mexicano Christian Nodal apareci\u00f3 finalmente en escena para protagonizar un espect\u00e1culo extenso, emotivo y profundamente cercano con su p\u00fablico dominicano. [&hellip;]<\/p>\n","protected":false},"author":1,"featured_media":12664,"comment_status":"open","ping_status":"open","sticky":false,"template":"","format":"standard","meta":{"amp_status":"","footnotes":""},"categories":[9],"tags":[],"class_list":["post-13183","post","type-post","status-publish","format-standard","has-post-thumbnail","hentry","category-espectaculo"],"_links":{"self":[{"href":"https:\/\/ermdigital.com\/index.php?rest_route=\/wp\/v2\/posts\/13183","targetHints":{"allow":["GET"]}}],"collection":[{"href":"https:\/\/ermdigital.com\/index.php?rest_route=\/wp\/v2\/posts"}],"about":[{"href":"https:\/\/ermdigital.com\/index.php?rest_route=\/wp\/v2\/types\/post"}],"author":[{"embeddable":true,"href":"https:\/\/ermdigital.com\/index.php?rest_route=\/wp\/v2\/users\/1"}],"replies":[{"embeddable":true,"href":"https:\/\/ermdigital.com\/index.php?rest_route=%2Fwp%2Fv2%2Fcomments&post=13183"}],"version-history":[{"count":0,"href":"https:\/\/ermdigital.com\/index.php?rest_route=\/wp\/v2\/posts\/13183\/revisions"}],"wp:featuredmedia":[{"embeddable":true,"href":"https:\/\/ermdigital.com\/index.php?rest_route=\/wp\/v2\/media\/12664"}],"wp:attachment":[{"href":"https:\/\/ermdigital.com\/index.php?rest_route=%2Fwp%2Fv2%2Fmedia&parent=13183"}],"wp:term":[{"taxonomy":"category","embeddable":true,"href":"https:\/\/ermdigital.com\/index.php?rest_route=%2Fwp%2Fv2%2Fcategories&post=13183"},{"taxonomy":"post_tag","embeddable":true,"href":"https:\/\/ermdigital.com\/index.php?rest_route=%2Fwp%2Fv2%2Ftags&post=13183"}],"curies":[{"name":"wp","href":"https:\/\/api.w.org\/{rel}","templated":true}]}}