{"id":12825,"date":"2026-04-03T16:37:00","date_gmt":"2026-04-03T20:37:00","guid":{"rendered":"https:\/\/ermdigital.com\/index.php\/2026\/04\/03\/nodal-llega-con-angela-aguilar-para-su-concierto-en-altos-de-chavon\/"},"modified":"2026-04-03T16:37:00","modified_gmt":"2026-04-03T20:37:00","slug":"nodal-llega-con-angela-aguilar-para-su-concierto-en-altos-de-chavon","status":"publish","type":"post","link":"https:\/\/ermdigital.com\/?p=12825","title":{"rendered":"Nodal llega con \u00c1ngela Aguilar para su concierto en Altos de Chav\u00f3n"},"content":{"rendered":"<p>El artista mexicano <strong>Christian Nodal<\/strong> report\u00f3 en sus historias de Instagram que <strong>ya est\u00e1 en La Romana<\/strong> para brindar su <strong>concierto<\/strong> de la gira \"<strong>Pa\u00b4l Cora Tour<\/strong>\", el cual ser\u00e1 presentado este S\u00e1bado Santo como parte de la tradicional programaci\u00f3n de Semana Santa en Casa de Campo.<\/p>\n<p>Con la <strong>m\u00fasica de fondo<\/strong> \u201c<strong>La Romana<\/strong>\u201d de <strong>El Alfa y Bad Bunny<\/strong>, y mostrando el <strong>atardecer<\/strong>, el artista lleg\u00f3 acompa\u00f1ado de su esposa, la tambi\u00e9n cantante mexicana <strong>\u00c1ngela Aguilar.<\/strong><\/p>\n<div class=\"w-full pt-2 float-left inside-related\">    <span class=\"border-b border-black pb-3 mb-4 block\"><strong>RELACIONADAS<\/strong><\/span>                <\/p>\n<article class=\"flex flex-wrap border-b pb-4 mb-3 inline-block\">\n<div class=\"xl:w-2\/12 w-4\/12\">\n<figure class=\"mb-0\">                                                    <a href=\"https:\/\/www.diariolibre.com\/revista\/musica\/2026\/04\/02\/pal-cora-tour-de-christian-nodal-llega-a-la-romana\/3489240?utm_source=relacionadas&amp;utm_medium=nota&amp;utm_campaign=relacionadas\" title=\"                                                                                                                            \">                                                                <img decoding=\"async\" loading=\"lazy\" src=\"https:\/\/resources.diariolibre.com\/images\/2026\/04\/01\/pal-cora-tour-de-christian-nodal-llega-a-la-romana-37a4d68e-focus-0-0-149-99.png\" width=\"149\" height=\"99\" title=\"Christian Nodal llega este s\u00e1bado a Altos de Chav\u00f3n\" alt=\"Christian Nodal llega este s\u00e1bado a Altos de Chav\u00f3n\" class=\"object-cover\">                                                            <\/a>                                            <\/figure>\n<\/p><\/div>\n<div class=\"xl:w-10\/12 w-8\/12 pl-3\">\n<div class=\"text-md mb-2 meta\">                        <a href=\"https:\/\/www.diariolibre.com\/revista\/musica\" title=\"M\u00fasica\">M\u00fasica<\/a>                    <\/div>\n<h2><a href=\"https:\/\/www.diariolibre.com\/revista\/musica\/2026\/04\/02\/pal-cora-tour-de-christian-nodal-llega-a-la-romana\/3489240?utm_source=relacionadas&amp;utm_medium=nota&amp;utm_campaign=relacionadas\" title=\"Christian Nodal llega este s\u00e1bado a Altos de Chav\u00f3n\">Christian Nodal llega este s\u00e1bado a Altos de Chav\u00f3n<\/a><\/h2>\n<\/p><\/div>\n<\/article>\n<article class=\"flex flex-wrap border-b pb-4 mb-3 inline-block\">\n<div class=\"xl:w-2\/12 w-4\/12\">\n<figure class=\"mb-0\">                                                    <a href=\"https:\/\/www.diariolibre.com\/revista\/musica\/2026\/04\/03\/recomendaciones-clave-para-ver-a-christian-nodal-en-chavon\/3490887?utm_source=relacionadas&amp;utm_medium=nota&amp;utm_campaign=relacionadas\" title=\"                                                                                                                            \">                                                                <img decoding=\"async\" loading=\"lazy\" src=\"https:\/\/resources.diariolibre.com\/images\/2026\/04\/03\/recomendaciones-clave-para-ver-a-christian-nodal-en-chavon-ebb25bf8-focus-0-0-149-99.jpg\" width=\"149\" height=\"99\" title=\"\u00bfEst\u00e1s listo para ver a Christian Nodal en Chav\u00f3n? Esto es lo que debes saber antes del concierto\" alt=\"\u00bfEst\u00e1s listo para ver a Christian Nodal en Chav\u00f3n? Esto es lo que debes saber antes del concierto\" class=\"object-cover\">                                                            <\/a>                                            <\/figure>\n<\/p><\/div>\n<div class=\"xl:w-10\/12 w-8\/12 pl-3\">\n<div class=\"text-md mb-2 meta\">                        <a href=\"https:\/\/www.diariolibre.com\/revista\/musica\" title=\"M\u00fasica\">M\u00fasica<\/a>                    <\/div>\n<h2><a href=\"https:\/\/www.diariolibre.com\/revista\/musica\/2026\/04\/03\/recomendaciones-clave-para-ver-a-christian-nodal-en-chavon\/3490887?utm_source=relacionadas&amp;utm_medium=nota&amp;utm_campaign=relacionadas\" title=\"\u00bfEst\u00e1s listo para ver a Christian Nodal en Chav\u00f3n? Esto es lo que debes saber antes del concierto\">\u00bfEst\u00e1s listo para ver a Christian Nodal en Chav\u00f3n? Esto es lo que debes saber antes del concierto<\/a><\/h2>\n<\/p><\/div>\n<\/article><\/div>\n<figure class=\"inline-block\">\n<div class=\"expand-img-placeholder\"><img loading=\"lazy\" decoding=\"async\" src=\"https:\/\/resources.diariolibre.com\/images\/expand.svg\" alt=\"Expandir imagen\" width=\"20\" height=\"20\"><span class=\"rutaimagenoriginal-placeholder\">https:\/\/resources.diariolibre.com\/images\/2026\/04\/04\/cd3c0eb5-19b4-4226-9ca2-5fbd437d70f6-c54b49f6.jpg<\/span><\/div>\n<p><img decoding=\"async\" loading=\"lazy\" src=\"https:\/\/resources.diariolibre.com\/images\/2026\/04\/04\/cd3c0eb5-19b4-4226-9ca2-5fbd437d70f6-c54b49f6.jpg\" width=\"auto\" height=\"350\" alt=\"Infograf\u00eda\" class=\"mx-auto\"><figcaption><span>Imagen compartida por el artista en sus redes sociales.<\/span><span> (<strong>INSTAGRAM @NODAL<\/strong>)<\/span><\/figcaption><\/figure>\n<p>Los esposos compartieron una <strong>foto en blanco y negro<\/strong> abrazados, mostrando que su <strong>amor sigue fuerte<\/strong>, pese a las controversias que ha mantenido la uni\u00f3n en 2024 a solo dos meses de confirmar su noviazgo.<\/p>\n<p>Aguilar suele acompa\u00f1arlo en el escenario para interpretar \"<strong>Dime como quieres<\/strong>\" (2020). As\u00ed lo hicieron en su \u00faltima presentaci\u00f3n en el Estadio Quisqueya en el 2024 donde derrocharon complicidad y besos.<\/p>\n<p><strong>Nodal<\/strong>, de 27 a\u00f1os de edad, tiene una hija de dos a\u00f1os con la cantante argentina Cazzu.<\/p>\n<h3>Detalles del show<\/h3>\n<p>Junto a su <strong>banda<\/strong>,\u00a0ofrecer\u00e1 un recorrido por los \u00e9xitos m\u00e1s emblem\u00e1ticos de su carrera, incluyendo <strong>Dime C\u00f3mo Quieres<\/strong>, Ya no somos ni seremos, Adi\u00f3s amor, Botella tras botella, De los besos que te di, No te contaron mal y Probablemente, entre otros temas que han conquistado a millones de seguidores en toda Latinoam\u00e9rica.<\/p>\n<p>De acuerdo con la <strong>producci\u00f3n del evento<\/strong>, a cargo de <strong>Gamal Hach\u00e9<\/strong> junto a CMN Events, la entrada por la puerta K4 (Entrada de Contratistas de Casa de Campo) estar\u00e1 habilitada exclusivamente para las personas que asistan desde fuera del complejo \u00fanicamente para el <strong>concierto<\/strong>.<\/p>\n<p>En ese sentido, se recomienda a este p\u00fablico desviarse por la carretera <strong>La Romana<\/strong>\u2013Hig\u00fcey, a fin de facilitar un acceso m\u00e1s \u00e1gil y directo al recinto.<\/p>\n<p>\u200bEl artista mexicano Christian Nodal report\u00f3 en sus historias de Instagram que ya est\u00e1 en La Romana para brindar su concierto de la gira \"Pa\u00b4l Cora Tour\", el cual ser\u00e1 presentado este S\u00e1bado Santo como parte de la tradicional programaci\u00f3n de Semana Santa en Casa de Campo.Con la m\u00fasica de fondo \u201cLa Romana\u201d de El Alfa y Bad Bunny, y mostrando el atardecer, el artista lleg\u00f3 acompa\u00f1ado de su esposa, la tambi\u00e9n cantante mexicana \u00c1ngela Aguilar.    RELACIONADAS                                                                                                                                                                                                                                                                                                                                                            M\u00fasica                                        Christian Nodal llega este s\u00e1bado a Altos de Chav\u00f3n                                                                                                                                                                                                                                                                                                                                                                                            M\u00fasica                                        \u00bfEst\u00e1s listo para ver a Christian Nodal en Chav\u00f3n? Esto es lo que debes saber antes del concierto                                    https:\/\/resources.diariolibre.com\/images\/2026\/04\/04\/cd3c0eb5-19b4-4226-9ca2-5fbd437d70f6-c54b49f6.jpgImagen compartida por el artista en sus redes sociales. (INSTAGRAM @NODAL)Los esposos compartieron una foto en blanco y negro abrazados, mostrando que su amor sigue fuerte, pese a las controversias que ha mantenido la uni\u00f3n en 2024 a solo dos meses de confirmar su noviazgo.Aguilar suele acompa\u00f1arlo en el escenario para interpretar \"Dime como quieres\" (2020). As\u00ed lo hicieron en su \u00faltima presentaci\u00f3n en el Estadio Quisqueya en el 2024 donde derrocharon complicidad y besos.Nodal, de 27 a\u00f1os de edad, tiene una hija de dos a\u00f1os con la cantante argentina Cazzu.Detalles del showJunto a su banda,\u00a0ofrecer\u00e1 un recorrido por los \u00e9xitos m\u00e1s emblem\u00e1ticos de su carrera, incluyendo Dime C\u00f3mo Quieres, Ya no somos ni seremos, Adi\u00f3s amor, Botella tras botella, De los besos que te di, No te contaron mal y Probablemente, entre otros temas que han conquistado a millones de seguidores en toda Latinoam\u00e9rica.De acuerdo con la producci\u00f3n del evento, a cargo de Gamal Hach\u00e9 junto a CMN Events, la entrada por la puerta K4 (Entrada de Contratistas de Casa de Campo) estar\u00e1 habilitada exclusivamente para las personas que asistan desde fuera del complejo \u00fanicamente para el concierto.En ese sentido, se recomienda a este p\u00fablico desviarse por la carretera La Romana\u2013Hig\u00fcey, a fin de facilitar un acceso m\u00e1s \u00e1gil y directo al recinto.\u00a0\u00a0Revista, M\u00fasica, Diario Libre, Santo Domingo, Concierto, Nodal, Chav\u00f3n, Christian Nodal, \u00c1ngela Aguilar\u00a0<\/p>\n","protected":false},"excerpt":{"rendered":"<p>El artista mexicano Christian Nodal report\u00f3 en sus historias de Instagram que ya est\u00e1 en La Romana para brindar su concierto de la gira \"Pa\u00b4l Cora Tour\", el cual ser\u00e1 presentado este S\u00e1bado Santo como parte de la tradicional programaci\u00f3n de Semana Santa en Casa de Campo. Con la m\u00fasica de fondo \u201cLa Romana\u201d de [&hellip;]<\/p>\n","protected":false},"author":1,"featured_media":11993,"comment_status":"open","ping_status":"open","sticky":false,"template":"","format":"standard","meta":{"amp_status":"","footnotes":""},"categories":[9],"tags":[],"class_list":["post-12825","post","type-post","status-publish","format-standard","has-post-thumbnail","hentry","category-espectaculo"],"_links":{"self":[{"href":"https:\/\/ermdigital.com\/index.php?rest_route=\/wp\/v2\/posts\/12825","targetHints":{"allow":["GET"]}}],"collection":[{"href":"https:\/\/ermdigital.com\/index.php?rest_route=\/wp\/v2\/posts"}],"about":[{"href":"https:\/\/ermdigital.com\/index.php?rest_route=\/wp\/v2\/types\/post"}],"author":[{"embeddable":true,"href":"https:\/\/ermdigital.com\/index.php?rest_route=\/wp\/v2\/users\/1"}],"replies":[{"embeddable":true,"href":"https:\/\/ermdigital.com\/index.php?rest_route=%2Fwp%2Fv2%2Fcomments&post=12825"}],"version-history":[{"count":0,"href":"https:\/\/ermdigital.com\/index.php?rest_route=\/wp\/v2\/posts\/12825\/revisions"}],"wp:featuredmedia":[{"embeddable":true,"href":"https:\/\/ermdigital.com\/index.php?rest_route=\/wp\/v2\/media\/11993"}],"wp:attachment":[{"href":"https:\/\/ermdigital.com\/index.php?rest_route=%2Fwp%2Fv2%2Fmedia&parent=12825"}],"wp:term":[{"taxonomy":"category","embeddable":true,"href":"https:\/\/ermdigital.com\/index.php?rest_route=%2Fwp%2Fv2%2Fcategories&post=12825"},{"taxonomy":"post_tag","embeddable":true,"href":"https:\/\/ermdigital.com\/index.php?rest_route=%2Fwp%2Fv2%2Ftags&post=12825"}],"curies":[{"name":"wp","href":"https:\/\/api.w.org\/{rel}","templated":true}]}}