{"id":12708,"date":"2026-04-03T13:26:00","date_gmt":"2026-04-03T17:26:00","guid":{"rendered":"https:\/\/ermdigital.com\/index.php\/2026\/04\/03\/centro-cultural-taino-casa-del-cordon-realiza-panel-sobre-linguistica\/"},"modified":"2026-04-03T13:26:00","modified_gmt":"2026-04-03T17:26:00","slug":"centro-cultural-taino-casa-del-cordon-realiza-panel-sobre-linguistica","status":"publish","type":"post","link":"https:\/\/ermdigital.com\/?p=12708","title":{"rendered":"Centro Cultural Ta\u00edno Casa del Cord\u00f3n realiza panel sobre ling\u00fc\u00edstica"},"content":{"rendered":"<p>El <strong>Centro Cultural Ta\u00edno Casa del Cord\u00f3n<\/strong>, iniciativa del <strong>Banco Popular Dominicano<\/strong>, realiz\u00f3 el conversatorio \u201cVoces de la Isla: Idiomas originarios de la Espa\u00f1ola\u201d, un espacio de reflexi\u00f3n que abord\u00f3 la diversidad ling\u00fc\u00edstica existente en la isla antes de la llegada de los europeos.<\/p>\n<p>La ponencia abund\u00f3 sobre los vocablos, expresiones e incluso la pronunciaci\u00f3n que lograron entrar en el <strong>espa\u00f1ol caribe\u00f1o<\/strong> y permanecer en el habla contempor\u00e1nea.<\/p>\n<p>La actividad cont\u00f3 con la participaci\u00f3n del escritor, m\u00fasico y antrop\u00f3logo <strong>Leonardo Nin<\/strong>, y del poeta, ensayista e investigador <strong>Rafael Garc\u00eda Bid\u00f3<\/strong>. Durante el encuentro, los especialistas <strong>compartieron hallazgos<\/strong> y aproximaciones en torno a las lenguas de los primeros pobladores de la isla.<\/p>\n<p>Los expositores se\u00f1alaron que, al momento del contacto europeo en 1492, en la Espa\u00f1ola conviv\u00edan <strong>diversos grupos<\/strong> con ra\u00edces, vocabularios y sonoridades propias, que adoptaron el ta\u00edno como lengua principal de intercambio. Presentaron una aproximaci\u00f3n de c\u00f3mo sonaba esta lengua, usada tanto para la comunicaci\u00f3n cotidiana como para las transacciones comerciales.\u00a0<\/p>\n<h2><strong>Permanencia del ta\u00edno<\/strong> en el <strong>espa\u00f1ol caribe\u00f1o<\/strong><\/h2>\n<figure class=\"inline-block\">\n<div class=\"expand-img-placeholder\"><img loading=\"lazy\" decoding=\"async\" src=\"https:\/\/resources.diariolibre.com\/images\/expand.svg\" alt=\"Expandir imagen\" width=\"20\" height=\"20\"><span class=\"rutaimagenoriginal-placeholder\">https:\/\/resources.diariolibre.com\/images\/2026\/04\/03\/6fa1e5e6-f8d6-441e-b6dc-1ce407b7b2a3-a24aabb0.jpg<\/span><\/div>\n<p><img decoding=\"async\" loading=\"lazy\" src=\"https:\/\/resources.diariolibre.com\/images\/2026\/04\/03\/6fa1e5e6-f8d6-441e-b6dc-1ce407b7b2a3-a24aabb0.jpg\" width=\"auto\" height=\"350\" alt=\"Infograf\u00eda\" class=\"mx-auto\"><figcaption><span>El encuentro fue encabezado por el antrop\u00f3logo Leonardo Nin.<\/span><span> (<strong>FUENTE EXTERNA<\/strong>)<\/span><\/figcaption><\/figure>\n<p>Los investigadores expusieron avances en el estudio de las lenguas originarias de la isla, destacando que numerosos <strong>rasgos del ta\u00edno<\/strong> siguen presentes en el <strong>espa\u00f1ol caribe\u00f1o<\/strong>.<\/p>\n<p> Aunque esta lengua se considere desaparecida, su estructura y huellas <strong>fon\u00e9ticas <\/strong>a\u00fan se reflejan en <strong>expresiones <\/strong>comunes y formas del habla en la Rep\u00fablica Dominicana, Puerto Rico y Cuba.<\/p>\n<div class=\"w-full pt-2 float-left inside-related\">    <span class=\"border-b border-black pb-3 mb-4 block\"><strong>RELACIONADAS<\/strong><\/span>                <\/p>\n<article class=\"flex flex-wrap border-b pb-4 mb-3 inline-block\">\n<div class=\"xl:w-2\/12 w-4\/12\">\n<figure class=\"mb-0\">                                                    <a href=\"https:\/\/www.diariolibre.com\/revista\/cultura\/2026\/02\/03\/banco-popular-y-centro-cultural-taino-se-suman-a-el-prado-en-nosotros\/3425404?utm_source=relacionadas&amp;utm_medium=nota&amp;utm_campaign=relacionadas\" title=\"                                                                                                                            \">                                                                <img decoding=\"async\" loading=\"lazy\" src=\"https:\/\/resources.diariolibre.com\/images\/2026\/02\/03\/banco-popular-y-centro-cultural-taino-se-suman-a-el-prado-en-nosotros-84319a34-focus-0-0-149-99.jpg\" width=\"149\" height=\"99\" title=\"El Banco Popular y Centro Cultural Ta\u00edno Casa del Cord\u00f3n se suman a \u201cEl Prado en Nosotros\u201d\" alt=\"El Banco Popular y Centro Cultural Ta\u00edno Casa del Cord\u00f3n se suman a \u201cEl Prado en Nosotros\u201d\" class=\"object-cover\">                                                            <\/a>                                            <\/figure>\n<\/p><\/div>\n<div class=\"xl:w-10\/12 w-8\/12 pl-3\">\n<div class=\"text-md mb-2 meta\">                        <a href=\"https:\/\/www.diariolibre.com\/revista\/cultura\" title=\"Cultura\">Cultura<\/a>                    <\/div>\n<h2><a href=\"https:\/\/www.diariolibre.com\/revista\/cultura\/2026\/02\/03\/banco-popular-y-centro-cultural-taino-se-suman-a-el-prado-en-nosotros\/3425404?utm_source=relacionadas&amp;utm_medium=nota&amp;utm_campaign=relacionadas\" title=\"El Banco Popular y Centro Cultural Ta\u00edno Casa del Cord\u00f3n se suman a \u201cEl Prado en Nosotros\u201d\">El Banco Popular y Centro Cultural Ta\u00edno Casa del Cord\u00f3n se suman a \u201cEl Prado en Nosotros\u201d<\/a><\/h2>\n<\/p><\/div>\n<\/article><\/div>\n<p>En su intervenci\u00f3n, el se\u00f1or <strong>Leonardo Nin<\/strong> explic\u00f3 los m\u00e9todos comparativos que emplea para reconstruir la fonolog\u00eda ta\u00edna a partir de ra\u00edces conservadas en <strong>palabras como \u201cmav\u00ed\u201d<\/strong>, \u201cbejuco\u201d, \u201canaiboa\u201d, \u201cma\u00edz\u201d o \u201ciguana\u201d. Detall\u00f3 que estos elementos permiten inferir significados, sonidos y estructuras gramaticales que sobrevivieron al contacto colonial.<\/p>\n<p>A su vez, el se\u00f1or <strong>Rafael Garc\u00eda Bid\u00f3<\/strong> profundiz\u00f3 en la clasificaci\u00f3n de los tres idiomas que coexistieron en la isla y en los <strong>rasgos fon\u00e9ticos<\/strong> que distingu\u00edan al ta\u00edno del resto. Tambi\u00e9n destac\u00f3 la presencia de m\u00faltiples diminutivos y variaciones fon\u00e9ticas que a\u00fan pueden rastrearse en el habla contempor\u00e1nea.\u00a0<\/p>\n<p>El conversatorio ofreci\u00f3 al p\u00fablico una mirada actual sobre este <strong>patrimonio intangible<\/strong>, resaltando el aporte de los estudios ling\u00fc\u00edsticos para comprender la <strong>identidad cultural dominicana<\/strong> y el papel del <strong>Centro Cultural Ta\u00edno Casa del Cord\u00f3n<\/strong> en el impulso de iniciativas de investigaci\u00f3n y desarrollo cultural.<\/p>\n<ul>\n<li class=\"uxboldswrong\">El centro cultural est\u00e1 abierto al p\u00fablico de martes a domingo, de 9:30 a.m. a 6:30 p.m. <\/li>\n<\/ul>\n<p>Para m\u00e1s informaci\u00f3n sobre sus actividades, los interesados pueden visitar la p\u00e1gina web <strong>www.casadelcordon.com<\/strong> o seguir al centro en Instagram como @<strong>casadelcordon<\/strong>.<\/p>\n<p>\u200bEl Centro Cultural Ta\u00edno Casa del Cord\u00f3n, iniciativa del Banco Popular Dominicano, realiz\u00f3 el conversatorio \u201cVoces de la Isla: Idiomas originarios de la Espa\u00f1ola\u201d, un espacio de reflexi\u00f3n que abord\u00f3 la diversidad ling\u00fc\u00edstica existente en la isla antes de la llegada de los europeos.La ponencia abund\u00f3 sobre los vocablos, expresiones e incluso la pronunciaci\u00f3n que lograron entrar en el espa\u00f1ol caribe\u00f1o y permanecer en el habla contempor\u00e1nea.La actividad cont\u00f3 con la participaci\u00f3n del escritor, m\u00fasico y antrop\u00f3logo Leonardo Nin, y del poeta, ensayista e investigador Rafael Garc\u00eda Bid\u00f3. Durante el encuentro, los especialistas compartieron hallazgos y aproximaciones en torno a las lenguas de los primeros pobladores de la isla.Los expositores se\u00f1alaron que, al momento del contacto europeo en 1492, en la Espa\u00f1ola conviv\u00edan diversos grupos con ra\u00edces, vocabularios y sonoridades propias, que adoptaron el ta\u00edno como lengua principal de intercambio. Presentaron una aproximaci\u00f3n de c\u00f3mo sonaba esta lengua, usada tanto para la comunicaci\u00f3n cotidiana como para las transacciones comerciales.\u00a0Permanencia del ta\u00edno en el espa\u00f1ol caribe\u00f1ohttps:\/\/resources.diariolibre.com\/images\/2026\/04\/03\/6fa1e5e6-f8d6-441e-b6dc-1ce407b7b2a3-a24aabb0.jpgEl encuentro fue encabezado por el antrop\u00f3logo Leonardo Nin. (FUENTE EXTERNA)Los investigadores expusieron avances en el estudio de las lenguas originarias de la isla, destacando que numerosos rasgos del ta\u00edno siguen presentes en el espa\u00f1ol caribe\u00f1o. Aunque esta lengua se considere desaparecida, su estructura y huellas fon\u00e9ticas a\u00fan se reflejan en expresiones comunes y formas del habla en la Rep\u00fablica Dominicana, Puerto Rico y Cuba.    RELACIONADAS                                                                                                                                                                                                                                                                                                                                                            Cultura                                        El Banco Popular y Centro Cultural Ta\u00edno Casa del Cord\u00f3n se suman a \u201cEl Prado en Nosotros\u201d                                    En su intervenci\u00f3n, el se\u00f1or Leonardo Nin explic\u00f3 los m\u00e9todos comparativos que emplea para reconstruir la fonolog\u00eda ta\u00edna a partir de ra\u00edces conservadas en palabras como \u201cmav\u00ed\u201d, \u201cbejuco\u201d, \u201canaiboa\u201d, \u201cma\u00edz\u201d o \u201ciguana\u201d. Detall\u00f3 que estos elementos permiten inferir significados, sonidos y estructuras gramaticales que sobrevivieron al contacto colonial.A su vez, el se\u00f1or Rafael Garc\u00eda Bid\u00f3 profundiz\u00f3 en la clasificaci\u00f3n de los tres idiomas que coexistieron en la isla y en los rasgos fon\u00e9ticos que distingu\u00edan al ta\u00edno del resto. Tambi\u00e9n destac\u00f3 la presencia de m\u00faltiples diminutivos y variaciones fon\u00e9ticas que a\u00fan pueden rastrearse en el habla contempor\u00e1nea.\u00a0El conversatorio ofreci\u00f3 al p\u00fablico una mirada actual sobre este patrimonio intangible, resaltando el aporte de los estudios ling\u00fc\u00edsticos para comprender la identidad cultural dominicana y el papel del Centro Cultural Ta\u00edno Casa del Cord\u00f3n en el impulso de iniciativas de investigaci\u00f3n y desarrollo cultural.    El centro cultural est\u00e1 abierto al p\u00fablico de martes a domingo, de 9:30 a.m. a 6:30 p.m. Para m\u00e1s informaci\u00f3n sobre sus actividades, los interesados pueden visitar la p\u00e1gina web www.casadelcordon.com o seguir al centro en Instagram como @casadelcordon.\u00a0\u00a0Revista, Cultura, Diario Libre, Santo Domingo, Centro Cultural Ta\u00edno Casa del Cord\u00f3n, ra\u00edces ling\u00fc\u00edsticas de la Espa\u00f1ola\u00a0<\/p>\n","protected":false},"excerpt":{"rendered":"<p>El Centro Cultural Ta\u00edno Casa del Cord\u00f3n, iniciativa del Banco Popular Dominicano, realiz\u00f3 el conversatorio \u201cVoces de la Isla: Idiomas originarios de la Espa\u00f1ola\u201d, un espacio de reflexi\u00f3n que abord\u00f3 la diversidad ling\u00fc\u00edstica existente en la isla antes de la llegada de los europeos. La ponencia abund\u00f3 sobre los vocablos, expresiones e incluso la pronunciaci\u00f3n [&hellip;]<\/p>\n","protected":false},"author":1,"featured_media":11879,"comment_status":"open","ping_status":"open","sticky":false,"template":"","format":"standard","meta":{"amp_status":"","footnotes":""},"categories":[9],"tags":[],"class_list":["post-12708","post","type-post","status-publish","format-standard","has-post-thumbnail","hentry","category-espectaculo"],"_links":{"self":[{"href":"https:\/\/ermdigital.com\/index.php?rest_route=\/wp\/v2\/posts\/12708","targetHints":{"allow":["GET"]}}],"collection":[{"href":"https:\/\/ermdigital.com\/index.php?rest_route=\/wp\/v2\/posts"}],"about":[{"href":"https:\/\/ermdigital.com\/index.php?rest_route=\/wp\/v2\/types\/post"}],"author":[{"embeddable":true,"href":"https:\/\/ermdigital.com\/index.php?rest_route=\/wp\/v2\/users\/1"}],"replies":[{"embeddable":true,"href":"https:\/\/ermdigital.com\/index.php?rest_route=%2Fwp%2Fv2%2Fcomments&post=12708"}],"version-history":[{"count":0,"href":"https:\/\/ermdigital.com\/index.php?rest_route=\/wp\/v2\/posts\/12708\/revisions"}],"wp:featuredmedia":[{"embeddable":true,"href":"https:\/\/ermdigital.com\/index.php?rest_route=\/wp\/v2\/media\/11879"}],"wp:attachment":[{"href":"https:\/\/ermdigital.com\/index.php?rest_route=%2Fwp%2Fv2%2Fmedia&parent=12708"}],"wp:term":[{"taxonomy":"category","embeddable":true,"href":"https:\/\/ermdigital.com\/index.php?rest_route=%2Fwp%2Fv2%2Fcategories&post=12708"},{"taxonomy":"post_tag","embeddable":true,"href":"https:\/\/ermdigital.com\/index.php?rest_route=%2Fwp%2Fv2%2Ftags&post=12708"}],"curies":[{"name":"wp","href":"https:\/\/api.w.org\/{rel}","templated":true}]}}