{"id":12707,"date":"2026-04-03T15:52:00","date_gmt":"2026-04-03T19:52:00","guid":{"rendered":"https:\/\/ermdigital.com\/index.php\/2026\/04\/03\/un-documental-sobre-su-vida-argentina-recordara-al-papa-francisco\/"},"modified":"2026-04-03T15:52:00","modified_gmt":"2026-04-03T19:52:00","slug":"un-documental-sobre-su-vida-argentina-recordara-al-papa-francisco","status":"publish","type":"post","link":"https:\/\/ermdigital.com\/?p=12707","title":{"rendered":"Un documental sobre su vida argentina recordar\u00e1 al papa Francisco"},"content":{"rendered":"<p>El <strong>Vaticano<\/strong> recordar\u00e1 el <strong>primer aniversario<\/strong> de la <strong>muerte del papa<\/strong> Francisco con el <strong>estreno<\/strong>, el pr\u00f3ximo 8 de abril, del <strong>documental<\/strong> '<strong>La Argentina de Francisco<\/strong>', un recorrido por la vida y obra de Jorge Mario Bergoglio (1936-2025) antes de su ascenso al pontificado.<\/p>\n<p>La cinta, dirigida por el periodista <strong>Eugenio Bonanata<\/strong> y producida por <strong>Telepace<\/strong> en colaboraci\u00f3n con <strong>Vatican News<\/strong>, se presentar\u00e1 en la ciudad de <strong>Asti<\/strong>, en el norte de Italia, debido al <strong>origen piamont\u00e9s<\/strong> de la <strong>familia del pont\u00edfice<\/strong>, que emigr\u00f3 a Argentina en 1929.<\/p>\n<p>El <strong>estreno<\/strong> llegar\u00e1 poco antes del <strong>primer aniversario<\/strong> de su muerte para conmemorar la figura del <strong>papa Francisco<\/strong>, fallecido el 21 de abril de 2025 a los 88 a\u00f1os y tras 12 a\u00f1os de pontificado.<\/p>\n<div class=\"w-full pt-2 float-left inside-related\">    <span class=\"border-b border-black pb-3 mb-4 block\"><strong>RELACIONADAS<\/strong><\/span>                <\/p>\n<article class=\"flex flex-wrap border-b pb-4 mb-3 inline-block\">\n<div class=\"xl:w-2\/12 w-4\/12\">\n<figure class=\"mb-0\">                                                    <a href=\"https:\/\/www.diariolibre.com\/mundo\/europa\/2026\/02\/19\/el-papa-leon-xiv-viajara-a-la-isla-de-lampedusa-como-francisco\/3441971?utm_source=relacionadas&amp;utm_medium=nota&amp;utm_campaign=relacionadas\" title=\"                                                                                                                            \">                                                                <img decoding=\"async\" loading=\"lazy\" src=\"https:\/\/resources.diariolibre.com\/images\/2026\/02\/19\/el-papa-leon-xiv-viajara-a-la-isla-de-lampedusa-como-francisco-b7ec0626-focus-min0.07-0.47-149-99.jpg\" width=\"149\" height=\"99\" title=\"El papa Le\u00f3n XIV viajar\u00e1 el 4 de julio a la isla de Lampedusa como Francisco\" alt=\"El papa Le\u00f3n XIV viajar\u00e1 el 4 de julio a la isla de Lampedusa como Francisco\" class=\"object-cover\">                                                            <\/a>                                            <\/figure>\n<\/p><\/div>\n<div class=\"xl:w-10\/12 w-8\/12 pl-3\">\n<div class=\"text-md mb-2 meta\">                        <a href=\"https:\/\/www.diariolibre.com\/mundo\/europa\" title=\"Europa\">Europa<\/a>                    <\/div>\n<h2><a href=\"https:\/\/www.diariolibre.com\/mundo\/europa\/2026\/02\/19\/el-papa-leon-xiv-viajara-a-la-isla-de-lampedusa-como-francisco\/3441971?utm_source=relacionadas&amp;utm_medium=nota&amp;utm_campaign=relacionadas\" title=\"El papa Le\u00f3n XIV viajar\u00e1 el 4 de julio a la isla de Lampedusa como Francisco\">El papa Le\u00f3n XIV viajar\u00e1 el 4 de julio a la isla de Lampedusa como Francisco<\/a><\/h2>\n<\/p><\/div>\n<\/article><\/div>\n<h2>Proyecciones<\/h2>\n<div class=\"social-embed mb-4\">\n<blockquote class=\"instagram-media\" data-instgrm-captioned=\"\" data-instgrm-permalink=\"https:\/\/www.instagram.com\/reel\/DWryi42gVfy\/?utm_source=ig_embed&amp;utm_campaign=loading\" data-instgrm-version=\"14\">\n<div> <a href=\"https:\/\/www.instagram.com\/reel\/DWryi42gVfy\/?utm_source=ig_embed&amp;utm_campaign=loading\" target=\"_blank\" title=\"       Ver esta publicaci\u00f3n en Instagram            \" rel=\"nofollow noopener noreferrer\"> <\/p>\n<div>\n<div><\/div>\n<div>\n<div><\/div>\n<div><\/div>\n<\/div>\n<\/div>\n<div><\/div>\n<div><\/div>\n<div>\n<div>Ver esta publicaci\u00f3n en Instagram<\/div>\n<\/div>\n<div><\/div>\n<div>\n<div>\n<div><\/div>\n<div><\/div>\n<div><\/div>\n<\/div>\n<div>\n<div><\/div>\n<div><\/div>\n<\/div>\n<div>\n<div><\/div>\n<div><\/div>\n<div><\/div>\n<\/div>\n<\/div>\n<div>\n<div><\/div>\n<div><\/div>\n<\/div>\n<p><\/a><\/p>\n<p><a href=\"https:\/\/www.instagram.com\/reel\/DWryi42gVfy\/?utm_source=ig_embed&amp;utm_campaign=loading\" target=\"_blank\" title=\"Una publicaci\u00f3n compartida de Vatican News en espa\u00f1ol (@vaticannews.es)\" rel=\"nofollow noopener noreferrer\">Una publicaci\u00f3n compartida de Vatican News en espa\u00f1ol (@vaticannews.es)<\/a><\/p>\n<\/div>\n<\/blockquote>\n<div class=\"lazyload\" data-script=\"https:\/\/www.instagram.com\/embed.js\"><\/div>\n<\/div>\n<p>Adem\u00e1s de en la localidad de sus antepasados, la cinta tambi\u00e9n se proyectar\u00e1 en la <strong>Filmoteca Vaticana<\/strong>, la isla de <strong>Lampedusa<\/strong> y la c\u00e1rcel romana de Regina Coeli, lugares simb\u00f3licos del pontificado de Francisco por su primera salida oficial como papa y su constante atenci\u00f3n a los \"descartados\" de la sociedad, seg\u00fan medios vaticanos.<\/p>\n<p>El <strong>documental<\/strong>, de una hora de duraci\u00f3n, se centra en el <strong>camino pastoral<\/strong> del entonces <strong>arzobispo de Buenos Aires<\/strong> a trav\u00e9s de testimonios directos y explora los barrios de Flores y Almagro (Buenos Aires), donde naci\u00f3 Bergoglio y forj\u00f3 su vocaci\u00f3n.<\/p>\n<p>Asimismo, incluye relatos de <strong>antiguos alumnos<\/strong> de su etapa como <strong>profesor jesuita<\/strong> y <strong>figuras vinculadas<\/strong> a su labor en las '<strong>villas miseria<\/strong>' bonaerenses.<\/p>\n<p>Estos asentamientos precarios, marcados por la exclusi\u00f3n y el narcotr\u00e1fico, fueron el escenario donde Bergoglio impuls\u00f3 el concepto de una '<strong>Iglesia en salida<\/strong>' y cre\u00f3 el '<strong>Hogar de Cristo<\/strong>' para la recuperaci\u00f3n de j\u00f3venes v\u00edctimas de la drogadicci\u00f3n.<\/p>\n<p>Entre las voces que participan en el metraje destacan los periodistas <strong>Sergio Rubin<\/strong> y <strong>Francesca Ambrogetti<\/strong>, as\u00ed como el sacerdote <strong>Pepe di Paola<\/strong>, referente de la pastoral de periferias en Argentina.\u00a0<\/p>\n<p><\/p>\n<p>\u200bEl Vaticano recordar\u00e1 el primer aniversario de la muerte del papa Francisco con el estreno, el pr\u00f3ximo 8 de abril, del documental 'La Argentina de Francisco', un recorrido por la vida y obra de Jorge Mario Bergoglio (1936-2025) antes de su ascenso al pontificado.La cinta, dirigida por el periodista Eugenio Bonanata y producida por Telepace en colaboraci\u00f3n con Vatican News, se presentar\u00e1 en la ciudad de Asti, en el norte de Italia, debido al origen piamont\u00e9s de la familia del pont\u00edfice, que emigr\u00f3 a Argentina en 1929.El estreno llegar\u00e1 poco antes del primer aniversario de su muerte para conmemorar la figura del papa Francisco, fallecido el 21 de abril de 2025 a los 88 a\u00f1os y tras 12 a\u00f1os de pontificado.    RELACIONADAS                                                                                                                                                                                                                                                                                                                                                            Europa                                        El papa Le\u00f3n XIV viajar\u00e1 el 4 de julio a la isla de Lampedusa como Francisco                                    Proyecciones        Ver esta publicaci\u00f3n en Instagram            Una publicaci\u00f3n compartida de Vatican News en espa\u00f1ol (@vaticannews.es) Adem\u00e1s de en la localidad de sus antepasados, la cinta tambi\u00e9n se proyectar\u00e1 en la Filmoteca Vaticana, la isla de Lampedusa y la c\u00e1rcel romana de Regina Coeli, lugares simb\u00f3licos del pontificado de Francisco por su primera salida oficial como papa y su constante atenci\u00f3n a los \"descartados\" de la sociedad, seg\u00fan medios vaticanos.El documental, de una hora de duraci\u00f3n, se centra en el camino pastoral del entonces arzobispo de Buenos Aires a trav\u00e9s de testimonios directos y explora los barrios de Flores y Almagro (Buenos Aires), donde naci\u00f3 Bergoglio y forj\u00f3 su vocaci\u00f3n.Asimismo, incluye relatos de antiguos alumnos de su etapa como profesor jesuita y figuras vinculadas a su labor en las 'villas miseria' bonaerenses.Estos asentamientos precarios, marcados por la exclusi\u00f3n y el narcotr\u00e1fico, fueron el escenario donde Bergoglio impuls\u00f3 el concepto de una 'Iglesia en salida' y cre\u00f3 el 'Hogar de Cristo' para la recuperaci\u00f3n de j\u00f3venes v\u00edctimas de la drogadicci\u00f3n.Entre las voces que participan en el metraje destacan los periodistas Sergio Rubin y Francesca Ambrogetti, as\u00ed como el sacerdote Pepe di Paola, referente de la pastoral de periferias en Argentina.\u00a0\u00a0\u00a0Revista, Cultura, EFE, Roma, Documental, Papa Francisco, Un a\u00f1o de su muerte\u00a0<\/p>\n","protected":false},"excerpt":{"rendered":"<p>El Vaticano recordar\u00e1 el primer aniversario de la muerte del papa Francisco con el estreno, el pr\u00f3ximo 8 de abril, del documental 'La Argentina de Francisco', un recorrido por la vida y obra de Jorge Mario Bergoglio (1936-2025) antes de su ascenso al pontificado. La cinta, dirigida por el periodista Eugenio Bonanata y producida por [&hellip;]<\/p>\n","protected":false},"author":1,"featured_media":11955,"comment_status":"open","ping_status":"open","sticky":false,"template":"","format":"standard","meta":{"amp_status":"","footnotes":""},"categories":[9],"tags":[],"class_list":["post-12707","post","type-post","status-publish","format-standard","has-post-thumbnail","hentry","category-espectaculo"],"_links":{"self":[{"href":"https:\/\/ermdigital.com\/index.php?rest_route=\/wp\/v2\/posts\/12707","targetHints":{"allow":["GET"]}}],"collection":[{"href":"https:\/\/ermdigital.com\/index.php?rest_route=\/wp\/v2\/posts"}],"about":[{"href":"https:\/\/ermdigital.com\/index.php?rest_route=\/wp\/v2\/types\/post"}],"author":[{"embeddable":true,"href":"https:\/\/ermdigital.com\/index.php?rest_route=\/wp\/v2\/users\/1"}],"replies":[{"embeddable":true,"href":"https:\/\/ermdigital.com\/index.php?rest_route=%2Fwp%2Fv2%2Fcomments&post=12707"}],"version-history":[{"count":0,"href":"https:\/\/ermdigital.com\/index.php?rest_route=\/wp\/v2\/posts\/12707\/revisions"}],"wp:featuredmedia":[{"embeddable":true,"href":"https:\/\/ermdigital.com\/index.php?rest_route=\/wp\/v2\/media\/11955"}],"wp:attachment":[{"href":"https:\/\/ermdigital.com\/index.php?rest_route=%2Fwp%2Fv2%2Fmedia&parent=12707"}],"wp:term":[{"taxonomy":"category","embeddable":true,"href":"https:\/\/ermdigital.com\/index.php?rest_route=%2Fwp%2Fv2%2Fcategories&post=12707"},{"taxonomy":"post_tag","embeddable":true,"href":"https:\/\/ermdigital.com\/index.php?rest_route=%2Fwp%2Fv2%2Ftags&post=12707"}],"curies":[{"name":"wp","href":"https:\/\/api.w.org\/{rel}","templated":true}]}}