{"id":12706,"date":"2026-04-03T16:08:00","date_gmt":"2026-04-03T20:08:00","guid":{"rendered":"https:\/\/ermdigital.com\/index.php\/2026\/04\/03\/miles-de-fanaticos-se-dan-cita-en-el-puerto-rico-comic-con\/"},"modified":"2026-04-03T16:08:00","modified_gmt":"2026-04-03T20:08:00","slug":"miles-de-fanaticos-se-dan-cita-en-el-puerto-rico-comic-con","status":"publish","type":"post","link":"https:\/\/ermdigital.com\/?p=12706","title":{"rendered":"Miles de fan\u00e1ticos se dan cita en el Puerto Rico Comic Con"},"content":{"rendered":"<p><strong>Miles de seguidores<\/strong> de la cultura pop acudieron este viernes disfrazados de sus <strong>superh\u00e9roes<\/strong> favoritos y otros personajes del cine, la televisi\u00f3n, el anime y los videojuegos al <strong>Puerto Rico Comic Con 2026<\/strong>, un evento de tres d\u00edas en el que se espera la asistencia de <strong>m\u00e1s de 50.000 personas<\/strong>.<\/p>\n<p><strong>Paneles y conferencias<\/strong> con <strong>invitados internacionales<\/strong>, cientos de exhibidores, <strong>experiencias interactivas<\/strong>, competencias, exhibiciones de cosplay, venta de mercanc\u00eda exclusiva y art\u00edculos de colecci\u00f3n son algunos de los reclamos del evento.<\/p>\n<p>El invitado especial m\u00e1s relevante de esta edici\u00f3n es el <strong>actor brit\u00e1nico<\/strong> <strong>Jamie Campbell Bower<\/strong>, conocido por las series '<strong>Stranger Things<\/strong>' y las sagas de las pel\u00edculas 'Harry Potter' y 'Twilight'.<\/p>\n<p>Una <strong>multitud hizo fila<\/strong> en esta jornada en el <strong>Centro de Convenciones<\/strong> de Puerto Rico para tomarse una foto con el actor o lograr un aut\u00f3grafo.<\/p>\n<p>Los asistentes tambi\u00e9n tendr\u00e1n la oportunidad de conocer a <strong>Ron Perlman<\/strong>, famoso por protagonizar la saga cinematogr\u00e1fica 'Hellboy'; <strong>Sean Schemmel<\/strong>, quien por d\u00e9cadas ha dado vida a Goku en la versi\u00f3n en ingl\u00e9s de 'Dragon Ball Z'; y <strong>Vivienne Medrano<\/strong>, animadora e ilustradora creadora de la exitosa serie animada 'Hazbin Hotel'.<\/p>\n<h2>Novedades<\/h2>\n<figure class=\"inline-block\">\n<div class=\"expand-img-placeholder\"><img loading=\"lazy\" decoding=\"async\" src=\"https:\/\/resources.diariolibre.com\/images\/expand.svg\" alt=\"Expandir imagen\" width=\"20\" height=\"20\"><span class=\"rutaimagenoriginal-placeholder\">https:\/\/resources.diariolibre.com\/images\/2026\/04\/03\/9b63748c543fa3d4af1c9b0fb413a88ccb419b4fw-22c210fc.jpg<\/span><\/div>\n<p><img decoding=\"async\" loading=\"lazy\" src=\"https:\/\/resources.diariolibre.com\/images\/2026\/04\/03\/9b63748c543fa3d4af1c9b0fb413a88ccb419b4fw-22c210fc.jpg\" width=\"auto\" height=\"350\" alt=\"Infograf\u00eda\" class=\"mx-auto\"><figcaption><span>Un persona vestida con elementos alusivos a la serie 'One Piece' asiste al Centro de Convenciones de Puerto Rico este viernes, en San Juan (Puerto Rico).<\/span><span> (<strong>EFE<\/strong>)<\/span><\/figcaption><\/figure>\n<p>Este a\u00f1o, el evento trae como novedad adem\u00e1s la presentaci\u00f3n del <strong>Superhero Fest 2026<\/strong>, un festival que lleva <strong>c\u00f3mics puertorrique\u00f1os<\/strong> del papel a la pantalla grande mediante <strong>cortometrajes inspirados<\/strong> en obras de artistas locales. <\/p>\n<p>El <strong>Puerto Rico Comic Con<\/strong> tambi\u00e9n sirve como una plataforma para la comunidad creativa de la isla con la participaci\u00f3n de m\u00e1s de <strong>450 exhibidores<\/strong>, artistas, ilustradores y <strong>creadores de c\u00f3mics locales<\/strong>, entre otros.<\/p>\n<p>Como es habitual, el tradicional <strong>Cosplay Showcase<\/strong> se prev\u00e9 que sea uno de los <strong>momentos m\u00e1s esperados<\/strong> del evento al reunir a participantes que presentan elaborados disfraces inspirados en personajes de la cultura pop.<\/p>\n<div class=\"w-full pt-2 float-left inside-related\">    <span class=\"border-b border-black pb-3 mb-4 block\"><strong>RELACIONADAS<\/strong><\/span>                <\/p>\n<article class=\"flex flex-wrap border-b pb-4 mb-3 inline-block\">\n<div class=\"xl:w-2\/12 w-4\/12\">\n<figure class=\"mb-0\">                                                    <a href=\"https:\/\/www.diariolibre.com\/revista\/cultura\/2026\/02\/26\/dragon-ball-celebra-40-anos-de-su-primera-emision\/3449885?utm_source=relacionadas&amp;utm_medium=nota&amp;utm_campaign=relacionadas\" title=\"                                                                                                                            \">                                                                <img decoding=\"async\" loading=\"lazy\" src=\"https:\/\/resources.diariolibre.com\/images\/2026\/02\/26\/selena-gomez-el-pasado-13-de-marzo-durante-la-27%C2%AA-edicion-de-los-critics-choice-awards-en-los-ange-1-c1ac9c15-focus-0-0.82-149-99.jpg\" width=\"149\" height=\"99\" title=\"Dragon Ball celebra 40 a\u00f1os de su primera emisi\u00f3n resucitando tras la muerte de Akira Toriyama\" alt=\"Dragon Ball celebra 40 a\u00f1os de su primera emisi\u00f3n resucitando tras la muerte de Akira Toriyama\" class=\"object-cover\">                                                            <\/a>                                            <\/figure>\n<\/p><\/div>\n<div class=\"xl:w-10\/12 w-8\/12 pl-3\">\n<div class=\"text-md mb-2 meta\">                        <a href=\"https:\/\/www.diariolibre.com\/revista\/cultura\" title=\"Cultura\">Cultura<\/a>                    <\/div>\n<h2><a href=\"https:\/\/www.diariolibre.com\/revista\/cultura\/2026\/02\/26\/dragon-ball-celebra-40-anos-de-su-primera-emision\/3449885?utm_source=relacionadas&amp;utm_medium=nota&amp;utm_campaign=relacionadas\" title=\"Dragon Ball celebra 40 a\u00f1os de su primera emisi\u00f3n resucitando tras la muerte de Akira Toriyama\">\"Dragon Ball\" celebra 40 a\u00f1os de su primera emisi\u00f3n resucitando tras la muerte de Akira Toriyama<\/a><\/h2>\n<\/p><\/div>\n<\/article>\n<article class=\"flex flex-wrap border-b pb-4 mb-3 inline-block\">\n<div class=\"xl:w-2\/12 w-4\/12\">\n<figure class=\"mb-0\">                                                    <a href=\"https:\/\/www.diariolibre.com\/revista\/musica\/2025\/11\/12\/comic-con-rd-2025-reunio-a-mas-de-8000-personas-en-san-souci\/3309033?utm_source=relacionadas&amp;utm_medium=nota&amp;utm_campaign=relacionadas\" title=\"                                                                                                                            \">                                                                <img decoding=\"async\" loading=\"lazy\" src=\"https:\/\/resources.diariolibre.com\/images\/2025\/11\/12\/comic-con-rd-2025-reunio-a-mas-de-8000-personas-en-san-souci-02011f1f-focus-min0.01-0.45-149-99.jpg\" width=\"149\" height=\"99\" title=\"Comic Con Rep\u00fablica Dominicana 2025 reuni\u00f3 a m\u00e1s de 8,000 personas en San Souci\" alt=\"Comic Con Rep\u00fablica Dominicana 2025 reuni\u00f3 a m\u00e1s de 8,000 personas en San Souci\" class=\"object-cover\">                                                            <\/a>                                            <\/figure>\n<\/p><\/div>\n<div class=\"xl:w-10\/12 w-8\/12 pl-3\">\n<div class=\"text-md mb-2 meta\">                        <a href=\"https:\/\/www.diariolibre.com\/revista\/musica\" title=\"M\u00fasica\">M\u00fasica<\/a>                    <\/div>\n<h2><a href=\"https:\/\/www.diariolibre.com\/revista\/musica\/2025\/11\/12\/comic-con-rd-2025-reunio-a-mas-de-8000-personas-en-san-souci\/3309033?utm_source=relacionadas&amp;utm_medium=nota&amp;utm_campaign=relacionadas\" title=\"Comic Con Rep\u00fablica Dominicana 2025 reuni\u00f3 a m\u00e1s de 8,000 personas en San Souci\">Comic Con Rep\u00fablica Dominicana 2025 reuni\u00f3 a m\u00e1s de 8,000 personas en San Souci<\/a><\/h2>\n<\/p><\/div>\n<\/article><\/div>\n<ul>\n<li><strong>Ricardo Carri\u00f3n<\/strong>, <strong>fundador y productor<\/strong> ejecutivo del <strong>Puerto Rico Comic Con<\/strong>, destac\u00f3 que el entusiasmo por este evento es \"testimonio del <strong>crecimiento de la cultura pop<\/strong> como fen\u00f3meno cultural y econ\u00f3mico\".<\/li>\n<\/ul>\n<p>\u200bMiles de seguidores de la cultura pop acudieron este viernes disfrazados de sus superh\u00e9roes favoritos y otros personajes del cine, la televisi\u00f3n, el anime y los videojuegos al Puerto Rico Comic Con 2026, un evento de tres d\u00edas en el que se espera la asistencia de m\u00e1s de 50.000 personas.Paneles y conferencias con invitados internacionales, cientos de exhibidores, experiencias interactivas, competencias, exhibiciones de cosplay, venta de mercanc\u00eda exclusiva y art\u00edculos de colecci\u00f3n son algunos de los reclamos del evento.El invitado especial m\u00e1s relevante de esta edici\u00f3n es el actor brit\u00e1nico Jamie Campbell Bower, conocido por las series 'Stranger Things' y las sagas de las pel\u00edculas 'Harry Potter' y 'Twilight'.Una multitud hizo fila en esta jornada en el Centro de Convenciones de Puerto Rico para tomarse una foto con el actor o lograr un aut\u00f3grafo.Los asistentes tambi\u00e9n tendr\u00e1n la oportunidad de conocer a Ron Perlman, famoso por protagonizar la saga cinematogr\u00e1fica 'Hellboy'; Sean Schemmel, quien por d\u00e9cadas ha dado vida a Goku en la versi\u00f3n en ingl\u00e9s de 'Dragon Ball Z'; y Vivienne Medrano, animadora e ilustradora creadora de la exitosa serie animada 'Hazbin Hotel'.Novedadeshttps:\/\/resources.diariolibre.com\/images\/2026\/04\/03\/9b63748c543fa3d4af1c9b0fb413a88ccb419b4fw-22c210fc.jpgUn persona vestida con elementos alusivos a la serie 'One Piece' asiste al Centro de Convenciones de Puerto Rico este viernes, en San Juan (Puerto Rico). (EFE)Este a\u00f1o, el evento trae como novedad adem\u00e1s la presentaci\u00f3n del Superhero Fest 2026, un festival que lleva c\u00f3mics puertorrique\u00f1os del papel a la pantalla grande mediante cortometrajes inspirados en obras de artistas locales. El Puerto Rico Comic Con tambi\u00e9n sirve como una plataforma para la comunidad creativa de la isla con la participaci\u00f3n de m\u00e1s de 450 exhibidores, artistas, ilustradores y creadores de c\u00f3mics locales, entre otros.Como es habitual, el tradicional Cosplay Showcase se prev\u00e9 que sea uno de los momentos m\u00e1s esperados del evento al reunir a participantes que presentan elaborados disfraces inspirados en personajes de la cultura pop.    RELACIONADAS                                                                                                                                                                                                                                                                                                                                                            Cultura                                        \"Dragon Ball\" celebra 40 a\u00f1os de su primera emisi\u00f3n resucitando tras la muerte de Akira Toriyama                                                                                                                                                                                                                                                                                                                                                                                            M\u00fasica                                        Comic Con Rep\u00fablica Dominicana 2025 reuni\u00f3 a m\u00e1s de 8,000 personas en San Souci                                        Ricardo Carri\u00f3n, fundador y productor ejecutivo del Puerto Rico Comic Con, destac\u00f3 que el entusiasmo por este evento es \"testimonio del crecimiento de la cultura pop como fen\u00f3meno cultural y econ\u00f3mico\".\u00a0\u00a0Revista, Cultura, EFE, Santo Domingo, Superh\u00e9roes, Puerto Rico Comic Con 2026\u00a0<\/p>\n","protected":false},"excerpt":{"rendered":"<p>Miles de seguidores de la cultura pop acudieron este viernes disfrazados de sus superh\u00e9roes favoritos y otros personajes del cine, la televisi\u00f3n, el anime y los videojuegos al Puerto Rico Comic Con 2026, un evento de tres d\u00edas en el que se espera la asistencia de m\u00e1s de 50.000 personas. Paneles y conferencias con invitados [&hellip;]<\/p>\n","protected":false},"author":1,"featured_media":11927,"comment_status":"open","ping_status":"open","sticky":false,"template":"","format":"standard","meta":{"amp_status":"","footnotes":""},"categories":[9],"tags":[],"class_list":["post-12706","post","type-post","status-publish","format-standard","has-post-thumbnail","hentry","category-espectaculo"],"_links":{"self":[{"href":"https:\/\/ermdigital.com\/index.php?rest_route=\/wp\/v2\/posts\/12706","targetHints":{"allow":["GET"]}}],"collection":[{"href":"https:\/\/ermdigital.com\/index.php?rest_route=\/wp\/v2\/posts"}],"about":[{"href":"https:\/\/ermdigital.com\/index.php?rest_route=\/wp\/v2\/types\/post"}],"author":[{"embeddable":true,"href":"https:\/\/ermdigital.com\/index.php?rest_route=\/wp\/v2\/users\/1"}],"replies":[{"embeddable":true,"href":"https:\/\/ermdigital.com\/index.php?rest_route=%2Fwp%2Fv2%2Fcomments&post=12706"}],"version-history":[{"count":0,"href":"https:\/\/ermdigital.com\/index.php?rest_route=\/wp\/v2\/posts\/12706\/revisions"}],"wp:featuredmedia":[{"embeddable":true,"href":"https:\/\/ermdigital.com\/index.php?rest_route=\/wp\/v2\/media\/11927"}],"wp:attachment":[{"href":"https:\/\/ermdigital.com\/index.php?rest_route=%2Fwp%2Fv2%2Fmedia&parent=12706"}],"wp:term":[{"taxonomy":"category","embeddable":true,"href":"https:\/\/ermdigital.com\/index.php?rest_route=%2Fwp%2Fv2%2Fcategories&post=12706"},{"taxonomy":"post_tag","embeddable":true,"href":"https:\/\/ermdigital.com\/index.php?rest_route=%2Fwp%2Fv2%2Ftags&post=12706"}],"curies":[{"name":"wp","href":"https:\/\/api.w.org\/{rel}","templated":true}]}}