{"id":12511,"date":"2026-04-03T11:46:00","date_gmt":"2026-04-03T15:46:00","guid":{"rendered":"https:\/\/ermdigital.com\/index.php\/2026\/04\/03\/federacion-de-musicos-de-ee-uu-defiende-a-bruce-springsteen\/"},"modified":"2026-04-03T11:46:00","modified_gmt":"2026-04-03T15:46:00","slug":"federacion-de-musicos-de-ee-uu-defiende-a-bruce-springsteen","status":"publish","type":"post","link":"https:\/\/ermdigital.com\/?p=12511","title":{"rendered":"Federaci\u00f3n de M\u00fasicos de EE.UU. defiende a Bruce Springsteen"},"content":{"rendered":"<p>La <strong>Federaci\u00f3n de M\u00fasicos<\/strong> de EE.UU. sali\u00f3 este jueves en <strong>defensa<\/strong> de uno de sus m\u00e1s conocidos miembros, <strong>Bruce Springsteen<\/strong>, tras el ataque hecho en su contra por el presidente <strong>Donald Trump<\/strong>, que pidi\u00f3 a sus seguidores que no asistan a los conciertos del 'Boss', que el pasado martes inici\u00f3 una <strong>gira<\/strong> por EE.UU.<\/p>\n<p>\"No podemos permanecer en silencio mientras uno de nuestros miembros m\u00e1s c\u00e9lebres es se\u00f1alado y atacado personalmente por el presidente de los Estados Unidos\", indicaron en un <strong>comunicado conjunto<\/strong> el presidente del Local 802, <strong>Dan Point<\/strong>, y de la Local 47, <strong>Marc Sazer<\/strong>, de la <strong>Federaci\u00f3n de M\u00fasicos<\/strong>.<\/p>\n<figure class=\"my-12 component infografia\">\n<div class=\"expand-img-placeholder\"><img loading=\"lazy\" decoding=\"async\" src=\"https:\/\/resources.diariolibre.com\/images\/expand.svg\" alt=\"Expandir imagen\" width=\"20\" height=\"20\"><span class=\"rutaimagenoriginal-placeholder\">https:\/\/resources.diariolibre.com\/images\/2026\/04\/03\/captura-de-pantalla-2026-04-03-a-las-34112-pm-aadbaf2b.png<\/span><\/div>\n<p><img decoding=\"async\" loading=\"lazy\" src=\"https:\/\/resources.diariolibre.com\/images\/2026\/04\/03\/captura-de-pantalla-2026-04-03-a-las-34112-pm-aadbaf2b.png\" width=\"auto\" height=\"350\" alt=\"Infograf\u00eda\" class=\"mx-auto\"><\/figure>\n<p><strong>Springsteen<\/strong>, un ac\u00e9rrimo cr\u00edtico del presidente <strong>Donald Trump<\/strong>, inici\u00f3 en <strong>Mine\u00e1polis<\/strong> -donde dos ciudadanos murieron a manos de agentes del Servicio de Inmigraci\u00f3n durante protestas contra la pol\u00edtica migratoria de <strong>Trump<\/strong>&#8211; su <strong>gira<\/strong> 'Land of Hope and Dreams' (Tierra de Esperanza y Sue\u00f1os).<\/p>\n<p>Al salir al escenario, antes de su primer tema, reiter\u00f3 sus <strong>cr\u00edticas<\/strong> al <strong>mandatario<\/strong>.<\/p>\n<ul>\n<li>\"Estamos aqu\u00ed para celebrar y defender nuestros ideales estadounidenses, la <strong>democracia<\/strong>, nuestra <strong>Constituci\u00f3n<\/strong> y nuestra sagrada promesa de Estados Unidos, el pa\u00eds que amo y del que he escrito durante 50 a\u00f1os, que ha sido el faro de la esperanza y la libertad en todo el mundo, actualmente en manos de una <strong>administraci\u00f3n corrupta<\/strong>, incompetente, racista, imprudente y traidora\", indic\u00f3, seg\u00fan recogen los medios.<\/li>\n<\/ul>\n<h2>Respuesta de <strong>Trump<\/strong><\/h2>\n<p>En respuesta, <strong>Trump<\/strong> pidi\u00f3 a los <strong>seguidores de MAGA<\/strong> (Make America Great Again, haz Am\u00e9rica grande de nuevo) que boicoteen sus presentaciones.<\/p>\n<p>Asegur\u00f3 en su red social que el cantautor de Nueva Jersey \"padece desde hace mucho tiempo un caso horrible e incurable del \"S\u00edndrome de Delirio Anti-<strong>Trump<\/strong>\", a veces conocido como \"<strong>TDS<\/strong>\"\".<\/p>\n<p>En sus insultos al artista subray\u00f3 adem\u00e1s que se trata \"de un <strong>perdedor total<\/strong> que vomita odio contra un presidente que gan\u00f3 las elecciones por una <strong>victoria aplastante<\/strong>, imponi\u00e9ndose tanto en el voto popular como en los siete estados pendulares y en el 86 % de los condados de todo Estados Unidos\".<\/p>\n<h2>M\u00fasica inspiradora<\/h2>\n<p><strong>Point<\/strong> y <strong>Sazer<\/strong> afirmaron en el comunicado que <strong>Springsteen<\/strong> no es solo un m\u00fasico brillante, \"es la <strong>voz de la clase trabajadora<\/strong>, un s\u00edmbolo de la resiliencia estadounidense y una inspiraci\u00f3n para millones de personas en este pa\u00eds y en todo el mundo\".<\/p>\n<figure class=\"my-12 component infografia\">\n<div class=\"expand-img-placeholder\"><img loading=\"lazy\" decoding=\"async\" src=\"https:\/\/resources.diariolibre.com\/images\/expand.svg\" alt=\"Expandir imagen\" width=\"20\" height=\"20\"><span class=\"rutaimagenoriginal-placeholder\">https:\/\/resources.diariolibre.com\/images\/2026\/04\/03\/saveclipapp659824641185750277820025158056723553677375008n-ca5a94c7.jpg<\/span><\/div>\n<p><img decoding=\"async\" loading=\"lazy\" src=\"https:\/\/resources.diariolibre.com\/images\/2026\/04\/03\/saveclipapp659824641185750277820025158056723553677375008n-ca5a94c7.jpg\" width=\"auto\" height=\"350\" alt=\"Infograf\u00eda\" class=\"mx-auto\"><\/figure>\n<p>\"Desde '<strong>Nebraska<\/strong>' hasta '<strong>Born to Run<\/strong>', su m\u00fasica ha denunciado el abuso de poder durante d\u00e9cadas, y eso es precisamente lo que est\u00e1 haciendo ahora\" indicaron.<\/p>\n<p>Recordaron que los m\u00fasicos tienen <strong>derecho<\/strong> a la <strong>libertad de expresi\u00f3n<\/strong> \"y nos solidarizamos plenamente con Bruce y con todos los miembros que utilizan su plataforma para expresar su conciencia. Las secciones locales 802 y 47 siempre defender\u00e1n ese <strong>derecho<\/strong>\".<\/p>\n<p>En el inicio de su <strong>gira<\/strong>, que tendr\u00e1 20 presentaciones, entre ellas en Nueva York, el cantante pidi\u00f3 al p\u00fablico que se unieran a ellos \"para elegir la esperanza sobre el miedo, la <strong>democracia<\/strong> sobre el autoritarismo, el estado de <strong>derecho<\/strong> sobre la ilegalidad, la \u00e9tica sobre la corrupci\u00f3n desenfrenada, la resistencia sobre la complacencia, la unidad sobre la divisi\u00f3n y la paz sobre la guerra\".<\/p>\n<p>La <strong>gira<\/strong> concluye el <strong>27 de mayo<\/strong> en Washington D.C.\u00a0<\/p>\n<div class=\"read-more mb-7\">    <span class=\"block mb-2\">Leer m\u00e1s<\/span>    <\/p>\n<ul class=\"glosa\">\n<li>\n<h3><a href=\"https:\/\/www.diariolibre.com\/revista\/musica\/2026\/04\/02\/bruce-springsteen-enciende-su-gira-con-criticas-a-donald-trump\/3490183?utm_source=relacionadas&amp;utm_medium=nota&amp;utm_campaign=relacionadas\" title=\"Bruce Springsteen enciende su gira con cr\u00edticas a Donald Trump y desata pol\u00e9mica\">Bruce Springsteen enciende su gira con cr\u00edticas a Donald Trump y desata pol\u00e9mica<\/a><\/h3>\n<\/li>\n<li>\n<h3><a href=\"https:\/\/www.diariolibre.com\/revista\/musica\/2026\/02\/02\/el-comentario-del-presentador-del-grammy-que-enojo-a-donald-trump\/3423749?utm_source=relacionadas&amp;utm_medium=nota&amp;utm_campaign=relacionadas\" title=\"El comentario del presentador del Grammy que provoc\u00f3 la ira de Trump: Demandar\u00e9 a este pobre\">El comentario del presentador del Grammy que provoc\u00f3 la ira de Trump: \"Demandar\u00e9 a este pobre\"<\/a><\/h3>\n<\/li>\n<li>\n<h3><a href=\"https:\/\/www.diariolibre.com\/revista\/musica\/2026\/01\/28\/streets-of-minneapolis-bruce-springsteen-critica-violencia-estatal\/3418905?utm_source=relacionadas&amp;utm_medium=nota&amp;utm_campaign=relacionadas\" title=\"Bruce Springsteen lanza canci\u00f3n protesta contra ICE tras muertes en Mine\u00e1polis\">Bruce Springsteen lanza canci\u00f3n protesta contra ICE tras muertes en Mine\u00e1polis<\/a><\/h3>\n<\/li>\n<li>\n<h3><a href=\"https:\/\/www.diariolibre.com\/usa\/actualidad\/2025\/05\/16\/taylor-swift-la-polemica-con-donald-trump\/3115040?utm_source=relacionadas&amp;utm_medium=nota&amp;utm_campaign=relacionadas\" title=\"Trump dice que Taylor Swift ya no es popular desde que anunci\u00f3 en redes que la odiaba\">Trump dice que Taylor Swift \"ya no es popular\" desde que anunci\u00f3 en redes que la odiaba<\/a><\/h3>\n<\/li>\n<\/ul>\n<\/div>\n<p>\u200bLa Federaci\u00f3n de M\u00fasicos de EE.UU. sali\u00f3 este jueves en defensa de uno de sus m\u00e1s conocidos miembros, Bruce Springsteen, tras el ataque hecho en su contra por el presidente Donald Trump, que pidi\u00f3 a sus seguidores que no asistan a los conciertos del 'Boss', que el pasado martes inici\u00f3 una gira por EE.UU.\"No podemos permanecer en silencio mientras uno de nuestros miembros m\u00e1s c\u00e9lebres es se\u00f1alado y atacado personalmente por el presidente de los Estados Unidos\", indicaron en un comunicado conjunto el presidente del Local 802, Dan Point, y de la Local 47, Marc Sazer, de la Federaci\u00f3n de M\u00fasicos.https:\/\/resources.diariolibre.com\/images\/2026\/04\/03\/captura-de-pantalla-2026-04-03-a-las-34112-pm-aadbaf2b.pngSpringsteen, un ac\u00e9rrimo cr\u00edtico del presidente Donald Trump, inici\u00f3 en Mine\u00e1polis -donde dos ciudadanos murieron a manos de agentes del Servicio de Inmigraci\u00f3n durante protestas contra la pol\u00edtica migratoria de Trump- su gira 'Land of Hope and Dreams' (Tierra de Esperanza y Sue\u00f1os).Al salir al escenario, antes de su primer tema, reiter\u00f3 sus cr\u00edticas al mandatario.    \"Estamos aqu\u00ed para celebrar y defender nuestros ideales estadounidenses, la democracia, nuestra Constituci\u00f3n y nuestra sagrada promesa de Estados Unidos, el pa\u00eds que amo y del que he escrito durante 50 a\u00f1os, que ha sido el faro de la esperanza y la libertad en todo el mundo, actualmente en manos de una administraci\u00f3n corrupta, incompetente, racista, imprudente y traidora\", indic\u00f3, seg\u00fan recogen los medios.Respuesta de TrumpEn respuesta, Trump pidi\u00f3 a los seguidores de MAGA (Make America Great Again, haz Am\u00e9rica grande de nuevo) que boicoteen sus presentaciones.Asegur\u00f3 en su red social que el cantautor de Nueva Jersey \"padece desde hace mucho tiempo un caso horrible e incurable del \"S\u00edndrome de Delirio Anti-Trump\", a veces conocido como \"TDS\"\".En sus insultos al artista subray\u00f3 adem\u00e1s que se trata \"de un perdedor total que vomita odio contra un presidente que gan\u00f3 las elecciones por una victoria aplastante, imponi\u00e9ndose tanto en el voto popular como en los siete estados pendulares y en el 86 % de los condados de todo Estados Unidos\".M\u00fasica inspiradoraPoint y Sazer afirmaron en el comunicado que Springsteen no es solo un m\u00fasico brillante, \"es la voz de la clase trabajadora, un s\u00edmbolo de la resiliencia estadounidense y una inspiraci\u00f3n para millones de personas en este pa\u00eds y en todo el mundo\".https:\/\/resources.diariolibre.com\/images\/2026\/04\/03\/saveclipapp659824641185750277820025158056723553677375008n-ca5a94c7.jpg\"Desde 'Nebraska' hasta 'Born to Run', su m\u00fasica ha denunciado el abuso de poder durante d\u00e9cadas, y eso es precisamente lo que est\u00e1 haciendo ahora\" indicaron.Recordaron que los m\u00fasicos tienen derecho a la libertad de expresi\u00f3n \"y nos solidarizamos plenamente con Bruce y con todos los miembros que utilizan su plataforma para expresar su conciencia. Las secciones locales 802 y 47 siempre defender\u00e1n ese derecho\".En el inicio de su gira, que tendr\u00e1 20 presentaciones, entre ellas en Nueva York, el cantante pidi\u00f3 al p\u00fablico que se unieran a ellos \"para elegir la esperanza sobre el miedo, la democracia sobre el autoritarismo, el estado de derecho sobre la ilegalidad, la \u00e9tica sobre la corrupci\u00f3n desenfrenada, la resistencia sobre la complacencia, la unidad sobre la divisi\u00f3n y la paz sobre la guerra\".La gira concluye el 27 de mayo en Washington D.C.\u00a0    Leer m\u00e1s                            Bruce Springsteen enciende su gira con cr\u00edticas a Donald Trump y desata pol\u00e9mica                            El comentario del presentador del Grammy que provoc\u00f3 la ira de Trump: \"Demandar\u00e9 a este pobre\"                            Bruce Springsteen lanza canci\u00f3n protesta contra ICE tras muertes en Mine\u00e1polis                            Trump dice que Taylor Swift \"ya no es popular\" desde que anunci\u00f3 en redes que la odiaba\u00a0\u00a0Revista, M\u00fasica, EFE, Nueva York, Defensa, Bruce Springsteen, Cr\u00edticas a Trump, Federaci\u00f3n de M\u00fasicos de EE.UU.\u00a0<\/p>\n","protected":false},"excerpt":{"rendered":"<p>La Federaci\u00f3n de M\u00fasicos de EE.UU. sali\u00f3 este jueves en defensa de uno de sus m\u00e1s conocidos miembros, Bruce Springsteen, tras el ataque hecho en su contra por el presidente Donald Trump, que pidi\u00f3 a sus seguidores que no asistan a los conciertos del 'Boss', que el pasado martes inici\u00f3 una gira por EE.UU. \"No [&hellip;]<\/p>\n","protected":false},"author":1,"featured_media":11823,"comment_status":"open","ping_status":"open","sticky":false,"template":"","format":"standard","meta":{"amp_status":"","footnotes":""},"categories":[9],"tags":[],"class_list":["post-12511","post","type-post","status-publish","format-standard","has-post-thumbnail","hentry","category-espectaculo"],"_links":{"self":[{"href":"https:\/\/ermdigital.com\/index.php?rest_route=\/wp\/v2\/posts\/12511","targetHints":{"allow":["GET"]}}],"collection":[{"href":"https:\/\/ermdigital.com\/index.php?rest_route=\/wp\/v2\/posts"}],"about":[{"href":"https:\/\/ermdigital.com\/index.php?rest_route=\/wp\/v2\/types\/post"}],"author":[{"embeddable":true,"href":"https:\/\/ermdigital.com\/index.php?rest_route=\/wp\/v2\/users\/1"}],"replies":[{"embeddable":true,"href":"https:\/\/ermdigital.com\/index.php?rest_route=%2Fwp%2Fv2%2Fcomments&post=12511"}],"version-history":[{"count":0,"href":"https:\/\/ermdigital.com\/index.php?rest_route=\/wp\/v2\/posts\/12511\/revisions"}],"wp:featuredmedia":[{"embeddable":true,"href":"https:\/\/ermdigital.com\/index.php?rest_route=\/wp\/v2\/media\/11823"}],"wp:attachment":[{"href":"https:\/\/ermdigital.com\/index.php?rest_route=%2Fwp%2Fv2%2Fmedia&parent=12511"}],"wp:term":[{"taxonomy":"category","embeddable":true,"href":"https:\/\/ermdigital.com\/index.php?rest_route=%2Fwp%2Fv2%2Fcategories&post=12511"},{"taxonomy":"post_tag","embeddable":true,"href":"https:\/\/ermdigital.com\/index.php?rest_route=%2Fwp%2Fv2%2Ftags&post=12511"}],"curies":[{"name":"wp","href":"https:\/\/api.w.org\/{rel}","templated":true}]}}