{"id":12448,"date":"2026-04-03T10:20:00","date_gmt":"2026-04-03T14:20:00","guid":{"rendered":"https:\/\/ermdigital.com\/index.php\/2026\/04\/03\/arlenis-sosa-habla-de-lactancia-y-desafios-de-la-maternidad-primeriza\/"},"modified":"2026-04-03T10:20:00","modified_gmt":"2026-04-03T14:20:00","slug":"arlenis-sosa-habla-de-lactancia-y-desafios-de-la-maternidad-primeriza","status":"publish","type":"post","link":"https:\/\/ermdigital.com\/?p=12448","title":{"rendered":"Arlenis Sosa habla de lactancia y desaf\u00edos de la maternidad primeriza"},"content":{"rendered":"<p>A <strong>un mes<\/strong> de convertirse en madre, <strong>Arlenis Sosa<\/strong> ha compartido con sus seguidores una mirada honesta y cercana sobre esta <strong>nueva etapa<\/strong> en su vida. <\/p>\n<p>La <strong>modelo<\/strong>, que dio la bienvenida a su <strong>primer hijo<\/strong> junto a su esposo, <strong>John McCarty<\/strong>, anunci\u00f3 c\u00f3mo est\u00e1 viviendo esta experiencia con un emotivo mensaje acompa\u00f1ado de una foto muy especial.<\/p>\n<p>Este momento llega tras un a\u00f1o especialmente significativo para la <strong>modelo<\/strong>. En febrero de 2025, Sosa contrajo <strong>matrimonio<\/strong> con McCarty en una \u00edntima ceremonia celebrada en <strong>Cap Cana<\/strong>, que ella misma describi\u00f3 como \u201cun d\u00eda lleno de amor, promesas y agradecimiento\u201d.<\/p>\n<h3 data-section-id=\"r570rd\" data-start=\"1065\" data-end=\"1114\">\u201cNo siempre es f\u00e1cil, pero <strong>todo vale<\/strong> <strong>la pena<\/strong>\u201d<\/h3>\n<p>En su publicaci\u00f3n, Sosa habl\u00f3 sin filtros sobre la <strong>lactancia<\/strong> y los <strong>desaf\u00edos de la maternidad primeriza<\/strong>. \u201cAmamantar\u2026 ha sido una de las experiencias m\u00e1s gratificantes y humildes de mi vida\u201d, comparti\u00f3.<\/p>\n<div class=\"social-embed mb-4\">\n<blockquote class=\"instagram-media\" data-instgrm-captioned=\"\" data-instgrm-permalink=\"https:\/\/www.instagram.com\/p\/DWrOgGzj3-7\/?utm_source=ig_embed&amp;utm_campaign=loading\" data-instgrm-version=\"14\">\n<div> <a href=\"https:\/\/www.instagram.com\/p\/DWrOgGzj3-7\/?utm_source=ig_embed&amp;utm_campaign=loading\" target=\"_blank\" title=\"       Ver esta publicaci\u00f3n en Instagram            \" rel=\"nofollow noopener noreferrer\"> <\/p>\n<div>\n<div><\/div>\n<div>\n<div><\/div>\n<div><\/div>\n<\/div>\n<\/div>\n<div><\/div>\n<div><\/div>\n<div>\n<div>Ver esta publicaci\u00f3n en Instagram<\/div>\n<\/div>\n<div><\/div>\n<div>\n<div>\n<div><\/div>\n<div><\/div>\n<div><\/div>\n<\/div>\n<div>\n<div><\/div>\n<div><\/div>\n<\/div>\n<div>\n<div><\/div>\n<div><\/div>\n<div><\/div>\n<\/div>\n<\/div>\n<div>\n<div><\/div>\n<div><\/div>\n<\/div>\n<p><\/a><\/p>\n<p><a href=\"https:\/\/www.instagram.com\/p\/DWrOgGzj3-7\/?utm_source=ig_embed&amp;utm_campaign=loading\" target=\"_blank\" title=\"Una publicaci\u00f3n compartida por Arlenis Sosa   (@arlenissosa)\" rel=\"nofollow noopener noreferrer\">Una publicaci\u00f3n compartida por Arlenis Sosa   (@arlenissosa)<\/a><\/p>\n<\/div>\n<\/blockquote>\n<div class=\"lazyload\" data-script=\"https:\/\/www.instagram.com\/embed.js\"><\/div>\n<\/div>\n<p>Tambi\u00e9n reconoci\u00f3 los momentos dif\u00edciles: el <strong>cansancio<\/strong>, las <strong>dudas<\/strong> y todo lo inesperado que llega con esta <strong>nueva responsabilidad<\/strong>. Aun as\u00ed, lo tiene claro: \u201cCada vez que puedo alimentar a mi <strong>beb\u00e9<\/strong>, me recuerda que <strong>todo vale<\/strong> <strong>la pena<\/strong>\u201d.<\/p>\n<p>La <strong>modelo<\/strong> destac\u00f3 adem\u00e1s el valor del <strong>acompa\u00f1amiento<\/strong> en este proceso: \u201cDe verdad, <strong>se necesita<\/strong> una <strong>comunidad<\/strong>\u201d, dijo, agradeciendo el apoyo de sus amigas cercanas.<\/p>\n<h3 data-section-id=\"vjcevv\" data-start=\"2621\" data-end=\"2647\"><strong>Maternidad sin juicios<\/strong><\/h3>\n<p>En su mensaje, la top model tambi\u00e9n dej\u00f3 espacio para una <strong>reflexi\u00f3n<\/strong> <strong>importante<\/strong>: no todas las maternidades son iguales.<\/p>\n<ul>\n<li>\u201cAlimentar a tu <strong>beb\u00e9<\/strong>, sea como sea que lo hagas, es un <strong>acto de amor<\/strong>\u201d, expres\u00f3, enfatizando que <strong>cada madre<\/strong> vive su propio proceso y que todos son v\u00e1lidos.<\/li>\n<\/ul>\n<p>\u201cLa <strong>lactancia<\/strong> no es el mismo camino para todas. Para algunas mam\u00e1s no es posible, ya sea por <strong>razones f\u00edsicas<\/strong>, <strong>emocionales<\/strong> o mentales, y eso est\u00e1 completamente bien. Nuestros cuerpos, nuestras mentes y nuestras circunstancias son diferentes, y nada de eso define el amor que sentimos por nuestros beb\u00e9s\u201d.<\/p>\n<p>Y a\u00f1adi\u00f3 que \u201calimentar a tu <strong>beb\u00e9<\/strong>, sea como sea que lo hagas, es un <strong>acto de amor<\/strong>. Ya sea amamantando, extrayendo leche, con f\u00f3rmula o una combinaci\u00f3n, est\u00e1s presente, est\u00e1s cuidando y <strong>eres suficiente<\/strong>\u201d.<\/p>\n<p>Con <strong>autenticidad<\/strong> y sensibilidad, <strong>Arlenis Sosa<\/strong> muestra que, m\u00e1s all\u00e1 de las pasarelas, est\u00e1 viviendo uno de los momentos m\u00e1s transformadores de su vida: el de convertirse en mam\u00e1.<\/p>\n<p><\/p>\n<h3 data-section-id=\"1t6ddxv\" data-start=\"1714\" data-end=\"1756\">De las pasarelas al rol m\u00e1s <strong>importante<\/strong><\/h3>\n<p>Antes de esta nueva faceta, <strong>Arlenis Sosa<\/strong> ya hab\u00eda construido una s\u00f3lida carrera en la industria de la moda. Ha sido portavoz de la casa parisina <strong>Lanc\u00f4me<\/strong> y form\u00f3 parte del ic\u00f3nico <strong>Victoria&#8217;s Secret<\/strong> Fashion Show en <strong>2008<\/strong>, para luego convertirse en <strong>modelo<\/strong> oficial de <strong>Victoria&#8217;s Secret<\/strong> en 2012.<\/p>\n<p>A lo largo de su trayectoria, ha desfilado para algunas de las casas de moda m\u00e1s prestigiosas del mundo, como <strong>Ralph Lauren<\/strong>, <strong>Michael Kors<\/strong>, Jean Paul Gaultier, Herm\u00e8s, Bottega Veneta y <strong>Carolina Herrera<\/strong>, entre muchos otros.<\/p>\n<p>Hoy, sin embargo, su <strong>enfoque<\/strong> est\u00e1 en casa, en su <strong>beb\u00e9<\/strong> y en descubrir \u2014paso a paso\u2014 lo que significa <strong>ser madre<\/strong>.<\/p>\n<div class=\"read-more mb-7\">    <span class=\"block mb-2\">Leer m\u00e1s<\/span>    <\/p>\n<ul class=\"glosa\">\n<li>\n<h3><a href=\"https:\/\/www.diariolibre.com\/revista\/farandula\/2026\/03\/29\/la-modelo-dominicana-arlenis-sosa-se-convierte-en-madre\/3485644?utm_source=relacionadas&amp;utm_medium=nota&amp;utm_campaign=relacionadas\" title=\"La supermodelo dominicana Arlenis Sosa se convierte en madre\">La supermodelo dominicana Arlenis Sosa se convierte en madre<\/a><\/h3>\n<\/li>\n<li>\n<h3><a href=\"https:\/\/www.diariolibre.com\/revista\/farandula\/2025\/10\/15\/supermodelo-dominicana-arlenis-sosa-anuncia-embarazo\/3278802?utm_source=relacionadas&amp;utm_medium=nota&amp;utm_campaign=relacionadas\" title=\"La supermodelo dominicana Arlenis Sosa anuncia que est\u00e1 embarazada\">La supermodelo dominicana Arlenis Sosa anuncia que est\u00e1 embarazada<\/a><\/h3>\n<\/li>\n<li>\n<h3><a href=\"https:\/\/www.diariolibre.com\/revista\/farandula\/2025\/02\/28\/arlenis-sosa-se-casa-en-punta-cana\/3016039?utm_source=relacionadas&amp;utm_medium=nota&amp;utm_campaign=relacionadas\" title=\"As\u00ed fue la boda de la supermodelo dominicana Arlenis Sosa en Punta Cana\">As\u00ed fue la boda de la supermodelo dominicana Arlenis Sosa en Punta Cana<\/a><\/h3>\n<\/li>\n<\/ul>\n<\/div>\n<p><\/p>\n<p>\u200bA un mes de convertirse en madre, Arlenis Sosa ha compartido con sus seguidores una mirada honesta y cercana sobre esta nueva etapa en su vida. La modelo, que dio la bienvenida a su primer hijo junto a su esposo, John McCarty, anunci\u00f3 c\u00f3mo est\u00e1 viviendo esta experiencia con un emotivo mensaje acompa\u00f1ado de una foto muy especial.Este momento llega tras un a\u00f1o especialmente significativo para la modelo. En febrero de 2025, Sosa contrajo matrimonio con McCarty en una \u00edntima ceremonia celebrada en Cap Cana, que ella misma describi\u00f3 como \u201cun d\u00eda lleno de amor, promesas y agradecimiento\u201d.\u201cNo siempre es f\u00e1cil, pero todo vale la pena\u201dEn su publicaci\u00f3n, Sosa habl\u00f3 sin filtros sobre la lactancia y los desaf\u00edos de la maternidad primeriza. \u201cAmamantar\u2026 ha sido una de las experiencias m\u00e1s gratificantes y humildes de mi vida\u201d, comparti\u00f3.        Ver esta publicaci\u00f3n en Instagram            Una publicaci\u00f3n compartida por Arlenis Sosa   (@arlenissosa) Tambi\u00e9n reconoci\u00f3 los momentos dif\u00edciles: el cansancio, las dudas y todo lo inesperado que llega con esta nueva responsabilidad. Aun as\u00ed, lo tiene claro: \u201cCada vez que puedo alimentar a mi beb\u00e9, me recuerda que todo vale la pena\u201d.La modelo destac\u00f3 adem\u00e1s el valor del acompa\u00f1amiento en este proceso: \u201cDe verdad, se necesita una comunidad\u201d, dijo, agradeciendo el apoyo de sus amigas cercanas.Maternidad sin juiciosEn su mensaje, la top model tambi\u00e9n dej\u00f3 espacio para una reflexi\u00f3n importante: no todas las maternidades son iguales.    \u201cAlimentar a tu beb\u00e9, sea como sea que lo hagas, es un acto de amor\u201d, expres\u00f3, enfatizando que cada madre vive su propio proceso y que todos son v\u00e1lidos.\u201cLa lactancia no es el mismo camino para todas. Para algunas mam\u00e1s no es posible, ya sea por razones f\u00edsicas, emocionales o mentales, y eso est\u00e1 completamente bien. Nuestros cuerpos, nuestras mentes y nuestras circunstancias son diferentes, y nada de eso define el amor que sentimos por nuestros beb\u00e9s\u201d.Y a\u00f1adi\u00f3 que \u201calimentar a tu beb\u00e9, sea como sea que lo hagas, es un acto de amor. Ya sea amamantando, extrayendo leche, con f\u00f3rmula o una combinaci\u00f3n, est\u00e1s presente, est\u00e1s cuidando y eres suficiente\u201d.Con autenticidad y sensibilidad, Arlenis Sosa muestra que, m\u00e1s all\u00e1 de las pasarelas, est\u00e1 viviendo uno de los momentos m\u00e1s transformadores de su vida: el de convertirse en mam\u00e1.De las pasarelas al rol m\u00e1s importanteAntes de esta nueva faceta, Arlenis Sosa ya hab\u00eda construido una s\u00f3lida carrera en la industria de la moda. Ha sido portavoz de la casa parisina Lanc\u00f4me y form\u00f3 parte del ic\u00f3nico Victoria&#8217;s Secret Fashion Show en 2008, para luego convertirse en modelo oficial de Victoria&#8217;s Secret en 2012.A lo largo de su trayectoria, ha desfilado para algunas de las casas de moda m\u00e1s prestigiosas del mundo, como Ralph Lauren, Michael Kors, Jean Paul Gaultier, Herm\u00e8s, Bottega Veneta y Carolina Herrera, entre muchos otros.Hoy, sin embargo, su enfoque est\u00e1 en casa, en su beb\u00e9 y en descubrir \u2014paso a paso\u2014 lo que significa ser madre.    Leer m\u00e1s                            La supermodelo dominicana Arlenis Sosa se convierte en madre                            La supermodelo dominicana Arlenis Sosa anuncia que est\u00e1 embarazada                            As\u00ed fue la boda de la supermodelo dominicana Arlenis Sosa en Punta Cana\u00a0\u00a0Revista, Moda, Diario Libre, Santo Domingo, maternidad, lactancia, Arlenis Sosa, Modelo Dominicana, top model dominicana\u00a0<\/p>\n","protected":false},"excerpt":{"rendered":"<p>A un mes de convertirse en madre, Arlenis Sosa ha compartido con sus seguidores una mirada honesta y cercana sobre esta nueva etapa en su vida. La modelo, que dio la bienvenida a su primer hijo junto a su esposo, John McCarty, anunci\u00f3 c\u00f3mo est\u00e1 viviendo esta experiencia con un emotivo mensaje acompa\u00f1ado de una [&hellip;]<\/p>\n","protected":false},"author":1,"featured_media":11803,"comment_status":"open","ping_status":"open","sticky":false,"template":"","format":"standard","meta":{"amp_status":"","footnotes":""},"categories":[9],"tags":[],"class_list":["post-12448","post","type-post","status-publish","format-standard","has-post-thumbnail","hentry","category-espectaculo"],"_links":{"self":[{"href":"https:\/\/ermdigital.com\/index.php?rest_route=\/wp\/v2\/posts\/12448","targetHints":{"allow":["GET"]}}],"collection":[{"href":"https:\/\/ermdigital.com\/index.php?rest_route=\/wp\/v2\/posts"}],"about":[{"href":"https:\/\/ermdigital.com\/index.php?rest_route=\/wp\/v2\/types\/post"}],"author":[{"embeddable":true,"href":"https:\/\/ermdigital.com\/index.php?rest_route=\/wp\/v2\/users\/1"}],"replies":[{"embeddable":true,"href":"https:\/\/ermdigital.com\/index.php?rest_route=%2Fwp%2Fv2%2Fcomments&post=12448"}],"version-history":[{"count":0,"href":"https:\/\/ermdigital.com\/index.php?rest_route=\/wp\/v2\/posts\/12448\/revisions"}],"wp:featuredmedia":[{"embeddable":true,"href":"https:\/\/ermdigital.com\/index.php?rest_route=\/wp\/v2\/media\/11803"}],"wp:attachment":[{"href":"https:\/\/ermdigital.com\/index.php?rest_route=%2Fwp%2Fv2%2Fmedia&parent=12448"}],"wp:term":[{"taxonomy":"category","embeddable":true,"href":"https:\/\/ermdigital.com\/index.php?rest_route=%2Fwp%2Fv2%2Fcategories&post=12448"},{"taxonomy":"post_tag","embeddable":true,"href":"https:\/\/ermdigital.com\/index.php?rest_route=%2Fwp%2Fv2%2Ftags&post=12448"}],"curies":[{"name":"wp","href":"https:\/\/api.w.org\/{rel}","templated":true}]}}