{"id":12187,"date":"2026-04-03T09:00:00","date_gmt":"2026-04-03T13:00:00","guid":{"rendered":"https:\/\/ermdigital.com\/index.php\/2026\/04\/03\/director-israeli-nadav-lapid-presenta-su-caotica-satira-yes\/"},"modified":"2026-04-03T09:00:00","modified_gmt":"2026-04-03T13:00:00","slug":"director-israeli-nadav-lapid-presenta-su-caotica-satira-yes","status":"publish","type":"post","link":"https:\/\/ermdigital.com\/?p=12187","title":{"rendered":"Director israel\u00ed Nadav Lapid presenta su ca\u00f3tica s\u00e1tira \"Yes\""},"content":{"rendered":"<p>Cuando el israel\u00ed <strong>Nadav Lapid<\/strong> se <strong>volc\u00f3 al cine<\/strong> lo hizo con la idea de <strong>cambiar el mundo<\/strong>. Pero tras su primera cinta en 2014, el director comprendi\u00f3 que las pel\u00edculas, en el mejor de los casos, no cambian la historia, la narran.<\/p>\n<p>Con su <strong>m\u00e1s reciente producci\u00f3n<\/strong>, que llega a algunos cines estadounidenses este viernes, el realizador se propuso otro objetivo: \"<strong>Espero que 'Yes' sacuda<\/strong> las almas\", dice.<\/p>\n<p>La <strong>ca\u00f3tica s\u00e1tira<\/strong>, que se estren\u00f3 el a\u00f1o pasado en Europa, sigue al <strong>m\u00fasico Y<\/strong> (Ariel Bronz) y a la <strong>bailarina Yasmin<\/strong> (Efrat Dor), una joven pareja en Tel Aviv que alterna entre animar fiestas salvajes de ricos por las noches y criar a su beb\u00e9 reci\u00e9n nacido de d\u00eda.<\/p>\n<p>\"<strong>Yes<\/strong>\" transcurre despu\u00e9s del 7 de octubre de 2023, cuando combatientes de Ham\u00e1s lanzaron un ataque sin precedentes contra Israel, que desencaden\u00f3 la <strong>guerra en Gaza<\/strong>.<\/p>\n<p><strong>Lapid<\/strong> comenz\u00f3 a escribir el <strong>gui\u00f3n<\/strong> antes del asalto a Israel. Y lo modific\u00f3 ligeramente tras la masacre.<\/p>\n<div class=\"social-embed mb-4\">\n<div class=\"placeholderYoutube\"><\/div>\n<\/div>\n<p>\"Las modificaciones no fueron grandes porque en la primera versi\u00f3n, el <strong>gui\u00f3n describ\u00eda<\/strong> a una <strong>sociedad al l\u00edmite<\/strong> del abismo moral, de su colapso, de la cat\u00e1strofe\", coment\u00f3 el cineasta de 50 a\u00f1os en entrevista con AFP en Los \u00c1ngeles.<\/p>\n<p>\"Y luego un evento tan extremo ocurre, y de alguna manera libera todo lo que estaba contenido (&#8230;) todas las ideas, las pasiones, las <strong>cosas terribles<\/strong>\".<\/p>\n<h2>Su propia realidad<\/h2>\n<p>Cr\u00edtico del gobierno de Israel, el realizador dijo comprender \"la <strong>gran ola anti-israel\u00ed<\/strong>\". \"Pero a la vez es muy f\u00e1cil proyectar todo contra Israel y convertirlo en una especie de gran demonio\", dijo.<\/p>\n<p>\"Esto a veces le facilita a la gente no <strong>mirarse<\/strong> en el <strong>espejo<\/strong>, no observarse a s\u00ed mismos, y a sus propias sociedades\".<\/p>\n<figure class=\"my-12 component infografia\">\n<div class=\"expand-img-placeholder\"><img loading=\"lazy\" decoding=\"async\" src=\"https:\/\/resources.diariolibre.com\/images\/expand.svg\" alt=\"Expandir imagen\" width=\"20\" height=\"20\"><span class=\"rutaimagenoriginal-placeholder\">https:\/\/resources.diariolibre.com\/images\/2026\/04\/03\/mv5bnjm2zjkzndetzjvhnc00ntq5lwe1n2mtnjrkyjbiognhywm0xkeyxkfqcgcv1-efa4a4a8.jpg<\/span><\/div>\n<p><img decoding=\"async\" loading=\"lazy\" src=\"https:\/\/resources.diariolibre.com\/images\/2026\/04\/03\/mv5bnjm2zjkzndetzjvhnc00ntq5lwe1n2mtnjrkyjbiognhywm0xkeyxkfqcgcv1-efa4a4a8.jpg\" width=\"auto\" height=\"350\" alt=\"Infograf\u00eda\" class=\"mx-auto\"><\/figure>\n<p>En todo caso, aclar\u00f3 que \"<strong>Yes<\/strong>\" no es sobre Israel, que funge apenas como un <strong>lugar para observar<\/strong> ese \"fuerte <strong>sentimiento de caos<\/strong>\" que \u00e9l palpa en el mundo.<\/p>\n<p>Y es por eso, el director cree, que las <strong>audiencias se conectan<\/strong> la <strong>pel\u00edcula<\/strong>.<\/p>\n<p>\"La asocian con su propia realidad\", y pueden encontrar similitudes con su representaci\u00f3n de la sociedad israel\u00ed en \"<strong>Yes<\/strong>\": \"<strong>adoradores del poder<\/strong> y el dinero, que desprecian el arte, la sensibilidad, la ternura, donde la gente de una manera no se comunica m\u00e1s, sino que hablan (&#8230;) como en frases de propaganda\".<\/p>\n<p>\"Una mezcla de vulgaridad, <strong>nacionalismo<\/strong> y <strong>autoritarismo<\/strong>\", resumi\u00f3.<\/p>\n<h2><strong>Danzando con el diablo<\/strong><\/h2>\n<p>Otra emoci\u00f3n que la cinta aborda es el miedo, que <strong>Lapid<\/strong> cree <strong>prevalece hoy<\/strong> en d\u00eda.<\/p>\n<p>\"La gente se <strong>despierta cada ma\u00f1ana<\/strong> en un mundo que mal puede comprender (&#8230;) donde la locura se vuelve normalidad diaria\", dijo.<\/p>\n<p>La reacci\u00f3n de su protagonista a este miedo \"es convencerse a s\u00ed mismo de que lo correcto es <strong>decir 's\u00ed'<\/strong> en vez de resistir\", coment\u00f3.<\/p>\n<p>\"<strong>Sumisi\u00f3n es felicidad<\/strong>\", le dice Y a su hijo mientras pasean por la apacible ciudad. Es algo humano, contextualiz\u00f3 el director.<\/p>\n<p>\"Todos <strong>queremos pertenecer<\/strong>, queremos <strong>amar y ser amados<\/strong>, creer que al final todo estar\u00e1 bien, queremos disfrutar la vida diaria\", agreg\u00f3 el realizador radicado en Francia. \"Pero <strong>poco a poco<\/strong>, te ves <strong>danzando con el diablo<\/strong>\".<\/p>\n<div class=\"read-more mb-7\">    <span class=\"block mb-2\">Leer m\u00e1s<\/span>    <\/p>\n<ul class=\"glosa\">\n<li>\n<h3><a href=\"https:\/\/www.diariolibre.com\/revista\/cine\/2026\/02\/25\/tricia-tuttle-y-la-berlinale-controversia-por-criticas-a-israel\/3449032?utm_source=relacionadas&amp;utm_medium=nota&amp;utm_campaign=relacionadas\" title=\"La Academia del Cine Europeo respalda a Tricia Tuttle tras cr\u00edticas en Berlinale\">La Academia del Cine Europeo respalda a Tricia Tuttle tras cr\u00edticas en Berlinale<\/a><\/h3>\n<\/li>\n<li>\n<h3><a href=\"https:\/\/www.diariolibre.com\/revista\/cine\/2026\/02\/17\/javier-bardem-critica-el-berlinale-por-su-silencio-sobre-gaza\/3440219?utm_source=relacionadas&amp;utm_medium=nota&amp;utm_campaign=relacionadas\" title=\"Bardem y otros artistas critican el Berlinale por su silencio sobre Gaza\">Bardem y otros artistas critican el Berlinale por su silencio sobre Gaza<\/a><\/h3>\n<\/li>\n<li>\n<h3><a href=\"https:\/\/www.diariolibre.com\/revista\/cine\/2025\/09\/08\/actores-y-directores-de-cine-anuncian-boicot-a-instituciones-israelies\/3237958?utm_source=relacionadas&amp;utm_medium=nota&amp;utm_campaign=relacionadas\" title=\"Cerca de 1,500 actores y directores de cine anuncian un boicot a instituciones israel\u00edes\">Cerca de 1,500 actores y directores de cine anuncian un boicot a instituciones israel\u00edes<\/a><\/h3>\n<\/li>\n<\/ul>\n<\/div>\n<p><\/p>\n<p>\u200bCuando el israel\u00ed Nadav Lapid se volc\u00f3 al cine lo hizo con la idea de cambiar el mundo. Pero tras su primera cinta en 2014, el director comprendi\u00f3 que las pel\u00edculas, en el mejor de los casos, no cambian la historia, la narran.Con su m\u00e1s reciente producci\u00f3n, que llega a algunos cines estadounidenses este viernes, el realizador se propuso otro objetivo: \"Espero que 'Yes' sacuda las almas\", dice.La ca\u00f3tica s\u00e1tira, que se estren\u00f3 el a\u00f1o pasado en Europa, sigue al m\u00fasico Y (Ariel Bronz) y a la bailarina Yasmin (Efrat Dor), una joven pareja en Tel Aviv que alterna entre animar fiestas salvajes de ricos por las noches y criar a su beb\u00e9 reci\u00e9n nacido de d\u00eda.\"Yes\" transcurre despu\u00e9s del 7 de octubre de 2023, cuando combatientes de Ham\u00e1s lanzaron un ataque sin precedentes contra Israel, que desencaden\u00f3 la guerra en Gaza.Lapid comenz\u00f3 a escribir el gui\u00f3n antes del asalto a Israel. Y lo modific\u00f3 ligeramente tras la masacre.\"Las modificaciones no fueron grandes porque en la primera versi\u00f3n, el gui\u00f3n describ\u00eda a una sociedad al l\u00edmite del abismo moral, de su colapso, de la cat\u00e1strofe\", coment\u00f3 el cineasta de 50 a\u00f1os en entrevista con AFP en Los \u00c1ngeles.\"Y luego un evento tan extremo ocurre, y de alguna manera libera todo lo que estaba contenido (&#8230;) todas las ideas, las pasiones, las cosas terribles\".Su propia realidadCr\u00edtico del gobierno de Israel, el realizador dijo comprender \"la gran ola anti-israel\u00ed\". \"Pero a la vez es muy f\u00e1cil proyectar todo contra Israel y convertirlo en una especie de gran demonio\", dijo.\"Esto a veces le facilita a la gente no mirarse en el espejo, no observarse a s\u00ed mismos, y a sus propias sociedades\".https:\/\/resources.diariolibre.com\/images\/2026\/04\/03\/mv5bnjm2zjkzndetzjvhnc00ntq5lwe1n2mtnjrkyjbiognhywm0xkeyxkfqcgcv1-efa4a4a8.jpgEn todo caso, aclar\u00f3 que \"Yes\" no es sobre Israel, que funge apenas como un lugar para observar ese \"fuerte sentimiento de caos\" que \u00e9l palpa en el mundo.Y es por eso, el director cree, que las audiencias se conectan la pel\u00edcula.\"La asocian con su propia realidad\", y pueden encontrar similitudes con su representaci\u00f3n de la sociedad israel\u00ed en \"Yes\": \"adoradores del poder y el dinero, que desprecian el arte, la sensibilidad, la ternura, donde la gente de una manera no se comunica m\u00e1s, sino que hablan (&#8230;) como en frases de propaganda\".\"Una mezcla de vulgaridad, nacionalismo y autoritarismo\", resumi\u00f3.Danzando con el diabloOtra emoci\u00f3n que la cinta aborda es el miedo, que Lapid cree prevalece hoy en d\u00eda.\"La gente se despierta cada ma\u00f1ana en un mundo que mal puede comprender (&#8230;) donde la locura se vuelve normalidad diaria\", dijo.La reacci\u00f3n de su protagonista a este miedo \"es convencerse a s\u00ed mismo de que lo correcto es decir 's\u00ed' en vez de resistir\", coment\u00f3.\"Sumisi\u00f3n es felicidad\", le dice Y a su hijo mientras pasean por la apacible ciudad. Es algo humano, contextualiz\u00f3 el director.\"Todos queremos pertenecer, queremos amar y ser amados, creer que al final todo estar\u00e1 bien, queremos disfrutar la vida diaria\", agreg\u00f3 el realizador radicado en Francia. \"Pero poco a poco, te ves danzando con el diablo\".    Leer m\u00e1s                            La Academia del Cine Europeo respalda a Tricia Tuttle tras cr\u00edticas en Berlinale                            Bardem y otros artistas critican el Berlinale por su silencio sobre Gaza                            Cerca de 1,500 actores y directores de cine anuncian un boicot a instituciones israel\u00edes\u00a0\u00a0Revista, Cine, AFP, Los \u00c1ngeles, Pel\u00edcula, Yes, Nadav Lapid, cine israel\u00ed\u00a0<\/p>\n","protected":false},"excerpt":{"rendered":"<p>Cuando el israel\u00ed Nadav Lapid se volc\u00f3 al cine lo hizo con la idea de cambiar el mundo. Pero tras su primera cinta en 2014, el director comprendi\u00f3 que las pel\u00edculas, en el mejor de los casos, no cambian la historia, la narran. Con su m\u00e1s reciente producci\u00f3n, que llega a algunos cines estadounidenses este [&hellip;]<\/p>\n","protected":false},"author":1,"featured_media":11734,"comment_status":"open","ping_status":"open","sticky":false,"template":"","format":"standard","meta":{"amp_status":"","footnotes":""},"categories":[9],"tags":[],"class_list":["post-12187","post","type-post","status-publish","format-standard","has-post-thumbnail","hentry","category-espectaculo"],"_links":{"self":[{"href":"https:\/\/ermdigital.com\/index.php?rest_route=\/wp\/v2\/posts\/12187","targetHints":{"allow":["GET"]}}],"collection":[{"href":"https:\/\/ermdigital.com\/index.php?rest_route=\/wp\/v2\/posts"}],"about":[{"href":"https:\/\/ermdigital.com\/index.php?rest_route=\/wp\/v2\/types\/post"}],"author":[{"embeddable":true,"href":"https:\/\/ermdigital.com\/index.php?rest_route=\/wp\/v2\/users\/1"}],"replies":[{"embeddable":true,"href":"https:\/\/ermdigital.com\/index.php?rest_route=%2Fwp%2Fv2%2Fcomments&post=12187"}],"version-history":[{"count":0,"href":"https:\/\/ermdigital.com\/index.php?rest_route=\/wp\/v2\/posts\/12187\/revisions"}],"wp:featuredmedia":[{"embeddable":true,"href":"https:\/\/ermdigital.com\/index.php?rest_route=\/wp\/v2\/media\/11734"}],"wp:attachment":[{"href":"https:\/\/ermdigital.com\/index.php?rest_route=%2Fwp%2Fv2%2Fmedia&parent=12187"}],"wp:term":[{"taxonomy":"category","embeddable":true,"href":"https:\/\/ermdigital.com\/index.php?rest_route=%2Fwp%2Fv2%2Fcategories&post=12187"},{"taxonomy":"post_tag","embeddable":true,"href":"https:\/\/ermdigital.com\/index.php?rest_route=%2Fwp%2Fv2%2Ftags&post=12187"}],"curies":[{"name":"wp","href":"https:\/\/api.w.org\/{rel}","templated":true}]}}