{"id":11963,"date":"2026-04-03T08:26:00","date_gmt":"2026-04-03T12:26:00","guid":{"rendered":"https:\/\/ermdigital.com\/index.php\/2026\/04\/03\/meryl-streep-protagonizara-serie-de-tv-the-corrections-en-netflix\/"},"modified":"2026-04-03T08:26:00","modified_gmt":"2026-04-03T12:26:00","slug":"meryl-streep-protagonizara-serie-de-tv-the-corrections-en-netflix","status":"publish","type":"post","link":"https:\/\/ermdigital.com\/?p=11963","title":{"rendered":"Meryl Streep protagonizar\u00e1 serie de TV \u201cThe Corrections\u201d en Netflix"},"content":{"rendered":"<p><strong>Meryl Streep<\/strong> <strong>protagonizar\u00e1<\/strong> una miniserie basada en la novela de <strong>Jonathan Franzen<\/strong> '<strong>The Corrections<\/strong>', inform\u00f3 este jueves la plataforma de contenidos <strong>Netflix<\/strong>.<\/p>\n<p>El proyecto ser\u00e1 producido por <strong>Paramount Television Studios<\/strong>, estar\u00e1 <strong>dirigido por Cord Jefferson<\/strong> (&#8217;Watchmen') y <strong>escrito por Franzen<\/strong>, quien a su vez ser\u00e1 productor ejecutivo junto a <strong>Streep<\/strong>.<\/p>\n<h2>La trama<\/h2>\n<p>La <strong>novela de Franzen<\/strong> de <strong>2001<\/strong>, n\u00famero uno en la lista de los m\u00e1s vendidos del New York Times, sigue a Enid, Alfred y sus hijos, Gary, Chip y Denise, durante una reuni\u00f3n navide\u00f1a particularmente tensa.<\/p>\n<figure class=\"my-12 component infografia\">\n<div class=\"expand-img-placeholder\"><img loading=\"lazy\" decoding=\"async\" src=\"https:\/\/resources.diariolibre.com\/images\/expand.svg\" alt=\"Expandir imagen\" width=\"20\" height=\"20\"><span class=\"rutaimagenoriginal-placeholder\">https:\/\/resources.diariolibre.com\/images\/2026\/04\/03\/23a4b82c-f294-4bc1-8783-974cfc31123f2614x3145-78e961b0.jpg<\/span><\/div>\n<p><img decoding=\"async\" loading=\"lazy\" src=\"https:\/\/resources.diariolibre.com\/images\/2026\/04\/03\/23a4b82c-f294-4bc1-8783-974cfc31123f2614x3145-78e961b0.jpg\" width=\"auto\" height=\"350\" alt=\"Infograf\u00eda\" class=\"mx-auto\"><\/figure>\n<p>Aclamada como \"fascinante\" por People y \"brillante\" por The New York Observer, la novela recibi\u00f3 el <strong>Premio Nacional del Libro<\/strong> en <strong>2001<\/strong>. <\/p>\n<p> \"Un libro que combina <strong>furia y humor<\/strong> a partes iguales, que examina con objetividad nuestra cultura, nuestros dolores e inseguridades, a la vez que ofrece la esperanza de que, al menos ocasionalmente, podamos alcanzar alg\u00fan tipo de entendimiento\", escribi\u00f3 Publishers Weekly. \"Esta es, sencillamente, una <strong>obra maestra<\/strong>\".<\/p>\n<ul>\n<li>\"<strong>The Corrections<\/strong> es un retrato c\u00f3mico y mordaz de una <strong>familia del Medio Oeste<\/strong> cuyos tres hermanos adultos, sin rumbo fijo, se resisten desesperadamente al deseo de su madre de pasar una <strong>\u00faltima Navidad juntos<\/strong>, cada uno de ellos deshecho por las ambiciones ilusorias que supuestamente deb\u00edan salvarlos de convertirse en sus padres\", se\u00f1al\u00f3 el comunicado publicado en Tudum, el sitio web de <strong>Netflix<\/strong>.<\/li>\n<\/ul>\n<p><strong>Streep<\/strong> <strong>interpretar\u00e1 a Enid<\/strong>, una mujer que tiene que lidiar con la <strong>demencia de su esposo<\/strong> Alfred y la depresi\u00f3n y problem\u00e1ticas por las que atraviesan sus hijos.<\/p>\n<p>Hasta el momento la actriz tres veces ganadora del \u00d3scar es la <strong>\u00fanica confirmada<\/strong> en el <strong>elenco<\/strong>.<\/p>\n<p>Actualmente <strong>Streep<\/strong> se encuentra trabajando en el <strong>tour de medios<\/strong> de la pel\u00edcula '<strong>The Devil Wears Prada 2<\/strong>', en la que da vida a la ic\u00f3nica Miranda Priestly, y que llegar\u00e1 a las salas de cine el 1 de mayo.<\/p>\n<div class=\"read-more mb-7\">    <span class=\"block mb-2\">Leer m\u00e1s<\/span>    <\/p>\n<ul class=\"glosa\">\n<li>\n<h3><a href=\"https:\/\/www.diariolibre.com\/revista\/cine\/2026\/04\/02\/claudia-sheinbaum-valora-palabras-reconocimiento-de-meryl-streep\/3489992?utm_source=relacionadas&amp;utm_medium=nota&amp;utm_campaign=relacionadas\" title=\"Sheinbaum agradece a la actriz Meryl Streep las palabras de reconocimiento a su figura\">Sheinbaum agradece a la actriz Meryl Streep las palabras de \"reconocimiento\" a su figura<\/a><\/h3>\n<\/li>\n<li>\n<h3><a href=\"https:\/\/www.diariolibre.com\/revista\/cine\/2026\/03\/31\/meryl-streep-y-anne-hathaway-deslumbran-the-devil-wears-prada\/3487099?utm_source=relacionadas&amp;utm_medium=nota&amp;utm_campaign=relacionadas\" title=\"Meryl Streep y Anne Hathaway deslumbran en estreno de The Devil Wears Prada en M\u00e9xico\">Meryl Streep y Anne Hathaway deslumbran en estreno de \"The Devil Wears Prada\" en M\u00e9xico<\/a><\/h3>\n<\/li>\n<li>\n<h3><a href=\"https:\/\/www.diariolibre.com\/revista\/cine\/2024\/06\/22\/meryl-streep-una-leyenda-versatil\/2762934?utm_source=relacionadas&amp;utm_medium=nota&amp;utm_campaign=relacionadas\" title=\"Meryl Streep, la versatilidad de una leyenda\">Meryl Streep, la versatilidad de una leyenda<\/a><\/h3>\n<\/li>\n<\/ul>\n<\/div>\n<p>\u200bMeryl Streep protagonizar\u00e1 una miniserie basada en la novela de Jonathan Franzen 'The Corrections', inform\u00f3 este jueves la plataforma de contenidos Netflix.El proyecto ser\u00e1 producido por Paramount Television Studios, estar\u00e1 dirigido por Cord Jefferson (&#8217;Watchmen') y escrito por Franzen, quien a su vez ser\u00e1 productor ejecutivo junto a Streep.La tramaLa novela de Franzen de 2001, n\u00famero uno en la lista de los m\u00e1s vendidos del New York Times, sigue a Enid, Alfred y sus hijos, Gary, Chip y Denise, durante una reuni\u00f3n navide\u00f1a particularmente tensa.https:\/\/resources.diariolibre.com\/images\/2026\/04\/03\/23a4b82c-f294-4bc1-8783-974cfc31123f2614x3145-78e961b0.jpgAclamada como \"fascinante\" por People y \"brillante\" por The New York Observer, la novela recibi\u00f3 el Premio Nacional del Libro en 2001.  \"Un libro que combina furia y humor a partes iguales, que examina con objetividad nuestra cultura, nuestros dolores e inseguridades, a la vez que ofrece la esperanza de que, al menos ocasionalmente, podamos alcanzar alg\u00fan tipo de entendimiento\", escribi\u00f3 Publishers Weekly. \"Esta es, sencillamente, una obra maestra\".    \"The Corrections es un retrato c\u00f3mico y mordaz de una familia del Medio Oeste cuyos tres hermanos adultos, sin rumbo fijo, se resisten desesperadamente al deseo de su madre de pasar una \u00faltima Navidad juntos, cada uno de ellos deshecho por las ambiciones ilusorias que supuestamente deb\u00edan salvarlos de convertirse en sus padres\", se\u00f1al\u00f3 el comunicado publicado en Tudum, el sitio web de Netflix.Streep interpretar\u00e1 a Enid, una mujer que tiene que lidiar con la demencia de su esposo Alfred y la depresi\u00f3n y problem\u00e1ticas por las que atraviesan sus hijos.Hasta el momento la actriz tres veces ganadora del \u00d3scar es la \u00fanica confirmada en el elenco.Actualmente Streep se encuentra trabajando en el tour de medios de la pel\u00edcula 'The Devil Wears Prada 2&#8242;, en la que da vida a la ic\u00f3nica Miranda Priestly, y que llegar\u00e1 a las salas de cine el 1 de mayo.    Leer m\u00e1s                            Sheinbaum agradece a la actriz Meryl Streep las palabras de \"reconocimiento\" a su figura                            Meryl Streep y Anne Hathaway deslumbran en estreno de \"The Devil Wears Prada\" en M\u00e9xico                            Meryl Streep, la versatilidad de una leyenda\u00a0\u00a0Revista, Cultura, EFE, Los \u00c1ngeles, Netflix, Meryl Streep, Serie de televisi\u00f3n, The Corrections, Jonathan Franzen\u00a0<\/p>\n","protected":false},"excerpt":{"rendered":"<p>Meryl Streep protagonizar\u00e1 una miniserie basada en la novela de Jonathan Franzen 'The Corrections', inform\u00f3 este jueves la plataforma de contenidos Netflix. El proyecto ser\u00e1 producido por Paramount Television Studios, estar\u00e1 dirigido por Cord Jefferson (&#8217;Watchmen') y escrito por Franzen, quien a su vez ser\u00e1 productor ejecutivo junto a Streep. La trama La novela de [&hellip;]<\/p>\n","protected":false},"author":1,"featured_media":11736,"comment_status":"open","ping_status":"open","sticky":false,"template":"","format":"standard","meta":{"amp_status":"","footnotes":""},"categories":[9],"tags":[],"class_list":["post-11963","post","type-post","status-publish","format-standard","has-post-thumbnail","hentry","category-espectaculo"],"_links":{"self":[{"href":"https:\/\/ermdigital.com\/index.php?rest_route=\/wp\/v2\/posts\/11963","targetHints":{"allow":["GET"]}}],"collection":[{"href":"https:\/\/ermdigital.com\/index.php?rest_route=\/wp\/v2\/posts"}],"about":[{"href":"https:\/\/ermdigital.com\/index.php?rest_route=\/wp\/v2\/types\/post"}],"author":[{"embeddable":true,"href":"https:\/\/ermdigital.com\/index.php?rest_route=\/wp\/v2\/users\/1"}],"replies":[{"embeddable":true,"href":"https:\/\/ermdigital.com\/index.php?rest_route=%2Fwp%2Fv2%2Fcomments&post=11963"}],"version-history":[{"count":0,"href":"https:\/\/ermdigital.com\/index.php?rest_route=\/wp\/v2\/posts\/11963\/revisions"}],"wp:featuredmedia":[{"embeddable":true,"href":"https:\/\/ermdigital.com\/index.php?rest_route=\/wp\/v2\/media\/11736"}],"wp:attachment":[{"href":"https:\/\/ermdigital.com\/index.php?rest_route=%2Fwp%2Fv2%2Fmedia&parent=11963"}],"wp:term":[{"taxonomy":"category","embeddable":true,"href":"https:\/\/ermdigital.com\/index.php?rest_route=%2Fwp%2Fv2%2Fcategories&post=11963"},{"taxonomy":"post_tag","embeddable":true,"href":"https:\/\/ermdigital.com\/index.php?rest_route=%2Fwp%2Fv2%2Ftags&post=11963"}],"curies":[{"name":"wp","href":"https:\/\/api.w.org\/{rel}","templated":true}]}}