{"id":11856,"date":"2026-04-03T06:45:00","date_gmt":"2026-04-03T10:45:00","guid":{"rendered":"https:\/\/ermdigital.com\/index.php\/2026\/04\/03\/recomendaciones-clave-para-ver-a-christian-nodal-en-chavon\/"},"modified":"2026-04-03T06:45:00","modified_gmt":"2026-04-03T10:45:00","slug":"recomendaciones-clave-para-ver-a-christian-nodal-en-chavon","status":"publish","type":"post","link":"https:\/\/ermdigital.com\/?p=11856","title":{"rendered":"Recomendaciones clave para ver a Christian Nodal en Chav\u00f3n"},"content":{"rendered":"<p>A solo un d\u00eda del esperado <strong>concierto<\/strong> del artista mexicano <strong>Christian Nodal<\/strong> en el anfiteatro de <strong>Altos de Chav\u00f3n<\/strong>, fueron dados a conocer detalles clave sobre los <strong>accesos<\/strong>, el ingreso del p\u00fablico y las <strong>recomendaciones<\/strong> log\u00edsticas para garantizar una experiencia organizada y segura.<\/p>\n<p>El espect\u00e1culo, correspondiente a la gira \u201c<strong>Pa\u2019l Cora Tour<\/strong>\u201d, ser\u00e1 presentado este <strong>S\u00e1bado Santo<\/strong> como parte de la tradicional programaci\u00f3n de <strong>Semana Santa<\/strong> en <strong>Casa de Campo<\/strong>.<\/p>\n<p>Durante la velada,\u00a0Nodal\u00a0subir\u00e1 al escenario <strong>acompa\u00f1ado de su banda<\/strong> y ofrecer\u00e1 un\u00a0recorrido\u00a0por los \u00e9xitos m\u00e1s emblem\u00e1ticos de su carrera, incluyendo\u00a0<em>Dime C\u00f3mo Quieres, Ya no somos ni seremos, Adi\u00f3s amor, Botella tras botella, De los besos que te di, No te contaron mal y Probablemente<\/em>, entre otros temas que han conquistado a millones de seguidores en toda Latinoam\u00e9rica.<\/p>\n<p>De acuerdo con la producci\u00f3n del evento, a cargo de <strong>Gamal Hach\u00e9<\/strong> junto a <strong>CMN Events<\/strong>, la entrada por la <strong>puerta K4<\/strong> (Entrada de Contratistas de <strong>Casa de Campo<\/strong>) estar\u00e1 habilitada exclusivamente para las personas que asistan desde fuera del complejo \u00fanicamente para el <strong>concierto<\/strong>.<\/p>\n<ul>\n<li>En ese sentido, se recomienda a este p\u00fablico desviarse por la <strong>carretera La Romana\u2013Hig\u00fcey<\/strong>, a fin de facilitar un acceso m\u00e1s \u00e1gil y directo al recinto.<\/li>\n<\/ul>\n<h2>Seguridad y <strong>accesos<\/strong><\/h2>\n<p>Asimismo, la producci\u00f3n exhorta a todos los asistentes a llegar con su <strong>boleto en mano<\/strong> desde el <strong>primer punto<\/strong> de chequeo, ya que este ser\u00e1 requerido para el <strong>proceso de validaci\u00f3n<\/strong> inicial antes de ingresar al \u00e1rea del anfiteatro.<\/p>\n<div class=\"my-12 component gallery relative small-slider\">\n<div class=\"slider-container\">\n<figure class=\"slider-item\">\n<div class=\"expand-img-placeholder\"><img loading=\"lazy\" decoding=\"async\" src=\"https:\/\/resources.diariolibre.com\/images\/expand.svg\" alt=\"Expandir imagen\" width=\"20\" height=\"20\"><span class=\"rutaimagenoriginal-placeholder\">https:\/\/resources.diariolibre.com\/images\/2026\/04\/03\/b985a7d4-5ec1-4c81-9f18-90122c3bfac8-6dd30e66.jpg<\/span><\/div>\n<p><img decoding=\"async\" src=\"https:\/\/resources.diariolibre.com\/images\/2026\/04\/03\/b985a7d4-5ec1-4c81-9f18-90122c3bfac8-6dd30e66.jpg\" width=\"100%\" alt=\"Infograf\u00eda\" class=\"w-full object-cover\"><figcaption><\/figcaption><\/figure>\n<figure class=\"slider-item\">\n<div class=\"expand-img-placeholder\"><img loading=\"lazy\" decoding=\"async\" src=\"https:\/\/resources.diariolibre.com\/images\/expand.svg\" alt=\"Expandir imagen\" width=\"20\" height=\"20\"><span class=\"rutaimagenoriginal-placeholder\">https:\/\/resources.diariolibre.com\/images\/2026\/04\/03\/3c2b7b33-2ba0-4e60-bd0c-ccede8ca180c-100efa9b.jpg<\/span><\/div>\n<p><img decoding=\"async\" src=\"https:\/\/resources.diariolibre.com\/images\/2026\/04\/03\/3c2b7b33-2ba0-4e60-bd0c-ccede8ca180c-100efa9b.jpg\" width=\"100%\" alt=\"Infograf\u00eda\" class=\"w-full object-cover\"><figcaption><\/figcaption><\/figure>\n<figure class=\"slider-item\">\n<div class=\"expand-img-placeholder\"><img loading=\"lazy\" decoding=\"async\" src=\"https:\/\/resources.diariolibre.com\/images\/expand.svg\" alt=\"Expandir imagen\" width=\"20\" height=\"20\"><span class=\"rutaimagenoriginal-placeholder\">https:\/\/resources.diariolibre.com\/images\/2026\/04\/03\/95624d7a-8050-4ce9-bc07-c50f9801c74f-9dc6d4ec.jpg<\/span><\/div>\n<p><img decoding=\"async\" src=\"https:\/\/resources.diariolibre.com\/images\/2026\/04\/03\/95624d7a-8050-4ce9-bc07-c50f9801c74f-9dc6d4ec.jpg\" width=\"100%\" alt=\"Infograf\u00eda\" class=\"w-full object-cover\"><figcaption><\/figcaption><\/figure>\n<\/p><\/div>\n<div class=\"slider-arrows\">\n<div class=\"slider-arrow prev\">\u2039<\/div>\n<div class=\"slider-arrow next\">\u203a<\/div>\n<\/p><\/div>\n<ul class=\"slider-dots\"><\/ul>\n<\/div>\n<p>Por otro lado, los <strong>residentes<\/strong> y visitantes que ya se encuentren dentro de <strong>Casa de Campo<\/strong> podr\u00e1n utilizar sus <strong>accesos habituales<\/strong>, conforme a los protocolos establecidos por el complejo.<\/p>\n<p>El evento contar\u00e1 con un amplio <strong>dispositivo de seguridad<\/strong> y <strong>control de accesos<\/strong>, por lo que los organizadores sugieren llegar con suficiente antelaci\u00f3n, seguir las indicaciones del personal autorizado y tomar las previsiones necesarias para evitar contratiempos.<\/p>\n<p>La presentaci\u00f3n cuenta con el respaldo de importantes marcas patrocinadoras, como <strong>Banreservas<\/strong>, <strong>Brugal<\/strong>, <strong>Visa<\/strong>, Don Julio Tequila y Heineken, que se suman a la realizaci\u00f3n de este espect\u00e1culo de alto nivel.<\/p>\n<div class=\"read-more mb-7\">    <span class=\"block mb-2\">Leer m\u00e1s<\/span>    <\/p>\n<ul class=\"glosa\">\n<li>\n<h3><a href=\"https:\/\/www.diariolibre.com\/revista\/musica\/2026\/04\/02\/pal-cora-tour-de-christian-nodal-llega-a-la-romana\/3489240?utm_source=relacionadas&amp;utm_medium=nota&amp;utm_campaign=relacionadas\" title=\"Christian Nodal llega este s\u00e1bado a Altos de Chav\u00f3n\">Christian Nodal llega este s\u00e1bado a Altos de Chav\u00f3n<\/a><\/h3>\n<\/li>\n<li>\n<h3><a href=\"https:\/\/www.diariolibre.com\/revista\/musica\/2025\/09\/19\/christian-nodal-valora-la-nominacion-al-latin-grammy-con-nuevo-album\/3251245?utm_source=relacionadas&amp;utm_medium=nota&amp;utm_campaign=relacionadas\" title=\"Christian Nodal valora la nominaci\u00f3n al Latin Grammy con un \u00e1lbum al que puso mucho amor\">Christian Nodal valora la nominaci\u00f3n al Latin Grammy con un \u00e1lbum al que puso \"mucho amor\"<\/a><\/h3>\n<\/li>\n<\/ul>\n<\/div>\n<p><\/p>\n<p>\u200bA solo un d\u00eda del esperado concierto del artista mexicano Christian Nodal en el anfiteatro de Altos de Chav\u00f3n, fueron dados a conocer detalles clave sobre los accesos, el ingreso del p\u00fablico y las recomendaciones log\u00edsticas para garantizar una experiencia organizada y segura.El espect\u00e1culo, correspondiente a la gira \u201cPa\u2019l Cora Tour\u201d, ser\u00e1 presentado este S\u00e1bado Santo como parte de la tradicional programaci\u00f3n de Semana Santa en Casa de Campo.Durante la velada,\u00a0Nodal\u00a0subir\u00e1 al escenario acompa\u00f1ado de su banda y ofrecer\u00e1 un\u00a0recorrido\u00a0por los \u00e9xitos m\u00e1s emblem\u00e1ticos de su carrera, incluyendo\u00a0Dime C\u00f3mo Quieres, Ya no somos ni seremos, Adi\u00f3s amor, Botella tras botella, De los besos que te di, No te contaron mal y Probablemente, entre otros temas que han conquistado a millones de seguidores en toda Latinoam\u00e9rica.De acuerdo con la producci\u00f3n del evento, a cargo de Gamal Hach\u00e9 junto a CMN Events, la entrada por la puerta K4 (Entrada de Contratistas de Casa de Campo) estar\u00e1 habilitada exclusivamente para las personas que asistan desde fuera del complejo \u00fanicamente para el concierto.    En ese sentido, se recomienda a este p\u00fablico desviarse por la carretera La Romana\u2013Hig\u00fcey, a fin de facilitar un acceso m\u00e1s \u00e1gil y directo al recinto.Seguridad y accesosAsimismo, la producci\u00f3n exhorta a todos los asistentes a llegar con su boleto en mano desde el primer punto de chequeo, ya que este ser\u00e1 requerido para el proceso de validaci\u00f3n inicial antes de ingresar al \u00e1rea del anfiteatro.            https:\/\/resources.diariolibre.com\/images\/2026\/04\/03\/b985a7d4-5ec1-4c81-9f18-90122c3bfac8-6dd30e66.jpghttps:\/\/resources.diariolibre.com\/images\/2026\/04\/03\/3c2b7b33-2ba0-4e60-bd0c-ccede8ca180c-100efa9b.jpghttps:\/\/resources.diariolibre.com\/images\/2026\/04\/03\/95624d7a-8050-4ce9-bc07-c50f9801c74f-9dc6d4ec.jpg                \u2039        \u203a        Por otro lado, los residentes y visitantes que ya se encuentren dentro de Casa de Campo podr\u00e1n utilizar sus accesos habituales, conforme a los protocolos establecidos por el complejo.El evento contar\u00e1 con un amplio dispositivo de seguridad y control de accesos, por lo que los organizadores sugieren llegar con suficiente antelaci\u00f3n, seguir las indicaciones del personal autorizado y tomar las previsiones necesarias para evitar contratiempos.La presentaci\u00f3n cuenta con el respaldo de importantes marcas patrocinadoras, como Banreservas, Brugal, Visa, Don Julio Tequila y Heineken, que se suman a la realizaci\u00f3n de este espect\u00e1culo de alto nivel.    Leer m\u00e1s                            Christian Nodal llega este s\u00e1bado a Altos de Chav\u00f3n                            Christian Nodal valora la nominaci\u00f3n al Latin Grammy con un \u00e1lbum al que puso \"mucho amor\"\u00a0\u00a0Revista, M\u00fasica, Diario Libre, La Romana, Concierto, Altos de Chav\u00f3n, Recomendaciones, Christian Nodal, Accesos\u00a0<\/p>\n","protected":false},"excerpt":{"rendered":"<p>A solo un d\u00eda del esperado concierto del artista mexicano Christian Nodal en el anfiteatro de Altos de Chav\u00f3n, fueron dados a conocer detalles clave sobre los accesos, el ingreso del p\u00fablico y las recomendaciones log\u00edsticas para garantizar una experiencia organizada y segura. El espect\u00e1culo, correspondiente a la gira \u201cPa\u2019l Cora Tour\u201d, ser\u00e1 presentado este [&hellip;]<\/p>\n","protected":false},"author":1,"featured_media":11675,"comment_status":"open","ping_status":"open","sticky":false,"template":"","format":"standard","meta":{"amp_status":"","footnotes":""},"categories":[9],"tags":[],"class_list":["post-11856","post","type-post","status-publish","format-standard","has-post-thumbnail","hentry","category-espectaculo"],"_links":{"self":[{"href":"https:\/\/ermdigital.com\/index.php?rest_route=\/wp\/v2\/posts\/11856","targetHints":{"allow":["GET"]}}],"collection":[{"href":"https:\/\/ermdigital.com\/index.php?rest_route=\/wp\/v2\/posts"}],"about":[{"href":"https:\/\/ermdigital.com\/index.php?rest_route=\/wp\/v2\/types\/post"}],"author":[{"embeddable":true,"href":"https:\/\/ermdigital.com\/index.php?rest_route=\/wp\/v2\/users\/1"}],"replies":[{"embeddable":true,"href":"https:\/\/ermdigital.com\/index.php?rest_route=%2Fwp%2Fv2%2Fcomments&post=11856"}],"version-history":[{"count":0,"href":"https:\/\/ermdigital.com\/index.php?rest_route=\/wp\/v2\/posts\/11856\/revisions"}],"wp:featuredmedia":[{"embeddable":true,"href":"https:\/\/ermdigital.com\/index.php?rest_route=\/wp\/v2\/media\/11675"}],"wp:attachment":[{"href":"https:\/\/ermdigital.com\/index.php?rest_route=%2Fwp%2Fv2%2Fmedia&parent=11856"}],"wp:term":[{"taxonomy":"category","embeddable":true,"href":"https:\/\/ermdigital.com\/index.php?rest_route=%2Fwp%2Fv2%2Fcategories&post=11856"},{"taxonomy":"post_tag","embeddable":true,"href":"https:\/\/ermdigital.com\/index.php?rest_route=%2Fwp%2Fv2%2Ftags&post=11856"}],"curies":[{"name":"wp","href":"https:\/\/api.w.org\/{rel}","templated":true}]}}